{"id":8518,"date":"2024-04-24T18:37:57","date_gmt":"2024-04-24T21:37:57","guid":{"rendered":"https:\/\/www.sportchaco.com.ar\/?p=8518"},"modified":"2024-04-24T18:37:57","modified_gmt":"2024-04-24T21:37:57","slug":"la-federacion-chaquena-de-futbol-renovo-autoridades","status":"publish","type":"post","link":"https:\/\/www.sportchaco.com.ar\/?p=8518","title":{"rendered":"La Federaci\u00f3n Chaque\u00f1a de F\u00fatbol renov\u00f3 autoridades"},"content":{"rendered":"<p><strong>24-04-2024<\/strong><\/p>\n<p><img loading=\"lazy\" decoding=\"async\" class=\"size-medium wp-image-8369 aligncenter\" src=\"https:\/\/www.sportchaco.com.ar\/wp-content\/uploads\/2024\/04\/gob-obras-marzo-apaisado-1-300x29.gif\" alt=\"\" width=\"300\" height=\"29\" srcset=\"https:\/\/www.sportchaco.com.ar\/wp-content\/uploads\/2024\/04\/gob-obras-marzo-apaisado-1-300x29.gif 300w, https:\/\/www.sportchaco.com.ar\/wp-content\/uploads\/2024\/04\/gob-obras-marzo-apaisado-1-768x74.gif 768w\" sizes=\"auto, (max-width: 300px) 100vw, 300px\" \/><\/p>\n<p>Despu\u00e9s de mucho esperar, el pasado s\u00e1bado se llev\u00f3 adelante la Asamblea general ordinaria de la Federaci\u00f3n Chaque\u00f1a de F\u00fatbol, que cont\u00f3 con la Comisi\u00f3n Directiva saliente, en la misma se presentaron el balance de los dos a\u00f1os de gesti\u00f3n, que fue aprobado y, adem\u00e1s, fue presentada la nueva dirigencia que estar\u00e1 a cargo por los pr\u00f3ximos dos a\u00f1os. Esta estar\u00e1 encabezada por el nuevo presidente Rafael Canteros Vals de la Liga de Quitilipi.<\/p>\n<p>Dicha Asamblea cont\u00f3 con siete representantes de la ocho ligas que compone la Federaci\u00f3n, el \u00fanico ausente fue el representante de la Liga Chaque\u00f1a de F\u00fatbol.<\/p>\n<p>Canteros Vals, viene de ser el titular de la Liga Quitilipense y tambi\u00e9n fue representante de la Federaci\u00f3n en el Concejo Federal de AFA.<\/p>\n<p>El flamante presidente manifest\u00f3 que uno de sus primeros objetivos es poder concretar la construcci\u00f3n de la sede propia en la cuidad de Machagai, que qued\u00f3 pendiente, adem\u00e1s tiene previsto reunirse con el presidente del Instituto de Deporte de la provincia, el profesor Fabio V\u00e1zquez, en busca de apoyo para los torneos provinciales que se avecinan.<\/p>\n<p><em><strong>La Comisi\u00f3n Directiva qued\u00f3 conformada de la siguiente manera:<\/strong><\/em><br \/>\n<strong>Presidente:<\/strong> Rafael Canteros Valls (Liga Quitilipense)<br \/>\n<strong>Vicepresidente:<\/strong> Ren\u00e9 Ben\u00edtez (Liga Regional)<br \/>\n<strong>Secretario:<\/strong> Jos\u00e9 Alarc\u00f3n (Liga Quitilipense)<br \/>\n<strong>Adjunto:<\/strong> Carlos Pereyra (Liga Saenzpe\u00f1ense)<br \/>\n<strong>Tesorero:<\/strong> Leandro Aselle (Liga Quitilipense)<br \/>\n<strong>Protesorero:<\/strong> Adil S\u00e1nchez (AFOCH)<br \/>\n<strong>Primer Vocal:<\/strong> Silvio Ruiz (Liga del Nordoeste)<br \/>\n<strong>Segundo Vocal:<\/strong> Sergio Sosa (Liga del Norte)<br \/>\n<strong>Tercer Vocal:<\/strong> Roberto Rivas (Liga Las Palmas)<br \/>\n<strong>Cuarto Vocal:<\/strong> Ausente (Liga Chaque\u00f1a)<br \/>\n<strong>Revisores de Cuentas:<\/strong> Ariel Lovey (Liga Quitilipense) y Carlos Romano (Liga Regional)<\/p>\n<p><img loading=\"lazy\" decoding=\"async\" class=\"size-medium wp-image-8375 aligncenter\" src=\"https:\/\/www.sportchaco.com.ar\/wp-content\/uploads\/2024\/04\/gob-fumicaciona-cuadradito-marzo-1-240x300.jpg\" alt=\"\" width=\"240\" height=\"300\" srcset=\"https:\/\/www.sportchaco.com.ar\/wp-content\/uploads\/2024\/04\/gob-fumicaciona-cuadradito-marzo-1-240x300.jpg 240w, https:\/\/www.sportchaco.com.ar\/wp-content\/uploads\/2024\/04\/gob-fumicaciona-cuadradito-marzo-1-819x1024.jpg 819w, https:\/\/www.sportchaco.com.ar\/wp-content\/uploads\/2024\/04\/gob-fumicaciona-cuadradito-marzo-1-768x960.jpg 768w, https:\/\/www.sportchaco.com.ar\/wp-content\/uploads\/2024\/04\/gob-fumicaciona-cuadradito-marzo-1.jpg 1080w\" sizes=\"auto, (max-width: 240px) 100vw, 240px\" \/><\/p>\n","protected":false},"excerpt":{"rendered":"<p>24-04-2024 Despu\u00e9s de mucho esperar, el pasado s\u00e1bado se llev\u00f3 adelante la Asamblea general ordinaria de la Federaci\u00f3n Chaque\u00f1a de F\u00fatbol, que cont\u00f3 con la Comisi\u00f3n Directiva saliente, en la misma se presentaron el balance de los dos a\u00f1os de gesti\u00f3n, que fue aprobado y, adem\u00e1s, fue presentada la nueva dirigencia que estar\u00e1 a cargo &hellip;<\/p>\n","protected":false},"author":3,"featured_media":8519,"comment_status":"open","ping_status":"open","sticky":false,"template":"","format":"standard","meta":{"footnotes":""},"categories":[5],"tags":[],"class_list":["post-8518","post","type-post","status-publish","format-standard","has-post-thumbnail","hentry","category-futbol"],"_links":{"self":[{"href":"https:\/\/www.sportchaco.com.ar\/index.php?rest_route=\/wp\/v2\/posts\/8518","targetHints":{"allow":["GET"]}}],"collection":[{"href":"https:\/\/www.sportchaco.com.ar\/index.php?rest_route=\/wp\/v2\/posts"}],"about":[{"href":"https:\/\/www.sportchaco.com.ar\/index.php?rest_route=\/wp\/v2\/types\/post"}],"author":[{"embeddable":true,"href":"https:\/\/www.sportchaco.com.ar\/index.php?rest_route=\/wp\/v2\/users\/3"}],"replies":[{"embeddable":true,"href":"https:\/\/www.sportchaco.com.ar\/index.php?rest_route=%2Fwp%2Fv2%2Fcomments&post=8518"}],"version-history":[{"count":1,"href":"https:\/\/www.sportchaco.com.ar\/index.php?rest_route=\/wp\/v2\/posts\/8518\/revisions"}],"predecessor-version":[{"id":8520,"href":"https:\/\/www.sportchaco.com.ar\/index.php?rest_route=\/wp\/v2\/posts\/8518\/revisions\/8520"}],"wp:featuredmedia":[{"embeddable":true,"href":"https:\/\/www.sportchaco.com.ar\/index.php?rest_route=\/wp\/v2\/media\/8519"}],"wp:attachment":[{"href":"https:\/\/www.sportchaco.com.ar\/index.php?rest_route=%2Fwp%2Fv2%2Fmedia&parent=8518"}],"wp:term":[{"taxonomy":"category","embeddable":true,"href":"https:\/\/www.sportchaco.com.ar\/index.php?rest_route=%2Fwp%2Fv2%2Fcategories&post=8518"},{"taxonomy":"post_tag","embeddable":true,"href":"https:\/\/www.sportchaco.com.ar\/index.php?rest_route=%2Fwp%2Fv2%2Ftags&post=8518"}],"curies":[{"name":"wp","href":"https:\/\/api.w.org\/{rel}","templated":true}]}}