{"id":8558,"date":"2024-04-25T23:12:25","date_gmt":"2024-04-26T02:12:25","guid":{"rendered":"https:\/\/www.sportchaco.com.ar\/?p=8558"},"modified":"2024-04-25T23:14:55","modified_gmt":"2024-04-26T02:14:55","slug":"8558","status":"publish","type":"post","link":"https:\/\/www.sportchaco.com.ar\/?p=8558","title":{"rendered":"Efem\u00e9rides del 26 de abril"},"content":{"rendered":"<p><strong>\u00a0<\/strong><\/p>\n<p><strong>Esta es la Efem\u00e9rides del Deporte en el Chaco de un 26 de abril del periodista Luis Dar\u00edo Molodezky.<\/strong><\/p>\n<p>&nbsp;<\/p>\n<p><img loading=\"lazy\" decoding=\"async\" class=\"alignnone size-medium wp-image-8265\" src=\"https:\/\/www.sportchaco.com.ar\/wp-content\/uploads\/2024\/04\/Luis-Molodezky-2-210x300.jpg\" alt=\"\" width=\"210\" height=\"300\" srcset=\"https:\/\/www.sportchaco.com.ar\/wp-content\/uploads\/2024\/04\/Luis-Molodezky-2-210x300.jpg 210w, https:\/\/www.sportchaco.com.ar\/wp-content\/uploads\/2024\/04\/Luis-Molodezky-2.jpg 275w\" sizes=\"auto, (max-width: 210px) 100vw, 210px\" \/><\/p>\n<p><strong>1935 <\/strong>\/ Por iniciativa de Jes\u00fas Serrano, vicepresidente de la Federaci\u00f3n Atl\u00e9tica del Chaco, se realiza una transmisi\u00f3n radiotelef\u00f3nica desde Radio Rivadavia de Buenos Aires, que participa el atleta H\u00e9ctor Berra, dando consejos, y mandan sus saludos en la transmisi\u00f3n los futbolistas chaque\u00f1os que juegan en clubes de Buenos Aires Iturre, Castellano, Luis Men\u00e9ndez, Freschi y Valussi.<\/p>\n<p><strong>1983 <\/strong>\/ El base de Uni\u00f3n Progresista de Villa \u00c1ngela Orlando Salinas, llega a un acuerdo y se incorpora al Deportivo San Andr\u00e9s.<\/p>\n<p><strong>1984 <\/strong>\/ Llega el segundo norteamericano para Villa San Mart\u00edn. Se trata de Marvin Jackson, 24 a\u00f1os, 2.05 metros y es de origen tejano.<\/p>\n<p><strong>2008 <\/strong>\/ A los 70 a\u00f1os fallece Roberto Am\u00edlcar Valussi, quien fuera un destacado deportista en varias disciplinas, aunque se destac\u00f3 en b\u00e1squetbol y f\u00fatbol. Fue un eximio n\u00famero 5 de For Ever y en el b\u00e1squet brill\u00f3 en Don Bosco junto a Mito Outeri\u00f1o, Huesito L\u00f3pez, Wilfredo Simoni, Niveiro y Cabrera. Tambi\u00e9n se luci\u00f3 en la Selecci\u00f3n de Chaco junto a Dosso, Corbal\u00e1n, Semino, Lutringer, Hugo Outeri\u00f1o y el propio Mito. Un caballero dentro de la cancha.<\/p>\n<p><strong>2022 \/<\/strong> Fallece en Resistencia la profesora de Educaci\u00f3n F\u00edsica Haid\u00e9e Rosa Bompadre, fundadora junto a su esposo Pocholo Aguilar del Gimnasio Griego de Resistencia en 1962 frente al Villa San Mart\u00edn. En 1968 abri\u00f3 las puertas de su moderno gimnasio con natatorio en la calle Entre R\u00edos 566, donde fue la principal profesora. Fue madre de ocho hijos, que le dieron 21 nietos y cinco bisnietos.<\/p>\n<p>&nbsp;<\/p>\n<p><img loading=\"lazy\" decoding=\"async\" class=\"alignnone size-medium wp-image-8559\" src=\"https:\/\/www.sportchaco.com.ar\/wp-content\/uploads\/2024\/04\/Chaco-Dosso-300x179.jpg\" alt=\"\" width=\"300\" height=\"179\" \/><\/p>\n<p><strong>Foto portada: Roberto Valussi junto a Mito Outeri\u00f1o y Walter Dosso. Arriba completan Carlos Lutringer y Wilfredo Simoni.<\/strong><\/p>\n<p>&nbsp;<\/p>\n<p><img loading=\"lazy\" decoding=\"async\" class=\"alignnone size-full wp-image-8481\" src=\"https:\/\/www.sportchaco.com.ar\/wp-content\/uploads\/2024\/04\/Nachec1-200x200-2.gif\" alt=\"\" width=\"200\" height=\"200\" \/><\/p>\n","protected":false},"excerpt":{"rendered":"<p>\u00a0 Esta es la Efem\u00e9rides del Deporte en el Chaco de un 26 de abril del periodista Luis Dar\u00edo Molodezky. &nbsp; 1935 \/ Por iniciativa de Jes\u00fas Serrano, vicepresidente de la Federaci\u00f3n Atl\u00e9tica del Chaco, se realiza una transmisi\u00f3n radiotelef\u00f3nica desde Radio Rivadavia de Buenos Aires, que participa el atleta H\u00e9ctor Berra, dando consejos, y &hellip;<\/p>\n","protected":false},"author":2,"featured_media":8559,"comment_status":"open","ping_status":"open","sticky":false,"template":"","format":"standard","meta":{"footnotes":""},"categories":[34,45],"tags":[],"class_list":["post-8558","post","type-post","status-publish","format-standard","has-post-thumbnail","hentry","category-abril","category-efemerides-dia-por-dia"],"_links":{"self":[{"href":"https:\/\/www.sportchaco.com.ar\/index.php?rest_route=\/wp\/v2\/posts\/8558","targetHints":{"allow":["GET"]}}],"collection":[{"href":"https:\/\/www.sportchaco.com.ar\/index.php?rest_route=\/wp\/v2\/posts"}],"about":[{"href":"https:\/\/www.sportchaco.com.ar\/index.php?rest_route=\/wp\/v2\/types\/post"}],"author":[{"embeddable":true,"href":"https:\/\/www.sportchaco.com.ar\/index.php?rest_route=\/wp\/v2\/users\/2"}],"replies":[{"embeddable":true,"href":"https:\/\/www.sportchaco.com.ar\/index.php?rest_route=%2Fwp%2Fv2%2Fcomments&post=8558"}],"version-history":[{"count":4,"href":"https:\/\/www.sportchaco.com.ar\/index.php?rest_route=\/wp\/v2\/posts\/8558\/revisions"}],"predecessor-version":[{"id":8573,"href":"https:\/\/www.sportchaco.com.ar\/index.php?rest_route=\/wp\/v2\/posts\/8558\/revisions\/8573"}],"wp:featuredmedia":[{"embeddable":true,"href":"https:\/\/www.sportchaco.com.ar\/index.php?rest_route=\/wp\/v2\/media\/8559"}],"wp:attachment":[{"href":"https:\/\/www.sportchaco.com.ar\/index.php?rest_route=%2Fwp%2Fv2%2Fmedia&parent=8558"}],"wp:term":[{"taxonomy":"category","embeddable":true,"href":"https:\/\/www.sportchaco.com.ar\/index.php?rest_route=%2Fwp%2Fv2%2Fcategories&post=8558"},{"taxonomy":"post_tag","embeddable":true,"href":"https:\/\/www.sportchaco.com.ar\/index.php?rest_route=%2Fwp%2Fv2%2Ftags&post=8558"}],"curies":[{"name":"wp","href":"https:\/\/api.w.org\/{rel}","templated":true}]}}