{"id":8591,"date":"2024-04-26T23:02:14","date_gmt":"2024-04-27T02:02:14","guid":{"rendered":"https:\/\/www.sportchaco.com.ar\/?p=8591"},"modified":"2024-04-26T23:02:14","modified_gmt":"2024-04-27T02:02:14","slug":"efemerides-del-27-de-abril","status":"publish","type":"post","link":"https:\/\/www.sportchaco.com.ar\/?p=8591","title":{"rendered":"Efem\u00e9rides del 27 de abril"},"content":{"rendered":"<p><strong>Esta es la Efem\u00e9rides del Deporte en el Chaco de un 27 de abril del periodista Luis Dar\u00edo Molodezky.<\/strong><\/p>\n<p><img loading=\"lazy\" decoding=\"async\" class=\"alignnone size-full wp-image-8481\" src=\"https:\/\/www.sportchaco.com.ar\/wp-content\/uploads\/2024\/04\/Nachec1-200x200-2.gif\" alt=\"\" width=\"200\" height=\"200\" \/><\/p>\n<p>&nbsp;<\/p>\n<p>&nbsp;<\/p>\n<p>&nbsp;<\/p>\n<p><strong>1948 <\/strong>\/ Se decide hacer la primera Vuelta del Chaco. La comisi\u00f3n organizadora es encabezada por Carlos Solveyra Tomkinson como presidente, Aldo Agazzani vice, Ricardo Moro secretario, Calixto Le\u00f3n, tesorero, Andr\u00e9s Via\u00edn, pro tesorero, Juan Yensen, vocales Emilio St\u00e9fani, V\u00edctor Romagnoli, Hip\u00f3lito Gangozo, Faustino Cerrudo y Pl\u00e1cido Rodr\u00edguez<\/p>\n<p><strong>1958 \/<\/strong> H\u00e9ctor \u201cTronquito Gamarra debuta en Sarmiento, que empata 2 a 2 con Estudiantes. Casi sin saberlo, protagoniza &#8211; en parte &#8211; lo que fue la \u201c\u00e9poca de oro\u201d de esa instituci\u00f3n. En ese equipo brillaban Eleuterio Gonz\u00e1lez, Norberto Pentenero, Luis Mar\u00eda Sejas, Manuel Luciano Ben\u00edtez, Jos\u00e9 Lestani, Roberto Rosciani y Waldemar Santos Oliveira Gamarra. Ese a\u00f1o, Sarmiento logra su s\u00e9ptimo t\u00edtulo consecutivo en el Torneo Oficial de la Liga.<\/p>\n<p><strong>1996 <\/strong>\/ Fallece el periodista Pablo Alberto Mensi, quien durante muchos a\u00f1os perteneci\u00f3 al plantel de Diario Norte (jefe de redacci\u00f3n y deportes) y desde siempre corresponsal de Cr\u00f3nica y Goles en toda la regi\u00f3n. Mensi era de esos tipos que se hac\u00edan notar siempre en el momento justo y luego desaparec\u00edan. Todos lo recuerdan como un verdadero caballero, siempre dispuesto a la amistad, al trato cordial. Atento hasta la exageraci\u00f3n. Generoso en el campo profesional, siempre sol\u00eda alertar sobre acontecimientos y aportar datos de una noticia que \u00e9l s\u00f3lo conoc\u00eda.<\/p>\n<p><strong>1997 <\/strong>\/ El golfista Jos\u00e9 C\u00f3ceres logra el primer t\u00edtulo internacional al imponerse en el abierto de Catalu\u00f1a de Golf, con 13 golpes bajo el par de la cancha, seguido por el franc\u00e9s Jean Louis Guepy a 3 golpes. El chaque\u00f1o gan\u00f3 un premio de 75 mil d\u00f3lares. El torneo se jug\u00f3 en Gerona, Espa\u00f1a.<\/p>\n<p><strong>2007 <\/strong>\/ Visita Charata el entrenador de la Selecciones Menores de la CABB, Enrique Tolcachier con los programas \u201cB\u00e1squet con todos\u201d, \u201cB\u00e1squet escolar\u201d, \u201cPlan altura\u201d, \u201cDetecci\u00f3n de talentos\u201d y \u201cCapacitaciones\u201d.<\/p>\n<p><img loading=\"lazy\" decoding=\"async\" class=\"alignnone size-medium wp-image-8504\" src=\"https:\/\/www.sportchaco.com.ar\/wp-content\/uploads\/2024\/04\/gob-marzo-2-apaisado-fumigo-300x29.jpg\" alt=\"\" width=\"300\" height=\"29\" srcset=\"https:\/\/www.sportchaco.com.ar\/wp-content\/uploads\/2024\/04\/gob-marzo-2-apaisado-fumigo-300x29.jpg 300w, https:\/\/www.sportchaco.com.ar\/wp-content\/uploads\/2024\/04\/gob-marzo-2-apaisado-fumigo-768x74.jpg 768w, https:\/\/www.sportchaco.com.ar\/wp-content\/uploads\/2024\/04\/gob-marzo-2-apaisado-fumigo.jpg 940w\" sizes=\"auto, (max-width: 300px) 100vw, 300px\" \/><\/p>\n<p>&nbsp;<\/p>\n<p><img loading=\"lazy\" decoding=\"async\" class=\"alignnone size-full wp-image-8481\" src=\"https:\/\/www.sportchaco.com.ar\/wp-content\/uploads\/2024\/04\/Nachec1-200x200-2.gif\" alt=\"\" width=\"200\" height=\"200\" \/><\/p>\n<p><strong>Foto portada: Pablo Alberto Mensi<\/strong><\/p>\n","protected":false},"excerpt":{"rendered":"<p>Esta es la Efem\u00e9rides del Deporte en el Chaco de un 27 de abril del periodista Luis Dar\u00edo Molodezky. &nbsp; &nbsp; &nbsp; 1948 \/ Se decide hacer la primera Vuelta del Chaco. La comisi\u00f3n organizadora es encabezada por Carlos Solveyra Tomkinson como presidente, Aldo Agazzani vice, Ricardo Moro secretario, Calixto Le\u00f3n, tesorero, Andr\u00e9s Via\u00edn, pro &hellip;<\/p>\n","protected":false},"author":2,"featured_media":8593,"comment_status":"open","ping_status":"open","sticky":false,"template":"","format":"standard","meta":{"footnotes":""},"categories":[34,45],"tags":[],"class_list":["post-8591","post","type-post","status-publish","format-standard","has-post-thumbnail","hentry","category-abril","category-efemerides-dia-por-dia"],"_links":{"self":[{"href":"https:\/\/www.sportchaco.com.ar\/index.php?rest_route=\/wp\/v2\/posts\/8591","targetHints":{"allow":["GET"]}}],"collection":[{"href":"https:\/\/www.sportchaco.com.ar\/index.php?rest_route=\/wp\/v2\/posts"}],"about":[{"href":"https:\/\/www.sportchaco.com.ar\/index.php?rest_route=\/wp\/v2\/types\/post"}],"author":[{"embeddable":true,"href":"https:\/\/www.sportchaco.com.ar\/index.php?rest_route=\/wp\/v2\/users\/2"}],"replies":[{"embeddable":true,"href":"https:\/\/www.sportchaco.com.ar\/index.php?rest_route=%2Fwp%2Fv2%2Fcomments&post=8591"}],"version-history":[{"count":1,"href":"https:\/\/www.sportchaco.com.ar\/index.php?rest_route=\/wp\/v2\/posts\/8591\/revisions"}],"predecessor-version":[{"id":8594,"href":"https:\/\/www.sportchaco.com.ar\/index.php?rest_route=\/wp\/v2\/posts\/8591\/revisions\/8594"}],"wp:featuredmedia":[{"embeddable":true,"href":"https:\/\/www.sportchaco.com.ar\/index.php?rest_route=\/wp\/v2\/media\/8593"}],"wp:attachment":[{"href":"https:\/\/www.sportchaco.com.ar\/index.php?rest_route=%2Fwp%2Fv2%2Fmedia&parent=8591"}],"wp:term":[{"taxonomy":"category","embeddable":true,"href":"https:\/\/www.sportchaco.com.ar\/index.php?rest_route=%2Fwp%2Fv2%2Fcategories&post=8591"},{"taxonomy":"post_tag","embeddable":true,"href":"https:\/\/www.sportchaco.com.ar\/index.php?rest_route=%2Fwp%2Fv2%2Ftags&post=8591"}],"curies":[{"name":"wp","href":"https:\/\/api.w.org\/{rel}","templated":true}]}}