{"id":8622,"date":"2024-04-27T20:13:05","date_gmt":"2024-04-27T23:13:05","guid":{"rendered":"https:\/\/www.sportchaco.com.ar\/?p=8622"},"modified":"2024-04-27T20:13:15","modified_gmt":"2024-04-27T23:13:15","slug":"destituido-ramon-diaz-ya-no-es-el-dt-de-vasco","status":"publish","type":"post","link":"https:\/\/www.sportchaco.com.ar\/?p=8622","title":{"rendered":"Destituido: Ram\u00f3n D\u00edaz ya no es el DT de Vasco"},"content":{"rendered":"<header class=\"caas-header\">\n<div class=\"caas-title-wrapper\">\n<h6 id=\"caas-lead-header-0ac0cffc-d096-3f2b-969c-c1a37993608b\" data-test-locator=\"headline\">27-04-2024<\/h6>\n<\/div>\n<\/header>\n<div class=\"caas-content-byline-wrapper\">\n<div class=\"caas-content-contain-share\"><\/div>\n<\/div>\n<div class=\"caas-body-wrapper\">\n<div class=\"caas-body-inner-wrapper\">\n<div class=\"caas-body-section\">\n<div class=\"caas-content\">\n<div class=\"caas-content-wrapper\">\n<div class=\"caas-body-content\">\n<div class=\"caas-inner-body\">\n<figure class=\"caas-figure caas-cover\">\n<div class=\"caas-figure-with-pb\">\n<div class=\"caas-img-container caas-img-lightbox\" data-lightbox-src=\"https:\/\/s.yimg.com\/ny\/api\/res\/1.2\/vVqnnj9EcylaB35adZQDYQ--\/YXBwaWQ9aGlnaGxhbmRlcjt3PTI0MDA7aD0xNjAwO2NmPXdlYnA-\/https:\/\/media.zenfs.com\/es\/efe.es\/d795fad21f52087e724b6e6e29dfacbd\"><\/div>\n<\/div>\n<\/figure>\n<div class=\"caas-body\">\n<p>\u00a0Vasco da Gama destituy\u00f3 este s\u00e1bado de forma sumaria al entrenador argentino Ram\u00f3n D\u00edaz despu\u00e9s de que el equipo cay\u00f3 por 0-4 frente al Crici\u00fama, en la cuarta jornada del Campeonato Brasile\u00f1o.<\/p>\n<p>\u00abEl Vasco da Gama informa que inmediatamente despu\u00e9s del partido, Ram\u00f3n D\u00edaz y (su hijo y asistente) Emiliano D\u00edaz no son m\u00e1s parte de la comisi\u00f3n t\u00e9cnica\u00bb, que ser\u00e1 asumida en forma interina por Rafael Paiva, entrenador del equipo sub-20, inform\u00f3 el club en una nota que difundi\u00f3 unos minutos despu\u00e9s de la goleada.<\/p>\n<p>El partido se disput\u00f3 en el estadio S\u00e3o Janu\u00e1rio, la casa del Vasco en R\u00edo de Janeiro, y concluy\u00f3 con las tribunas abucheando tanto a su equipo como al entrenador.<\/p>\n<p>Ram\u00f3n D\u00edaz lleg\u00f3 al club carioca en julio del a\u00f1o pasado y, pese a que logr\u00f3 evitar la ca\u00edda a la segunda divisi\u00f3n en la temporada pasada, no pudo darle al Vasco da Gama el f\u00fatbol que sus seguidores esperaban.<\/p>\n<p>Los goles del Cric\u00fama, que con la victoria sube por ahora hasta la s\u00e9ptima posici\u00f3n, los anotaron Fellipe Mateus (2), Higor Merit\u00e3o, y el franco-congole\u00f1o Yannick Bolasie, fichado por el equipo brasile\u00f1o en marzo pasado.<\/p>\n<p>Los dos \u00faltimos goles llegaron a ser aplaudidos por muchos de los hinchas del Vasco, que acumula una victoria y tres derrotas y se sit\u00faa en la casilla 16 de la clasificaci\u00f3n, apenas un puesto por encima de la zona de descenso.<\/p>\n<p>Fuente Yahoo.com<\/p>\n<\/div>\n<p><img loading=\"lazy\" decoding=\"async\" class=\"alignnone size-full wp-image-8481\" src=\"https:\/\/www.sportchaco.com.ar\/wp-content\/uploads\/2024\/04\/Nachec1-200x200-2.gif\" alt=\"\" width=\"200\" height=\"200\" \/><\/p>\n<\/div>\n<\/div>\n<\/div>\n<\/div>\n<\/div>\n<\/div>\n<\/div>\n","protected":false},"excerpt":{"rendered":"<p>27-04-2024 \u00a0Vasco da Gama destituy\u00f3 este s\u00e1bado de forma sumaria al entrenador argentino Ram\u00f3n D\u00edaz despu\u00e9s de que el equipo cay\u00f3 por 0-4 frente al Crici\u00fama, en la cuarta jornada del Campeonato Brasile\u00f1o. \u00abEl Vasco da Gama informa que inmediatamente despu\u00e9s del partido, Ram\u00f3n D\u00edaz y (su hijo y asistente) Emiliano D\u00edaz no son m\u00e1s &hellip;<\/p>\n","protected":false},"author":2,"featured_media":8623,"comment_status":"open","ping_status":"open","sticky":false,"template":"","format":"standard","meta":{"footnotes":""},"categories":[5],"tags":[],"class_list":["post-8622","post","type-post","status-publish","format-standard","has-post-thumbnail","hentry","category-futbol"],"_links":{"self":[{"href":"https:\/\/www.sportchaco.com.ar\/index.php?rest_route=\/wp\/v2\/posts\/8622","targetHints":{"allow":["GET"]}}],"collection":[{"href":"https:\/\/www.sportchaco.com.ar\/index.php?rest_route=\/wp\/v2\/posts"}],"about":[{"href":"https:\/\/www.sportchaco.com.ar\/index.php?rest_route=\/wp\/v2\/types\/post"}],"author":[{"embeddable":true,"href":"https:\/\/www.sportchaco.com.ar\/index.php?rest_route=\/wp\/v2\/users\/2"}],"replies":[{"embeddable":true,"href":"https:\/\/www.sportchaco.com.ar\/index.php?rest_route=%2Fwp%2Fv2%2Fcomments&post=8622"}],"version-history":[{"count":1,"href":"https:\/\/www.sportchaco.com.ar\/index.php?rest_route=\/wp\/v2\/posts\/8622\/revisions"}],"predecessor-version":[{"id":8624,"href":"https:\/\/www.sportchaco.com.ar\/index.php?rest_route=\/wp\/v2\/posts\/8622\/revisions\/8624"}],"wp:featuredmedia":[{"embeddable":true,"href":"https:\/\/www.sportchaco.com.ar\/index.php?rest_route=\/wp\/v2\/media\/8623"}],"wp:attachment":[{"href":"https:\/\/www.sportchaco.com.ar\/index.php?rest_route=%2Fwp%2Fv2%2Fmedia&parent=8622"}],"wp:term":[{"taxonomy":"category","embeddable":true,"href":"https:\/\/www.sportchaco.com.ar\/index.php?rest_route=%2Fwp%2Fv2%2Fcategories&post=8622"},{"taxonomy":"post_tag","embeddable":true,"href":"https:\/\/www.sportchaco.com.ar\/index.php?rest_route=%2Fwp%2Fv2%2Ftags&post=8622"}],"curies":[{"name":"wp","href":"https:\/\/api.w.org\/{rel}","templated":true}]}}