{"id":8686,"date":"2024-04-29T10:23:36","date_gmt":"2024-04-29T13:23:36","guid":{"rendered":"https:\/\/www.sportchaco.com.ar\/?p=8686"},"modified":"2024-04-29T10:23:36","modified_gmt":"2024-04-29T13:23:36","slug":"bautismo-de-gol-para-giuliano-simeone","status":"publish","type":"post","link":"https:\/\/www.sportchaco.com.ar\/?p=8686","title":{"rendered":"Bautismo de gol para Giuliano Simeone"},"content":{"rendered":"<div class=\"nota__heading\">\n<h1 class=\"nota__heading__title\"><\/h1>\n<p class=\"nota__heading__subtitle\">El Cholito Giuliano Simeone convirti\u00f3 en la victoria de Alav\u00e9s por 3-0 ante Celta en Mendizorroza, por la fecha 33 de la Liga de Espa\u00f1a.<\/p>\n<div class=\"nota__heading__author\"><\/div>\n<\/div>\n<div class=\"nota__main-media\">\n<div class=\"nota__image\"><img decoding=\"async\" src=\"https:\/\/www.elgrafico.com.ar\/media\/cache\/pub_news_details_large\/media\/i\/5c\/e7\/5ce7811247d20c7ece32f161e24d3a5f02195a9a.jpg\" \/><\/div>\n<div class=\"nota__main-media__legend\"><\/div>\n<\/div>\n<div class=\"nota__body\">\n<div class=\"container\">\n<div class=\"row\">\n<div class=\"eg-grid eg-grid--content\">\n<div class=\"eg-cell__1-1\">\n<div class=\"col-xs-24 col-sm-4 eg-social eg-social--vert\">\n<div class=\"addthis_sharing_toolbox nota_body_social\"><\/div>\n<\/div>\n<\/div>\n<div class=\"eg-cell__2-1\">\n<p><span style=\"color: #000000;\"><strong><a style=\"color: #000000;\" href=\"https:\/\/www.elgrafico.com.ar\/etiqueta\/giuliano%20simeone\" target=\"_blank\" rel=\"noopener\">GIULIANO SIMEONE<\/a>\u00a0tuvo su estreno goleador en primera divisi\u00f3n\u00a0en la\u00a0victoria 3-0 de\u00a0<a style=\"color: #000000;\" href=\"https:\/\/www.elgrafico.com.ar\/etiqueta\/alaves\" target=\"_blank\" rel=\"noopener\">Alav\u00e9s<\/a>\u00a0sobre\u00a0<a style=\"color: #000000;\" href=\"https:\/\/www.elgrafico.com.ar\/etiqueta\/celta\" target=\"_blank\" rel=\"noopener\">Celta<\/a>\u00a0en Mendizorroza, por la fecha 33 de la<a style=\"color: #000000;\" href=\"https:\/\/www.elgrafico.com.ar\/etiqueta\/liga%20espa%C3%B1ola\" target=\"_blank\" rel=\"noopener\">Liga de Espa\u00f1a<\/a>.<\/strong><\/span><\/p>\n<p>El Cholito, que tuvo una grave lesi\u00f3n de peron\u00e9 en la pretemporada, dej\u00f3 su sello en la red y le dio tres puntos de oro a su equipo, que festej\u00f3 el centenario de su fundaci\u00f3n.<\/p>\n<p>&nbsp;<\/p>\n<p>&nbsp;<\/p>\n<p>Jon Guridi y el uruguayo Carlos Benav\u00eddez, que ven\u00eda de convertirle a Atl\u00e9tico de Madrid, completaron la goleada de Alav\u00e9s.<\/p>\n<p>El equipo local tuvo como titulares a Nahuel Tenaglia y a Giuliano Simeone, mientras que Joaqu\u00edn Panichelli ingres\u00f3 en la etapa complementaria.<\/p>\n<p><strong>Tadeo Allende entr\u00f3<\/strong>\u00a0a 20 minutos del cierre en\u00a0<strong>la visita<\/strong>, que dej\u00f3 en el banco de suplentes a Franco Cervi.<\/p>\n<p>M\u00e1s temprano\u00a0<strong>Girona venci\u00f3 2-0 a Las Palmas\u00a0<\/strong>con goles de Artem Dovbyk -de penal- y David L\u00f3pez, mientras que Getafe conden\u00f3 a Almer\u00eda a jugar en segunda divisi\u00f3n tras vencerlo 3-1 con tantos de Mason Greenwood -por 2- y Jaime Mata. Fuente El Gr\u00e1fico<\/p>\n<p><img loading=\"lazy\" decoding=\"async\" class=\"alignnone size-medium wp-image-8669\" src=\"https:\/\/www.sportchaco.com.ar\/wp-content\/uploads\/2024\/04\/gob-fumicaciona-cuadradito-marzo-2-240x300.jpg\" alt=\"\" width=\"240\" height=\"300\" srcset=\"https:\/\/www.sportchaco.com.ar\/wp-content\/uploads\/2024\/04\/gob-fumicaciona-cuadradito-marzo-2-240x300.jpg 240w, https:\/\/www.sportchaco.com.ar\/wp-content\/uploads\/2024\/04\/gob-fumicaciona-cuadradito-marzo-2-819x1024.jpg 819w, https:\/\/www.sportchaco.com.ar\/wp-content\/uploads\/2024\/04\/gob-fumicaciona-cuadradito-marzo-2-768x960.jpg 768w, https:\/\/www.sportchaco.com.ar\/wp-content\/uploads\/2024\/04\/gob-fumicaciona-cuadradito-marzo-2.jpg 1080w\" sizes=\"auto, (max-width: 240px) 100vw, 240px\" \/><\/p>\n<\/div>\n<\/div>\n<\/div>\n<\/div>\n<\/div>\n","protected":false},"excerpt":{"rendered":"<p>El Cholito Giuliano Simeone convirti\u00f3 en la victoria de Alav\u00e9s por 3-0 ante Celta en Mendizorroza, por la fecha 33 de la Liga de Espa\u00f1a. GIULIANO SIMEONE\u00a0tuvo su estreno goleador en primera divisi\u00f3n\u00a0en la\u00a0victoria 3-0 de\u00a0Alav\u00e9s\u00a0sobre\u00a0Celta\u00a0en Mendizorroza, por la fecha 33 de laLiga de Espa\u00f1a. El Cholito, que tuvo una grave lesi\u00f3n de peron\u00e9 en &hellip;<\/p>\n","protected":false},"author":2,"featured_media":8687,"comment_status":"open","ping_status":"open","sticky":false,"template":"","format":"standard","meta":{"footnotes":""},"categories":[6],"tags":[],"class_list":["post-8686","post","type-post","status-publish","format-standard","has-post-thumbnail","hentry","category-internacionales"],"_links":{"self":[{"href":"https:\/\/www.sportchaco.com.ar\/index.php?rest_route=\/wp\/v2\/posts\/8686","targetHints":{"allow":["GET"]}}],"collection":[{"href":"https:\/\/www.sportchaco.com.ar\/index.php?rest_route=\/wp\/v2\/posts"}],"about":[{"href":"https:\/\/www.sportchaco.com.ar\/index.php?rest_route=\/wp\/v2\/types\/post"}],"author":[{"embeddable":true,"href":"https:\/\/www.sportchaco.com.ar\/index.php?rest_route=\/wp\/v2\/users\/2"}],"replies":[{"embeddable":true,"href":"https:\/\/www.sportchaco.com.ar\/index.php?rest_route=%2Fwp%2Fv2%2Fcomments&post=8686"}],"version-history":[{"count":1,"href":"https:\/\/www.sportchaco.com.ar\/index.php?rest_route=\/wp\/v2\/posts\/8686\/revisions"}],"predecessor-version":[{"id":8688,"href":"https:\/\/www.sportchaco.com.ar\/index.php?rest_route=\/wp\/v2\/posts\/8686\/revisions\/8688"}],"wp:featuredmedia":[{"embeddable":true,"href":"https:\/\/www.sportchaco.com.ar\/index.php?rest_route=\/wp\/v2\/media\/8687"}],"wp:attachment":[{"href":"https:\/\/www.sportchaco.com.ar\/index.php?rest_route=%2Fwp%2Fv2%2Fmedia&parent=8686"}],"wp:term":[{"taxonomy":"category","embeddable":true,"href":"https:\/\/www.sportchaco.com.ar\/index.php?rest_route=%2Fwp%2Fv2%2Fcategories&post=8686"},{"taxonomy":"post_tag","embeddable":true,"href":"https:\/\/www.sportchaco.com.ar\/index.php?rest_route=%2Fwp%2Fv2%2Ftags&post=8686"}],"curies":[{"name":"wp","href":"https:\/\/api.w.org\/{rel}","templated":true}]}}