{"id":8708,"date":"2024-04-30T00:01:43","date_gmt":"2024-04-30T03:01:43","guid":{"rendered":"https:\/\/www.sportchaco.com.ar\/?p=8708"},"modified":"2024-04-30T18:48:03","modified_gmt":"2024-04-30T21:48:03","slug":"efemerides-del-30-de-abril","status":"publish","type":"post","link":"https:\/\/www.sportchaco.com.ar\/?p=8708","title":{"rendered":"Efem\u00e9rides del 30 de abril"},"content":{"rendered":"<p><strong>Esta es la Efem\u00e9rides del Deporte en el Chaco de un 30 de abril del periodista Luis Dar\u00edo Molodezky.<\/strong><\/p>\n<p><img loading=\"lazy\" decoding=\"async\" class=\"alignnone size-medium wp-image-8677\" src=\"https:\/\/www.sportchaco.com.ar\/wp-content\/uploads\/2024\/04\/Luis-Molodezky-3-210x300.jpg\" alt=\"\" width=\"210\" height=\"300\" srcset=\"https:\/\/www.sportchaco.com.ar\/wp-content\/uploads\/2024\/04\/Luis-Molodezky-3-210x300.jpg 210w, https:\/\/www.sportchaco.com.ar\/wp-content\/uploads\/2024\/04\/Luis-Molodezky-3.jpg 275w\" sizes=\"auto, (max-width: 210px) 100vw, 210px\" \/><\/p>\n<p><strong>1930 <\/strong>\/ Nace en Obispo Trejo, C\u00f3rdoba, el extraordinario<br \/>\nfutbolista Nelson Mart\u00ednez, y desde los 3 a\u00f1os vivi\u00f3 en el<br \/>\nChaco. Se inici\u00f3 en Regional y jug\u00f3 desde los 17 a\u00f1os en primera.<br \/>\nTras un corto paso por Sarmiento fue transferido en 1953 a Ferro<br \/>\nen 100 mil pesos, donde jug\u00f3 5 a\u00f1os. Luego tuvo un paso por All<br \/>\nBoys. Volvi\u00f3 a Sarmiento donde se consagr\u00f3 campe\u00f3n en 1967.<br \/>\nJug\u00f3 oficialmente hasta los 41 a\u00f1os. Nunca dej\u00f3 de jugar con sus<br \/>\namigos. Fue DT del decano, Central Norte, Municipales, For Ever<br \/>\ny fue campe\u00f3n en 1982 con Don Orione. Un talentoso volante, de<br \/>\nexquisita pegada y elegancia. Falleci\u00f3 el 21 de agosto de 2021<strong><em>\u00a0<\/em><\/strong><\/p>\n<p><strong>1955 <\/strong>\/ Nace el Club El Dorado, que tiene su sede en<br \/>\nla avenida Alberdi 1580 de la ciudad de Resistencia. Particip\u00f3 de la<br \/>\nLiga Chaque\u00f1a y practica el deporte blanco, las Bochas.<\/p>\n<p><strong>1979 <\/strong>\/ Se inician los movimientos de tierras y corte<br \/>\nde malezas, en la avenida Hernandarias al 1800, con miras a la<br \/>\nconstrucci\u00f3n del estadio de Villa Alvear. El subcampeonato en el<br \/>\nPreparaci\u00f3n de la Liga, le dio impulso al proyecto de una comisi\u00f3n<br \/>\npresidida por Carlos Orlando Dip, vice \u00c1ngel Peralta, secretario<br \/>\nJos\u00e9 Aguirre, prosecretario Dardo Bustamante, tesorero Juan C.<br \/>\nFranco y protesorero Mario G\u00f3mez.<\/p>\n<p><strong>1989 <\/strong>\/ Alberto Arancibia se consagra campe\u00f3n<br \/>\nInterprovincial de Motociclismo, al imponerse en la costanera<br \/>\ncorrentina en la categor\u00eda 200 c.c., escoltado por el local Julio<br \/>\nS\u00e1nchez y el formose\u00f1o Carlos Britos. El torneo se desarroll\u00f3 bajo<br \/>\nel nombre de Felipe Fages.<\/p>\n<p><strong>2006 <\/strong>\/ El saenzpe\u00f1ense Cristian Leyes se consagra<br \/>\ncampe\u00f3n del Argentino de Pista en categor\u00eda 91, que el pasado fin<br \/>\nde semana se corri\u00f3 en Rafaela, provincia de Santa Fe. Leyes se<br \/>\nqueda con el t\u00edtulo en la especialidad 500 metros, empleando un<br \/>\ntiempo de 36.46.<\/p>\n<p><strong>2006 <\/strong>\/ El chaque\u00f1o Miguel Fern\u00e1ndez (-4) y residente<br \/>\nen Mar del Plata, se adue\u00f1a del Abierto del Nordeste, que se<br \/>\ndisput\u00f3 en el Chaco Golf Club. Fern\u00e1ndez super\u00f3 por la m\u00ednima<br \/>\ndiferencia a sus coterr\u00e1neos Jos\u00e9 C\u00f3ceres y Fabi\u00e1n G\u00f3mez.<\/p>\n<p><strong><em>\u00a0<\/em><\/strong><\/p>\n<p><strong>Foto de portada: Cristian Leyes<\/strong><\/p>\n<p>&nbsp;<\/p>\n<p><img loading=\"lazy\" decoding=\"async\" class=\"alignnone wp-image-8714\" src=\"https:\/\/www.sportchaco.com.ar\/wp-content\/uploads\/2024\/04\/gob-salud-apaisado-marzo-300x37.gif\" alt=\"\" width=\"300\" height=\"37\" \/><img loading=\"lazy\" decoding=\"async\" class=\"alignnone size-medium wp-image-8715\" src=\"https:\/\/www.sportchaco.com.ar\/wp-content\/uploads\/2024\/04\/gob-marzo-3-apaisado-fumigologo-300x38.jpg\" alt=\"\" width=\"300\" height=\"38\" srcset=\"https:\/\/www.sportchaco.com.ar\/wp-content\/uploads\/2024\/04\/gob-marzo-3-apaisado-fumigologo-300x38.jpg 300w, https:\/\/www.sportchaco.com.ar\/wp-content\/uploads\/2024\/04\/gob-marzo-3-apaisado-fumigologo.jpg 720w\" sizes=\"auto, (max-width: 300px) 100vw, 300px\" \/><\/p>\n","protected":false},"excerpt":{"rendered":"<p>Esta es la Efem\u00e9rides del Deporte en el Chaco de un 30 de abril del periodista Luis Dar\u00edo Molodezky. 1930 \/ Nace en Obispo Trejo, C\u00f3rdoba, el extraordinario futbolista Nelson Mart\u00ednez, y desde los 3 a\u00f1os vivi\u00f3 en el Chaco. Se inici\u00f3 en Regional y jug\u00f3 desde los 17 a\u00f1os en primera. Tras un corto &hellip;<\/p>\n","protected":false},"author":2,"featured_media":8712,"comment_status":"open","ping_status":"open","sticky":false,"template":"","format":"standard","meta":{"footnotes":""},"categories":[34,45],"tags":[],"class_list":["post-8708","post","type-post","status-publish","format-standard","has-post-thumbnail","hentry","category-abril","category-efemerides-dia-por-dia"],"_links":{"self":[{"href":"https:\/\/www.sportchaco.com.ar\/index.php?rest_route=\/wp\/v2\/posts\/8708","targetHints":{"allow":["GET"]}}],"collection":[{"href":"https:\/\/www.sportchaco.com.ar\/index.php?rest_route=\/wp\/v2\/posts"}],"about":[{"href":"https:\/\/www.sportchaco.com.ar\/index.php?rest_route=\/wp\/v2\/types\/post"}],"author":[{"embeddable":true,"href":"https:\/\/www.sportchaco.com.ar\/index.php?rest_route=\/wp\/v2\/users\/2"}],"replies":[{"embeddable":true,"href":"https:\/\/www.sportchaco.com.ar\/index.php?rest_route=%2Fwp%2Fv2%2Fcomments&post=8708"}],"version-history":[{"count":6,"href":"https:\/\/www.sportchaco.com.ar\/index.php?rest_route=\/wp\/v2\/posts\/8708\/revisions"}],"predecessor-version":[{"id":8758,"href":"https:\/\/www.sportchaco.com.ar\/index.php?rest_route=\/wp\/v2\/posts\/8708\/revisions\/8758"}],"wp:featuredmedia":[{"embeddable":true,"href":"https:\/\/www.sportchaco.com.ar\/index.php?rest_route=\/wp\/v2\/media\/8712"}],"wp:attachment":[{"href":"https:\/\/www.sportchaco.com.ar\/index.php?rest_route=%2Fwp%2Fv2%2Fmedia&parent=8708"}],"wp:term":[{"taxonomy":"category","embeddable":true,"href":"https:\/\/www.sportchaco.com.ar\/index.php?rest_route=%2Fwp%2Fv2%2Fcategories&post=8708"},{"taxonomy":"post_tag","embeddable":true,"href":"https:\/\/www.sportchaco.com.ar\/index.php?rest_route=%2Fwp%2Fv2%2Ftags&post=8708"}],"curies":[{"name":"wp","href":"https:\/\/api.w.org\/{rel}","templated":true}]}}