{"id":8768,"date":"2024-04-30T22:53:12","date_gmt":"2024-05-01T01:53:12","guid":{"rendered":"https:\/\/www.sportchaco.com.ar\/?p=8768"},"modified":"2024-04-30T22:53:12","modified_gmt":"2024-05-01T01:53:12","slug":"esta-vez-los-penales-condenaron-a-boca","status":"publish","type":"post","link":"https:\/\/www.sportchaco.com.ar\/?p=8768","title":{"rendered":"Esta vez los penales condenaron a Boca"},"content":{"rendered":"<section class=\"note-detail-head\" data-type=\"article\">\n<div class=\"info-wrapper\">\n<h1 class=\"title\">Mansilla fue la figura y Estudiantes de La Plata dej\u00f3 afuera a Boca<\/h1>\n<\/div>\n<\/section>\n<section class=\"note-detail-head\" data-type=\"article\">\n<div class=\"info-wrapper\">\n<p><strong>El Pincha perd\u00eda 1 a 0, pero un penal y roja de Lema cambi\u00f3 la historia. Cetr\u00e9 lo empat\u00f3 y Mansilla fue la figura en los penales. Ser\u00e1 rival de V\u00e9lez en la final del pr\u00f3ximo domingo en la Copa de la Liga.<\/strong><\/p>\n<p>&nbsp;<\/p>\n<div class=\"row no-gutters align-items-center author-and-share-wrapper\">\n<div class=\"col col-lg-6 d-block\">\n<p class=\"com-paragraph   --s\">Estudiantes venci\u00f3 por penales 3 a 1 a Boca y se clasific\u00f3 a la final de la Copa de la Liga, en donde el pr\u00f3ximo domingo, en Santiago del Estero, definir\u00e1 el torneo con V\u00e9lez. Por el Pincha anotaron Mancuso, Carrillo y M\u00e9ndez, mientras que Zen\u00f3n marc\u00f3 el \u00fanico del Xeneize. La gran figura de la definici\u00f3n fue el arquero Mat\u00edas Mansilla, que le contuvo los remates a Cavani y a Figal. Merentiel estrell\u00f3 su disparo en el travesa\u00f1o. Romero, en tanto, le detuvo el disparo a Cetr\u00e9.<\/p>\n<div class=\"hidden\"><\/div>\n<div class=\"content-media\">\n<section class=\"mod-media --zoom  \" role=\"button\">\n<figure class=\"mod-figure \" role=\"button\">\n<div class=\"placeholder \"><img loading=\"lazy\" decoding=\"async\" class=\"com-image \" src=\"https:\/\/resizer.glanacion.com\/resizer\/v2\/mansilla-le-desvia-el-penal-a-GX46N5GJYVHJ3K2EFRUPNIVZJ4.JPG?auth=1308ae518598c67660a4f23e5e566037624f11f280ea65b09100d16650607892&amp;width=420&amp;height=279&amp;quality=70&amp;smart=true\" srcset=\"https:\/\/resizer.glanacion.com\/resizer\/v2\/mansilla-le-desvia-el-penal-a-GX46N5GJYVHJ3K2EFRUPNIVZJ4.JPG?auth=1308ae518598c67660a4f23e5e566037624f11f280ea65b09100d16650607892&amp;width=780&amp;height=518&amp;quality=70&amp;smart=true 780w, https:\/\/resizer.glanacion.com\/resizer\/v2\/mansilla-le-desvia-el-penal-a-GX46N5GJYVHJ3K2EFRUPNIVZJ4.JPG?auth=1308ae518598c67660a4f23e5e566037624f11f280ea65b09100d16650607892&amp;width=420&amp;height=279&amp;quality=70&amp;smart=true 420w\" alt=\"Mansilla le desv\u00eda el penal a Figal\" width=\"2000\" height=\"1328\" \/><\/div><figcaption class=\"mod-figcaption\"><span class=\"com-text --caption --twoxs\">Mansilla le desv\u00eda el penal a Figal<\/span><\/figcaption><\/figure>\n<\/section>\n<\/div>\n<\/div>\n<div class=\"col col-lg-6 text-right\"><\/div>\n<\/div>\n<\/div>\n<\/section>\n<div class=\"detail-gallery\">\n<div class=\"detail-gallery__slide-wrapper\">\n<div class=\"detail-gallery__slide\">\n<figure class=\"detail-gallery__figure\"><img loading=\"lazy\" decoding=\"async\" class=\"detail-gallery__figure-img img-fluid\" title=\"Mansilla fue la figura y Estudiantes de La Plata dej\u00f3 afuera a Boca por penales | LM Neuquen\" src=\"https:\/\/media.lmneuquen.com\/p\/8d3c5c05196432cb2723cefac6e977ac\/adjuntos\/195\/imagenes\/007\/704\/0007704579\/770x0\/smart\/estudiantes-penalesjpg.jpg\" alt=\"Mansilla fue la figura y Estudiantes de La Plata dej\u00f3 afuera a Boca por penales\" width=\"1200\" height=\"778\" data-td-src-property=\"https:\/\/media.lmneuquen.com\/p\/8d3c5c05196432cb2723cefac6e977ac\/adjuntos\/195\/imagenes\/007\/704\/0007704579\/770x0\/smart\/estudiantes-penalesjpg.jpg\" \/><figcaption class=\"detail-gallery__figure-caption\">\n<div class=\"credit-media  \"><\/div>\n<\/figcaption><\/figure>\n<\/div>\n<div class=\"detail-gallery__nav\"><\/div>\n<\/div>\n<div class=\"detail-gallery__slide-wrapper\">\n<div class=\"detail-gallery__slide\">\n<figure class=\"detail-gallery__figure\"><img loading=\"lazy\" decoding=\"async\" class=\"detail-gallery__figure-img img-fluid\" title=\"Mansilla fue la figura y Estudiantes de La Plata dej\u00f3 afuera a Boca por penales | LM Neuquen\" src=\"https:\/\/media.lmneuquen.com\/p\/c911f861c8dd88a17755aea06dd6b045\/adjuntos\/195\/imagenes\/007\/704\/0007704575\/770x0\/smart\/boca-estudiantes-partidojpg.jpg\" alt=\"Mansilla fue la figura y Estudiantes de La Plata dej\u00f3 afuera a Boca por penales\" width=\"1500\" height=\"1041\" \/><figcaption class=\"detail-gallery__figure-caption\">\n<div class=\"credit-media  \"><\/div>\n<\/figcaption><\/figure>\n<\/div>\n<div class=\"detail-gallery__nav\"><\/div>\n<\/div>\n<div class=\"detail-gallery__slide-wrapper\">\n<div class=\"detail-gallery__slide\">\n<figure class=\"detail-gallery__figure\"><img loading=\"lazy\" decoding=\"async\" class=\"detail-gallery__figure-img img-fluid\" title=\"Mansilla fue la figura y Estudiantes de La Plata dej\u00f3 afuera a Boca por penales | LM Neuquen\" src=\"https:\/\/media.lmneuquen.com\/p\/a46413f8a6ca4327b81ba8ecd7697f02\/adjuntos\/195\/imagenes\/007\/704\/0007704572\/770x0\/smart\/merentiel-amarillajpg.jpg\" alt=\"Mansilla fue la figura y Estudiantes de La Plata dej\u00f3 afuera a Boca por penales\" width=\"1200\" height=\"837\" data-td-src-property=\"https:\/\/media.lmneuquen.com\/p\/a46413f8a6ca4327b81ba8ecd7697f02\/adjuntos\/195\/imagenes\/007\/704\/0007704572\/770x0\/smart\/merentiel-amarillajpg.jpg\" \/><figcaption class=\"detail-gallery__figure-caption\">\n<div class=\"credit-media  \"><\/div>\n<\/figcaption><\/figure>\n<\/div>\n<div class=\"detail-gallery__nav\"><\/div>\n<\/div>\n<\/div>\n<section class=\"body-content\" data-twitter-link=\"https:\/\/twitter.com\/intent\/tweet?url=https:\/\/www.lmneuquen.com\/c1110278&amp;v\u00eda=lmneuquen&amp;related=LM Neuquen&amp;text=\" data-td-script-src=\"https:\/\/www.lmneuquen.com\/js-custom\/195\/v2\/jquery-3.6.0.min-min-version-1714450092.js,https:\/\/www.lmneuquen.com\/js-custom\/195\/v2\/functions\/function-embeds-min-version-1714450092.js\">Estudiantes de La Plata\u00a0dej\u00f3 afuera a\u00a0Boca\u00a0en C\u00f3rdoba, en la segunda semifinal de la Copa de la Liga Profesional. El Pincha fue superado durante m\u00e1s de una hora, pero un penal ins\u00f3lito de Cristian Lema le permiti\u00f3 igualar el partido e ir a penales. El arquero Mat\u00edas Mansilla fue la gran figura atajando tres remates y el equipo de Eduardo Dom\u00ednguez se meti\u00f3 en la final.<\/p>\n<\/section>\n<div class=\"banner-wrapper\">\n<div class=\"banner-libre\"><center><\/p>\n<div id=\"eplAdDivNotasIN\"><\/div>\n<p><\/center><\/div>\n<\/div>\n<section class=\"body-content\" data-twitter-link=\"https:\/\/twitter.com\/intent\/tweet?url=https:\/\/www.lmneuquen.com\/c1110278&amp;v\u00eda=lmneuquen&amp;related=LM Neuquen&amp;text=\" data-td-script-src=\"https:\/\/www.lmneuquen.com\/js-custom\/195\/v2\/jquery-3.6.0.min-min-version-1714450092.js,https:\/\/www.lmneuquen.com\/js-custom\/195\/v2\/functions\/function-embeds-min-version-1714450092.js\">Una vez m\u00e1s, Estudiantes amarg\u00f3 al Xeneize, que hab\u00eda sido mejor futbol\u00edsticamente en la mayor parte del encuentro, pero no supo c\u00f3mo liquidarlo y se qued\u00f3 con las manos vac\u00edas. Sali\u00f3 mal la apuesta de Diego Mart\u00ednez de poner suplentes en la Sudamericana y guardar titulares para el torneo local.<span style=\"color: #000000;\">\u00a0<a style=\"color: #000000;\" href=\"https:\/\/www.lmneuquen.com\/deportes\/polemicas-los-dos-penales-que-no-le-dieron-boca-contra-estudiantes-n1110295\" target=\"_blank\" rel=\"follow noopener\">En el primer tiempo, Arasa no cobr\u00f3 dos penales para Boca.<\/a><\/span><\/p>\n<\/section>\n<h2><img loading=\"lazy\" decoding=\"async\" class=\"alignnone size-medium wp-image-8669\" src=\"https:\/\/www.sportchaco.com.ar\/wp-content\/uploads\/2024\/04\/gob-fumicaciona-cuadradito-marzo-2-240x300.jpg\" alt=\"\" width=\"240\" height=\"300\" srcset=\"https:\/\/www.sportchaco.com.ar\/wp-content\/uploads\/2024\/04\/gob-fumicaciona-cuadradito-marzo-2-240x300.jpg 240w, https:\/\/www.sportchaco.com.ar\/wp-content\/uploads\/2024\/04\/gob-fumicaciona-cuadradito-marzo-2-819x1024.jpg 819w, https:\/\/www.sportchaco.com.ar\/wp-content\/uploads\/2024\/04\/gob-fumicaciona-cuadradito-marzo-2-768x960.jpg 768w, https:\/\/www.sportchaco.com.ar\/wp-content\/uploads\/2024\/04\/gob-fumicaciona-cuadradito-marzo-2.jpg 1080w\" sizes=\"auto, (max-width: 240px) 100vw, 240px\" \/><\/h2>\n<h2 class=\"com-title --font-primary --xl --font-extra\">\u201cEs un partido so\u00f1ado y buscado\u201d<\/h2>\n<p class=\"com-paragraph   --s\">Mat\u00edas Mansilla, figura de la definici\u00f3n al atajarle los remates a Cavani y a Figal, comparti\u00f3 su alegr\u00eda: \u201cEs un partido so\u00f1ado y buscado, porque trabajo todos los d\u00edas para esto.\u00a0Las cosas que pas\u00e9 en el ascenso te hacen m\u00e1s disfrutar el d\u00eda a d\u00eda de jugar en Primera. Lo primero que se me viene a la cabeza es mi familia, que est\u00e1 siempre. Esto es para ellos. \u00bfLos penales? Hab\u00edamos estudiado con el equipo y masomenos se dio como lo hab\u00edamos pensado. Esto es de ellos tambi\u00e9n\u201d. En relaci\u00f3n al hecho de jugar la final en Santiago del Estero luego de haber jugado en Central C\u00f3rdoba, resumi\u00f3: \u201cSiempre estoy agradecido a Central C\u00f3rdoba por tener continuidad y confiar en mi. Ahora vuielvo a Santiago y espero coronar ah\u00ed\u201d.<\/p>\n<div class=\"hidden\"><\/div>\n<h2 class=\"com-title --font-primary --xl --font-extra\">\u201cLo vivimos como el \u00faltimo partido de nuestras vidas\u201d<\/h2>\n<p class=\"com-paragraph   --s\">Jos\u00e9 Sosa comparti\u00f3 su emoci\u00f3n tras la clasificaci\u00f3n de Estudiantes a la final de la Copa de la Liga: \u201cLo vivmimos con mucha intensidad.\u00a0Nos cost\u00f3 un poco el primer tiempo y despu\u00e9s lo vivimos como si fuera el \u00faltimo partido de nuestras vidas, dejamos todo, empujamos hasta lo \u00faltimo y vivimos con mucha emoci\u00f3n y ansiedad. Ahora estamos muy contentos. Lo hablamos antes del partido: son partidos \u00fanicos,\u00a0ven\u00edamos haciendo un trabajo muy bueno desde el a\u00f1o pasado y esto nos da fuertas para demostrar que estudiantes est\u00e1 a la altura y para pelear grandes cosas\u201d.<\/p>\n<p>&nbsp;<\/p>\n<p><strong>Foto portada: Mansilla le ataja el penal a Figal.<\/strong><\/p>\n<div class=\"hidden\"><\/div>\n<div class=\"hidden\"><\/div>\n<h2 class=\"com-title --font-primary --xl --font-extra\">\u201cTodav\u00eda no ganamos nada\u201d<\/h2>\n<p class=\"com-paragraph   --s\">Guido Carrillo reconoci\u00f3 la superioridad de Boca en la primera etapa. \u201c<strong>En el primer tiempo nos cost\u00f3, ellos fueron superiores. En el segundo tiempo mejoramos, ellos se quedaron con uno menos y lo equilibramos<\/strong>. El empate es merecido y lo pudimos definir en los penales. Estuve hablando con los arqueros del mi equipo, todos conocemos a Chiquito, hice todo lo contrario a lo que me dijeron ellos y casi me lo saca\u201d, dijo. Y alert\u00f3: \u201cEs un paso m\u00e1s, aun no ganamos nada\u201d.<\/p>\n<div class=\"hidden\"><\/div>\n<h2 class=\"com-title --font-primary --xl --font-extra\">ESTUDIANTES FINALISTA<\/h2>\n<p>&nbsp;<\/p>\n<section class=\"body-content\" data-twitter-link=\"https:\/\/twitter.com\/intent\/tweet?url=https:\/\/www.lmneuquen.com\/c1110278&amp;v\u00eda=lmneuquen&amp;related=LM Neuquen&amp;text=\" data-td-script-src=\"https:\/\/www.lmneuquen.com\/js-custom\/195\/v2\/jquery-3.6.0.min-min-version-1714450092.js,https:\/\/www.lmneuquen.com\/js-custom\/195\/v2\/functions\/function-embeds-min-version-1714450092.js\">\n<div id=\"CMSLiveBlog2whewacpfxc\" class=\"embed_cont type_live\" contenteditable=\"false\">\n<div id=\"CMSLiveBlog2whewacpfxc_content\" class=\"liveblog-content liveblog-body\" contenteditable=\"false\">\n<h2>En los penales, Mansilla fue la figura y pas\u00f3 el Pincha<\/h2>\n<p>Sergio Romero no pudo ser h\u00e9roe como tantas veces para Boca. Ese rol qued\u00f3 para el arquero de Estudiantes, Mat\u00edas Mansilla. Ataj\u00f3 tres penales de los cinco que le patearon, Merentiel err\u00f3 el otro y Estudiantes se meti\u00f3 en la final.<\/p>\n<p>Sabor amargo para Boca, que ven\u00eda de ganarle el Supercl\u00e1sico a River y se vuelve a quedar con las manos vac\u00edas.<\/p>\n<\/div>\n<\/div>\n<\/section>\n","protected":false},"excerpt":{"rendered":"<p>Mansilla fue la figura y Estudiantes de La Plata dej\u00f3 afuera a Boca El Pincha perd\u00eda 1 a 0, pero un penal y roja de Lema cambi\u00f3 la historia. Cetr\u00e9 lo empat\u00f3 y Mansilla fue la figura en los penales. Ser\u00e1 rival de V\u00e9lez en la final del pr\u00f3ximo domingo en la Copa de la &hellip;<\/p>\n","protected":false},"author":2,"featured_media":8769,"comment_status":"open","ping_status":"open","sticky":false,"template":"","format":"standard","meta":{"footnotes":""},"categories":[5],"tags":[],"class_list":["post-8768","post","type-post","status-publish","format-standard","has-post-thumbnail","hentry","category-futbol"],"_links":{"self":[{"href":"https:\/\/www.sportchaco.com.ar\/index.php?rest_route=\/wp\/v2\/posts\/8768","targetHints":{"allow":["GET"]}}],"collection":[{"href":"https:\/\/www.sportchaco.com.ar\/index.php?rest_route=\/wp\/v2\/posts"}],"about":[{"href":"https:\/\/www.sportchaco.com.ar\/index.php?rest_route=\/wp\/v2\/types\/post"}],"author":[{"embeddable":true,"href":"https:\/\/www.sportchaco.com.ar\/index.php?rest_route=\/wp\/v2\/users\/2"}],"replies":[{"embeddable":true,"href":"https:\/\/www.sportchaco.com.ar\/index.php?rest_route=%2Fwp%2Fv2%2Fcomments&post=8768"}],"version-history":[{"count":1,"href":"https:\/\/www.sportchaco.com.ar\/index.php?rest_route=\/wp\/v2\/posts\/8768\/revisions"}],"predecessor-version":[{"id":8770,"href":"https:\/\/www.sportchaco.com.ar\/index.php?rest_route=\/wp\/v2\/posts\/8768\/revisions\/8770"}],"wp:featuredmedia":[{"embeddable":true,"href":"https:\/\/www.sportchaco.com.ar\/index.php?rest_route=\/wp\/v2\/media\/8769"}],"wp:attachment":[{"href":"https:\/\/www.sportchaco.com.ar\/index.php?rest_route=%2Fwp%2Fv2%2Fmedia&parent=8768"}],"wp:term":[{"taxonomy":"category","embeddable":true,"href":"https:\/\/www.sportchaco.com.ar\/index.php?rest_route=%2Fwp%2Fv2%2Fcategories&post=8768"},{"taxonomy":"post_tag","embeddable":true,"href":"https:\/\/www.sportchaco.com.ar\/index.php?rest_route=%2Fwp%2Fv2%2Ftags&post=8768"}],"curies":[{"name":"wp","href":"https:\/\/api.w.org\/{rel}","templated":true}]}}