{"id":8777,"date":"2024-04-30T23:03:00","date_gmt":"2024-05-01T02:03:00","guid":{"rendered":"https:\/\/www.sportchaco.com.ar\/?p=8777"},"modified":"2024-04-30T23:03:00","modified_gmt":"2024-05-01T02:03:00","slug":"vibrante-partido-bayern-y-real-empataron-y-definen-en-madrid","status":"publish","type":"post","link":"https:\/\/www.sportchaco.com.ar\/?p=8777","title":{"rendered":"Vibrante partido: Bayern y Real empataron y definen en Madrid"},"content":{"rendered":"<header id=\"mvp-post-head\" class=\"left relative\">\n<h3 class=\"mvp-post-cat left relative\"><span style=\"font-size: 16px; font-weight: 400;\">30-04-2024<\/span><\/h3>\n<div class=\"mvp-author-info-wrap left relative\">\n<div class=\"mvp-author-info-text left relative\">\n<div class=\"mvp-author-info-date left relative\"><\/div>\n<div class=\"mvp-author-info-name left relative\"><\/div>\n<\/div>\n<\/div>\n<\/header>\n<div class=\"mvp-post-main-out left relative\">\n<div class=\"mvp-post-main-in\">\n<div id=\"mvp-post-content\" class=\"left relative\">\n<div id=\"mvp-post-feat-img\" class=\"left relative mvp-post-feat-img-wide2\"><img loading=\"lazy\" decoding=\"async\" class=\"attachment- size- wp-post-image\" src=\"https:\/\/www.labrujula24.com\/wp-content\/uploads\/2024\/04\/bayer.jpg\" sizes=\"auto, (max-width: 1200px) 100vw, 1200px\" srcset=\"https:\/\/www.labrujula24.com\/wp-content\/uploads\/2024\/04\/bayer.jpg 1200w, https:\/\/www.labrujula24.com\/wp-content\/uploads\/2024\/04\/bayer-768x497.jpg 768w\" alt=\"\" width=\"1200\" height=\"776\" \/><\/div>\n<div id=\"mvp-content-wrap\" class=\"left relative\">\n<div class=\"mvp-post-soc-out right relative\">\n<div class=\"mvp-post-soc-in\">\n<div id=\"mvp-content-body\" class=\"left relative\">\n<div id=\"mvp-content-body-top\" class=\"left relative\">\n<div id=\"mvp-content-main\" class=\"left relative\">\n<div id=\"textbody\">\n<p>En el encuentro v\u00e1lido por la ida de las semifinales de la Champions League, Bayern M\u00fanich y Real Madrid empataron 2-2 en el estadio Allianz Arena de Alemania.<\/p>\n<p>Los Merengues se pusieron en ventaja por el tanto de Vinicius Junior, pero los alemanes lo dieron vuelta por medio de Leroy San\u00e9 y Harry Kane (de penal).<\/p>\n<div id=\"itb_mobile_intext_div\"><\/div>\n<p>Sobre el final, el brasile\u00f1o Vini Jr. no desaprovech\u00f3 una pena m\u00e1xima y decret\u00f3 cifras finales para el primer chico. Dirigi\u00f3 el franc\u00e9s Cl\u00e9ment Turpin.<\/p>\n<\/div>\n<p>&nbsp;<\/p>\n<div id=\"textbody\">\n<p><img loading=\"lazy\" decoding=\"async\" class=\"alignnone size-full wp-image-8778\" src=\"https:\/\/www.sportchaco.com.ar\/wp-content\/uploads\/2024\/04\/gob-salud-cuadrado-marzo-1.gif\" alt=\"\" width=\"250\" height=\"250\" \/><\/p>\n<\/div>\n<p><strong>Foto portada: Leroy San\u00e9, el primer gol de los alemanes.<\/strong><\/p>\n<\/div>\n<\/div>\n<\/div>\n<\/div>\n<\/div>\n<\/div>\n<\/div>\n<\/div>\n<\/div>\n","protected":false},"excerpt":{"rendered":"<p>30-04-2024 En el encuentro v\u00e1lido por la ida de las semifinales de la Champions League, Bayern M\u00fanich y Real Madrid empataron 2-2 en el estadio Allianz Arena de Alemania. Los Merengues se pusieron en ventaja por el tanto de Vinicius Junior, pero los alemanes lo dieron vuelta por medio de Leroy San\u00e9 y Harry Kane &hellip;<\/p>\n","protected":false},"author":2,"featured_media":8779,"comment_status":"open","ping_status":"open","sticky":false,"template":"","format":"standard","meta":{"footnotes":""},"categories":[6],"tags":[],"class_list":["post-8777","post","type-post","status-publish","format-standard","has-post-thumbnail","hentry","category-internacionales"],"_links":{"self":[{"href":"https:\/\/www.sportchaco.com.ar\/index.php?rest_route=\/wp\/v2\/posts\/8777","targetHints":{"allow":["GET"]}}],"collection":[{"href":"https:\/\/www.sportchaco.com.ar\/index.php?rest_route=\/wp\/v2\/posts"}],"about":[{"href":"https:\/\/www.sportchaco.com.ar\/index.php?rest_route=\/wp\/v2\/types\/post"}],"author":[{"embeddable":true,"href":"https:\/\/www.sportchaco.com.ar\/index.php?rest_route=\/wp\/v2\/users\/2"}],"replies":[{"embeddable":true,"href":"https:\/\/www.sportchaco.com.ar\/index.php?rest_route=%2Fwp%2Fv2%2Fcomments&post=8777"}],"version-history":[{"count":1,"href":"https:\/\/www.sportchaco.com.ar\/index.php?rest_route=\/wp\/v2\/posts\/8777\/revisions"}],"predecessor-version":[{"id":8780,"href":"https:\/\/www.sportchaco.com.ar\/index.php?rest_route=\/wp\/v2\/posts\/8777\/revisions\/8780"}],"wp:featuredmedia":[{"embeddable":true,"href":"https:\/\/www.sportchaco.com.ar\/index.php?rest_route=\/wp\/v2\/media\/8779"}],"wp:attachment":[{"href":"https:\/\/www.sportchaco.com.ar\/index.php?rest_route=%2Fwp%2Fv2%2Fmedia&parent=8777"}],"wp:term":[{"taxonomy":"category","embeddable":true,"href":"https:\/\/www.sportchaco.com.ar\/index.php?rest_route=%2Fwp%2Fv2%2Fcategories&post=8777"},{"taxonomy":"post_tag","embeddable":true,"href":"https:\/\/www.sportchaco.com.ar\/index.php?rest_route=%2Fwp%2Fv2%2Ftags&post=8777"}],"curies":[{"name":"wp","href":"https:\/\/api.w.org\/{rel}","templated":true}]}}