{"id":8786,"date":"2024-05-01T13:20:43","date_gmt":"2024-05-01T16:20:43","guid":{"rendered":"https:\/\/www.sportchaco.com.ar\/?p=8786"},"modified":"2024-05-01T13:20:43","modified_gmt":"2024-05-01T16:20:43","slug":"for-ever-le-rescindio-el-contrato-a-quiroga","status":"publish","type":"post","link":"https:\/\/www.sportchaco.com.ar\/?p=8786","title":{"rendered":"For Ever le rescindi\u00f3 el contrato a Quiroga"},"content":{"rendered":"<p><strong>01-05-2024<\/strong><\/p>\n<p><img loading=\"lazy\" decoding=\"async\" class=\" wp-image-8714 aligncenter\" src=\"https:\/\/www.sportchaco.com.ar\/wp-content\/uploads\/2024\/04\/gob-salud-apaisado-marzo-300x37.gif\" alt=\"\" width=\"349\" height=\"43\" \/><\/p>\n<p>A cinco fechas de la abertura del libro de pases en el campeonato de la Primera Nacional, For Ever comenz\u00f3 la depuraci\u00f3n de su plantel.<\/p>\n<p>En la tarde del martes, el club \u00abalbinegro\u00bb hizo uso de la cl\u00e1usula de rescisi\u00f3n y lleg\u00f3 a un acuerdo con Mat\u00edas Quiroga para que dej\u00e9 de ser jugador de la instituci\u00f3n.<\/p>\n<p>El delantero puntano lleg\u00f3 a principios del a\u00f1o para la pretemporada del \u00abnegro\u00bb y nunca pudo ganarse el puesto como titular, aunque con Osella como DT supo sumar minutos en seis partidos de la zona B.<\/p>\n<p>Su debut con For Ever fue en la 2\u00aa fecha, en el empate ante Gimnasia de Mendoza de local <em>(26 minutos)<\/em>, y luego vio minutos en los partidos ante Deportivo Mor\u00f3n <em>(45 minutos)<\/em>, Almagro <em>(16 minutos)<\/em>, Defensores de Belgrano <em>(21 minutos)<\/em>, San Mart\u00edn de Tucum\u00e1n <em>(23 minutos)<\/em> y San Telmo <em>(45 minutos)<\/em>.<\/p>\n<p>Quiroga no marc\u00f3 goles con el club chaque\u00f1o y tras la llegada de Ra\u00fal Valdez fue perdiendo consideraci\u00f3n.<\/p>\n<p>El mercado de pases en la segunda divisi\u00f3n del f\u00fatbol argentino se abrir\u00e1 reci\u00e9n en la fecha 19 (For Ever jugar\u00e1 este s\u00e1bado ante Atlanta por la 14\u00aa fecha) con lo cual podr\u00eda haber m\u00e1s salidas en el club de la avenida 9 de Julio.<\/p>\n<p><img loading=\"lazy\" decoding=\"async\" class=\"size-full wp-image-8778 aligncenter\" src=\"https:\/\/www.sportchaco.com.ar\/wp-content\/uploads\/2024\/04\/gob-salud-cuadrado-marzo-1.gif\" alt=\"\" width=\"250\" height=\"250\" \/><\/p>\n","protected":false},"excerpt":{"rendered":"<p>01-05-2024 A cinco fechas de la abertura del libro de pases en el campeonato de la Primera Nacional, For Ever comenz\u00f3 la depuraci\u00f3n de su plantel. En la tarde del martes, el club \u00abalbinegro\u00bb hizo uso de la cl\u00e1usula de rescisi\u00f3n y lleg\u00f3 a un acuerdo con Mat\u00edas Quiroga para que dej\u00e9 de ser jugador &hellip;<\/p>\n","protected":false},"author":3,"featured_media":8787,"comment_status":"open","ping_status":"open","sticky":false,"template":"","format":"standard","meta":{"footnotes":""},"categories":[5],"tags":[],"class_list":["post-8786","post","type-post","status-publish","format-standard","has-post-thumbnail","hentry","category-futbol"],"_links":{"self":[{"href":"https:\/\/www.sportchaco.com.ar\/index.php?rest_route=\/wp\/v2\/posts\/8786","targetHints":{"allow":["GET"]}}],"collection":[{"href":"https:\/\/www.sportchaco.com.ar\/index.php?rest_route=\/wp\/v2\/posts"}],"about":[{"href":"https:\/\/www.sportchaco.com.ar\/index.php?rest_route=\/wp\/v2\/types\/post"}],"author":[{"embeddable":true,"href":"https:\/\/www.sportchaco.com.ar\/index.php?rest_route=\/wp\/v2\/users\/3"}],"replies":[{"embeddable":true,"href":"https:\/\/www.sportchaco.com.ar\/index.php?rest_route=%2Fwp%2Fv2%2Fcomments&post=8786"}],"version-history":[{"count":1,"href":"https:\/\/www.sportchaco.com.ar\/index.php?rest_route=\/wp\/v2\/posts\/8786\/revisions"}],"predecessor-version":[{"id":8788,"href":"https:\/\/www.sportchaco.com.ar\/index.php?rest_route=\/wp\/v2\/posts\/8786\/revisions\/8788"}],"wp:featuredmedia":[{"embeddable":true,"href":"https:\/\/www.sportchaco.com.ar\/index.php?rest_route=\/wp\/v2\/media\/8787"}],"wp:attachment":[{"href":"https:\/\/www.sportchaco.com.ar\/index.php?rest_route=%2Fwp%2Fv2%2Fmedia&parent=8786"}],"wp:term":[{"taxonomy":"category","embeddable":true,"href":"https:\/\/www.sportchaco.com.ar\/index.php?rest_route=%2Fwp%2Fv2%2Fcategories&post=8786"},{"taxonomy":"post_tag","embeddable":true,"href":"https:\/\/www.sportchaco.com.ar\/index.php?rest_route=%2Fwp%2Fv2%2Ftags&post=8786"}],"curies":[{"name":"wp","href":"https:\/\/api.w.org\/{rel}","templated":true}]}}