{"id":8792,"date":"2024-05-01T11:50:18","date_gmt":"2024-05-01T14:50:18","guid":{"rendered":"https:\/\/www.sportchaco.com.ar\/?p=8792"},"modified":"2024-05-01T11:50:18","modified_gmt":"2024-05-01T14:50:18","slug":"a-30-anos-de-la-muerte-de-ayrton-senna-en-imola","status":"publish","type":"post","link":"https:\/\/www.sportchaco.com.ar\/?p=8792","title":{"rendered":"A 30 a\u00f1os de la muerte de Ayrton Senna en Imola"},"content":{"rendered":"<header class=\"caas-header\">\n<div class=\"caas-title-wrapper\">\n<h6 id=\"caas-lead-header-dc3c2cd0-0490-3c5f-9771-f010116f3998\" data-test-locator=\"headline\">01-05-2024<\/h6>\n<\/div>\n<\/header>\n<div class=\"caas-content-byline-wrapper\">\n<div class=\"caas-attr\">\n<div class=\"caas-attr-meta\"><\/div>\n<\/div>\n<div class=\"caas-content-contain-share\"><\/div>\n<\/div>\n<div class=\"caas-body-wrapper\">\n<div class=\"caas-body-inner-wrapper\">\n<div class=\"caas-body-section\">\n<div class=\"caas-content\">\n<div class=\"caas-content-wrapper\">\n<div class=\"caas-body-content\">\n<div class=\"caas-inner-body\">\n<div id=\"s-0\" class=\"caas-carousel caas-cover\" tabindex=\"0\" role=\"group\" aria-label=\"Slideshow\">\n<div class=\"caas-img-container\">\n<div class=\"caas-carousel-slides\">\n<div class=\"caas-carousel-slide\">\n<figure class=\"caas-carousel-figure\" role=\"img\" aria-label=\"SLIDE 1 of 3, Un homenaje al piloto brasile\u00f1o de F\u00f3rmula Uno Ayrton Senna en el aniversario 30 de su muerte\">\n<div class=\"caas-img-underlay\"><\/div>\n<p><img decoding=\"async\" class=\"caas-img\" src=\"https:\/\/s.yimg.com\/ny\/api\/res\/1.2\/tv0R28DEJUazoLtzLxd6Sw--\/YXBwaWQ9aGlnaGxhbmRlcjt3PTk2MDtoPTY0NztjZj13ZWJw\/https:\/\/media.zenfs.com\/es\/reuters.com\/ba3f670873c86c08c94276d4c8ff6743\" alt=\"Un homenaje al piloto brasile\u00f1o de F\u00f3rmula Uno Ayrton Senna en el aniversario 30 de su muerte\" data-headline=\"Treinta a\u00f1os despu\u00e9s, los aficionados rinden homenaje a Ayrton Senna en Imola\" data-credit=\"\" data-caption=\"Un homenaje al piloto brasile\u00f1o de F\u00f3rmula Uno Ayrton Senna en el aniversario 30 de su muerte\" \/><\/figure>\n<\/div>\n<div class=\"caas-carousel-slide\">\n<figure class=\"caas-carousel-figure\" role=\"img\" aria-label=\"SLIDE 2 of 3, Seguidores del piloto brasile\u00f1o de F\u00f3rmula Uno Ayrton Senna posan en la pista en el aniversario 30 de su muerte\">\n<div class=\"caas-img-underlay\"><\/div>\n<p><img decoding=\"async\" class=\"caas-img\" src=\"https:\/\/s.yimg.com\/ny\/api\/res\/1.2\/67CJdfKAihLd1dex.h5WNg--\/YXBwaWQ9aGlnaGxhbmRlcjt3PTk2MDtoPTcxODtjZj13ZWJw\/https:\/\/media.zenfs.com\/es\/reuters.com\/f036a6ffb2992f723a1293625e245408\" alt=\"Seguidores del piloto brasile\u00f1o de F\u00f3rmula Uno Ayrton Senna posan en la pista en el aniversario 30 de su muerte\" data-src=\"https:\/\/s.yimg.com\/ny\/api\/res\/1.2\/67CJdfKAihLd1dex.h5WNg--\/YXBwaWQ9aGlnaGxhbmRlcjt3PTk2MDtoPTcxODtjZj13ZWJw\/https:\/\/media.zenfs.com\/es\/reuters.com\/f036a6ffb2992f723a1293625e245408\" data-headline=\"Treinta a\u00f1os despu\u00e9s, los aficionados rinden homenaje a Ayrton Senna en Imola\" data-credit=\"\" data-caption=\"Seguidores del piloto brasile\u00f1o de F\u00f3rmula Uno Ayrton Senna posan en la pista en el aniversario 30 de su muerte\" \/><\/figure>\n<\/div>\n<div class=\"caas-carousel-slide\">\n<figure class=\"caas-carousel-figure\" role=\"img\" aria-label=\"SLIDE 3 of 3, Un joven aficionado posa junto a un monumento al piloto brasile\u00f1o de F\u00f3rmula Uno Ayrton Senna en el aniversario 30 de su muerte\">\n<div class=\"caas-img-underlay\"><\/div>\n<p><img class=\"caas-img\" alt=\"Un joven aficionado posa junto a un monumento al piloto brasile\u00f1o de F\u00f3rmula Uno Ayrton Senna en el aniversario 30 de su muerte\" data-src=\"https:\/\/s.yimg.com\/ny\/api\/res\/1.2\/OeHK4Eb3zdr1njYtRjYDow--\/YXBwaWQ9aGlnaGxhbmRlcjt3PTk2MDtoPTY1MjtjZj13ZWJw\/https:\/\/media.zenfs.com\/es\/reuters.com\/9540375e3f363aae7a2429295ff084c0\" data-headline=\"Treinta a\u00f1os despu\u00e9s, los aficionados rinden homenaje a Ayrton Senna en Imola\" data-credit=\"\" data-caption=\"Un joven aficionado posa junto a un monumento al piloto brasile\u00f1o de F\u00f3rmula Uno Ayrton Senna en el aniversario 30 de su muerte\" \/><\/figure>\n<\/div>\n<\/div>\n<p><button class=\"link prev-button caas-button\" tabindex=\"-1\" title=\"Foto anterior\" data-ylk=\"sec:sshow;elm:arrow;outcm:ct;slk:previous;ct:slideshow\" aria-hidden=\"true\" data-rapid_p=\"8\" data-v9y=\"0\"><\/button><\/div>\n<div><\/div>\n<div class=\"caas-img-container\"><span style=\"font-size: 24px; font-weight: bold;\">Treinta a\u00f1os despu\u00e9s, los aficionados rinden homenaje a Ayrton Senna en Imola<\/span><\/div>\n<div class=\"description collapse-caption\" aria-hidden=\"true\">\n<div class=\"description-caption-wrapper\" data-id=\"s-0\"><span class=\"description-caption\">Un homenaje al piloto brasile\u00f1o de F\u00f3rmula Uno Ayrton Senna en el aniversario 30 de su muerte<\/span><\/div>\n<div data-id=\"s-0\"><\/div>\n<\/div>\n<\/div>\n<div class=\"caas-body\">\n<p>Por Alex Fraser<\/p>\n<p>IMOLA, Italia (Reuters) &#8211; Aficionados al automovilismo y pol\u00edticos se reunieron el mi\u00e9rcoles en el circuito italiano de Imola para rendir homenaje al triple campe\u00f3n del mundo Ayrton Senna, fallecido en un accidente a alta velocidad hace 30 a\u00f1os durante el Gran Premio de San Marino.<\/p>\n<p>Aficionados que portaban la bandera brasile\u00f1a recorrieron la pista antes de que se guardara un minuto de silencio a las 14.17 hora local (1217 GMT) en la curva Tamburello para recordar el momento del accidente que cost\u00f3 la vida al carism\u00e1tico brasile\u00f1o, que ten\u00eda s\u00f3lo 34 a\u00f1os.<\/p>\n<p>\u00abSenna fue una persona muy importante para todos los brasile\u00f1os, una persona muy humilde, muy dedicada y con grandes valores que nos ense\u00f1\u00f3 grandes lecciones\u00bb, dijo Renata Ewbank, una seguidora de Senna de Brasil.<\/p>\n<p>\u00abY todav\u00eda hoy le echamos mucho de menos\u00bb, a\u00f1adi\u00f3.<\/p>\n<p>Los aficionados tambi\u00e9n recordaron al austriaco Roland Ratzenberger, quien hab\u00eda muerto el d\u00eda anterior a Senna tras un accidente en la sesi\u00f3n de clasificaci\u00f3n. El mortal fin de semana de 1994 desencaden\u00f3 una importante revisi\u00f3n de la seguridad, que cambi\u00f3 el deporte para siempre.<\/p>\n<p>Bruno Senna, sobrino del campe\u00f3n y expiloto de F\u00f3rmula 1, se encontraba entre la multitud, junto con los padres de Ratzenberger.<\/p>\n<p>El Ministro de Asuntos Exteriores italiano, Antonio Tajani, y sus pares brasile\u00f1o y austriaco, Mauro Vieira y Alexander Schallenberg, respectivamente, tambi\u00e9n asistieron a la ceremonia en el circuito.<\/p>\n<p>Tras el minuto de silencio, se depositaron ofrendas florales en Tamburello, y los aficionados y el personal de seguridad comenzaron a aplaudir. Tambi\u00e9n se colocaron pa\u00f1uelos, flores y velas en una estatua de Senna en Imola.<\/p>\n<p>Senna, que pilotaba para Williams, hab\u00eda empezado la carrera en la pole, con Michael Schumacher al lado en un Benetton.<\/p>\n<p>El coche de seguridad sali\u00f3 r\u00e1pidamente despu\u00e9s de que el portugu\u00e9s Pedro Lamy choc\u00f3 contra el Benetton de JJ Lehto, que estaba parado en la parrilla. Poco despu\u00e9s de la reanudaci\u00f3n, el auto de Senna se estrell\u00f3 contra un muro de hormig\u00f3n en Tamburello.<\/p>\n<p>El brasile\u00f1o fue trasladado en avi\u00f3n al hospital mientras se relanzaba la carrera, que gan\u00f3 Schumacher. A las 18.40 hora local, casi dos horas y media despu\u00e9s, se anunci\u00f3 que Senna hab\u00eda muerto.<\/p>\n<p>Fuente Yahoo.com<\/p>\n<p>(Reporte de Alex Fraser y Jennifer Lorenzini en Imola, Escrito por Keith Weir, Editado en Espa\u00f1ol por Manuel Far\u00edas)<\/p>\n<p><img loading=\"lazy\" decoding=\"async\" class=\"alignnone size-full wp-image-8778\" src=\"https:\/\/www.sportchaco.com.ar\/wp-content\/uploads\/2024\/04\/gob-salud-cuadrado-marzo-1.gif\" alt=\"\" width=\"250\" height=\"250\" \/><\/p>\n<\/div>\n<\/div>\n<\/div>\n<\/div>\n<\/div>\n<\/div>\n<\/div>\n<\/div>\n","protected":false},"excerpt":{"rendered":"<p>01-05-2024 Treinta a\u00f1os despu\u00e9s, los aficionados rinden homenaje a Ayrton Senna en Imola Un homenaje al piloto brasile\u00f1o de F\u00f3rmula Uno Ayrton Senna en el aniversario 30 de su muerte Por Alex Fraser IMOLA, Italia (Reuters) &#8211; Aficionados al automovilismo y pol\u00edticos se reunieron el mi\u00e9rcoles en el circuito italiano de Imola para rendir homenaje &hellip;<\/p>\n","protected":false},"author":2,"featured_media":8793,"comment_status":"open","ping_status":"open","sticky":false,"template":"","format":"standard","meta":{"footnotes":""},"categories":[2],"tags":[],"class_list":["post-8792","post","type-post","status-publish","format-standard","has-post-thumbnail","hentry","category-automovilismo"],"_links":{"self":[{"href":"https:\/\/www.sportchaco.com.ar\/index.php?rest_route=\/wp\/v2\/posts\/8792","targetHints":{"allow":["GET"]}}],"collection":[{"href":"https:\/\/www.sportchaco.com.ar\/index.php?rest_route=\/wp\/v2\/posts"}],"about":[{"href":"https:\/\/www.sportchaco.com.ar\/index.php?rest_route=\/wp\/v2\/types\/post"}],"author":[{"embeddable":true,"href":"https:\/\/www.sportchaco.com.ar\/index.php?rest_route=\/wp\/v2\/users\/2"}],"replies":[{"embeddable":true,"href":"https:\/\/www.sportchaco.com.ar\/index.php?rest_route=%2Fwp%2Fv2%2Fcomments&post=8792"}],"version-history":[{"count":1,"href":"https:\/\/www.sportchaco.com.ar\/index.php?rest_route=\/wp\/v2\/posts\/8792\/revisions"}],"predecessor-version":[{"id":8794,"href":"https:\/\/www.sportchaco.com.ar\/index.php?rest_route=\/wp\/v2\/posts\/8792\/revisions\/8794"}],"wp:featuredmedia":[{"embeddable":true,"href":"https:\/\/www.sportchaco.com.ar\/index.php?rest_route=\/wp\/v2\/media\/8793"}],"wp:attachment":[{"href":"https:\/\/www.sportchaco.com.ar\/index.php?rest_route=%2Fwp%2Fv2%2Fmedia&parent=8792"}],"wp:term":[{"taxonomy":"category","embeddable":true,"href":"https:\/\/www.sportchaco.com.ar\/index.php?rest_route=%2Fwp%2Fv2%2Fcategories&post=8792"},{"taxonomy":"post_tag","embeddable":true,"href":"https:\/\/www.sportchaco.com.ar\/index.php?rest_route=%2Fwp%2Fv2%2Ftags&post=8792"}],"curies":[{"name":"wp","href":"https:\/\/api.w.org\/{rel}","templated":true}]}}