{"id":8821,"date":"2024-05-01T23:09:47","date_gmt":"2024-05-02T02:09:47","guid":{"rendered":"https:\/\/www.sportchaco.com.ar\/?p=8821"},"modified":"2024-05-01T23:09:47","modified_gmt":"2024-05-02T02:09:47","slug":"pablo-michelini-hay-vida-despues-del-futbol","status":"publish","type":"post","link":"https:\/\/www.sportchaco.com.ar\/?p=8821","title":{"rendered":"Pablo Michelini: Hay vida despu\u00e9s del f\u00fatbol"},"content":{"rendered":"<div id=\"caas-content-body\">\n<div id=\"content-wrapper\">\n<div id=\"module-article\">\n<div id=\"content-canvas\" class=\"wafer-caas wafer-caas-complete\" data-comments-id=\"spotIm-conversations-module-wrapper\" data-wf-caas-type=\"renderedArticle\" data-wf-caas-uuid=\"808e6307-105d-34a3-9ad7-1cee9ab1c5fb\" data-wf-caas-wrapper=\"Page\" data-wf-caas-collapsed=\"0\" data-wf-caas-has-rightrail-ads=\"1\">\n<div id=\"caas-art-808e6307-105d-34a3-9ad7-1cee9ab1c5fb\" class=\"caas caas-cc news disableReadMore editorialUpsells enableGAMAds enableGAMAdsOnLoad enableGAMMomentsAds enableInArticleAd enableRRAdsSlots enableVideoDocking filterNonGdprEmbeds liveBlogPolling noRapidClickClass outStream caas-click-attached\" data-assets=\"[]\" data-device=\"desktop\" data-i18n=\"{&quot;{date} at {time}&quot;:&quot;{date} a las {time}&quot;,&quot;{0} hr ago&quot;:&quot;Hace {0} h&quot;,&quot;{0} min ago&quot;:&quot;Hace {0} min&quot;,&quot;{0} mins ago&quot;:&quot;Hace {0} min&quot;,&quot;{0} Views&quot;:&quot;{0} visitas&quot;,&quot;INLINE_CONSENT_BLOCKED_3P_BUTTON_ALLOW&quot;:&quot;Permitir&quot;,&quot;LESS&quot;:&quot;Menos&quot;,&quot;LIVE_IS_OVER&quot;:&quot;LA COBERTURA EN VIVO FINALIZ\u00d3&quot;,&quot;LOADING&quot;:&quot;Cargando&quot;,&quot;MORE&quot;:&quot;M\u00e1s&quot;,&quot;NEW_UPDATE&quot;:&quot;nueva actualizaci\u00f3n&quot;,&quot;NEW_UPDATES&quot;:&quot;nuevas actualizaciones&quot;,&quot;JUST_NOW&quot;:&quot;Ahora&quot;,&quot;RELOAD&quot;:&quot;Haz clic para volver a cargar las \u00faltimas actualizaciones&quot;,&quot;SEE {0} MORE&quot;:&quot;Ver {0} m\u00e1s&quot;,&quot;SEE_LESS&quot;:&quot;Ver menos&quot;,&quot;SEE_MORE&quot;:&quot;Ver m\u00e1s&quot;,&quot;SHOW_MORE&quot;:&quot;Mostrar m\u00e1s actualizaciones&quot;,&quot;TODAY&quot;:&quot;Hoy&quot;,&quot;UPDATE&quot;:&quot;actualizaci\u00f3n&quot;,&quot;UPDATES&quot;:&quot;actualizaciones&quot;,&quot;VIDEO_A11Y_DISABLE_FULLSCREEN&quot;:&quot;Pantalla completa, bot\u00f3n, desactivado, temporalmente no disponible para usuarios de lectores de pantalla&quot;}\" data-lang=\"es-US\" data-tz=\"America\/Argentina\/Cordoba\" data-params=\"{&quot;features&quot;:{&quot;disableReadMore&quot;:true,&quot;editorialUpsells&quot;:true,&quot;enableGAMAds&quot;:true,&quot;enableGAMAdsOnLoad&quot;:true,&quot;enableGAMMomentsAds&quot;:true,&quot;enableInArticleAd&quot;:true,&quot;enableRRAdsSlots&quot;:true,&quot;enableVideoDocking&quot;:true,&quot;filterNonGdprEmbeds&quot;:true,&quot;liveBlogPolling&quot;:true,&quot;noRapidClickClass&quot;:true,&quot;outStream&quot;:true},&quot;config&quot;:{&quot;authorBylineCollapseLineCount&quot;:2,&quot;commerceQuickOverviewLimit&quot;:5,&quot;freezeOnLinkClick&quot;:true,&quot;lazyOffsetY&quot;:1300,&quot;livecoverage&quot;:{&quot;defer&quot;:false},&quot;imageCaptionCollapseLineCount&quot;:3,&quot;slideshowCaptionCollapseLineCount&quot;:2,&quot;uiShowPreviousButtonOnLoad&quot;:true,&quot;prestigeScrollMarginTop&quot;:-72}}\" data-space-id=\"1197793568\">\n<article class=\"caas-container\" tabindex=\"-1\" aria-labelledby=\"caas-lead-header-808e6307-105d-34a3-9ad7-1cee9ab1c5fb\">\n<header class=\"caas-header\">\n<div class=\"caas-title-wrapper\">\n<h6 data-test-locator=\"headline\">01-04-2024<\/h6>\n<h1 id=\"caas-lead-header-808e6307-105d-34a3-9ad7-1cee9ab1c5fb\" data-test-locator=\"headline\">Sali\u00f3 campe\u00f3n con San Lorenzo, proyect\u00f3 su retiro a los 26 a\u00f1os y hoy maneja 10 estaciones de servicio<\/h1>\n<\/div>\n<\/header>\n<div class=\"caas-content-byline-wrapper\">\n<div class=\"caas-attr\">\n<div class=\"caas-attr-meta\">\n<div class=\"caas-attr-item-author\"><\/div>\n<div class=\"caas-attr-time-style\"><\/div>\n<\/div>\n<\/div>\n<div class=\"caas-content-contain-share\"><\/div>\n<\/div>\n<div class=\"caas-body-wrapper\">\n<div class=\"caas-body-inner-wrapper\">\n<div class=\"caas-body-section\">\n<div class=\"caas-content\">\n<div class=\"caas-content-wrapper\">\n<div class=\"caas-body-content\">\n<div class=\"caas-inner-body\">\n<figure class=\"caas-figure caas-cover\">\n<div class=\"caas-figure-with-pb\">\n<div>\n<div class=\"caas-img-container caas-img-lightbox\" data-lightbox-src=\"https:\/\/s.yimg.com\/ny\/api\/res\/1.2\/cr2DVy2EPUS1Ymwj6.TuWg--\/YXBwaWQ9aGlnaGxhbmRlcjt3PTE1MzY7aD0xMDI0O2NmPXdlYnA-\/https:\/\/media.zenfs.com\/es\/lanacion.com.ar\/5a01884d79343669e158ea3f86a4614d\"><span class=\"caas-img-wrapper\"><img decoding=\"async\" class=\"caas-img\" src=\"https:\/\/s.yimg.com\/ny\/api\/res\/1.2\/9CxDOz.p2oG0y1CSRs8vuw--\/YXBwaWQ9aGlnaGxhbmRlcjt3PTEyNDI7aD04Mjg7Y2Y9d2VicA--\/https:\/\/media.zenfs.com\/es\/lanacion.com.ar\/5a01884d79343669e158ea3f86a4614d\" alt=\"Pablo Michelini planific\u00f3 su retiro a los 26 a\u00f1os y hoy es due\u00f1o de 10 estaciones de servicio\" data-src=\"https:\/\/s.yimg.com\/ny\/api\/res\/1.2\/9CxDOz.p2oG0y1CSRs8vuw--\/YXBwaWQ9aGlnaGxhbmRlcjt3PTEyNDI7aD04Mjg7Y2Y9d2VicA--\/https:\/\/media.zenfs.com\/es\/lanacion.com.ar\/5a01884d79343669e158ea3f86a4614d\" \/><button class=\"link caas-lightbox\" aria-label=\"Ver imagen ampliada\" data-ylk=\"sec:image-lightbox;slk:lightbox-open;elm:expand;itc:1\" data-rapid_p=\"8\" data-v9y=\"0\"><\/button><\/span><\/div>\n<\/div>\n<\/div>\n<div class=\"caption-wrapper caption-aligned-with-image\">\n<div class=\"caption-wrapper caption-aligned-with-image\"><\/div>\n<\/div><figcaption class=\"caption-collapse\" data-id=\"m-0\">Pablo Michelini planific\u00f3 su retiro a los 26 a\u00f1os y hoy es due\u00f1o de 10 estaciones de servicio &#8211; Cr\u00e9ditos: @DIEGO SPIVACOW \/ AFV<\/figcaption><\/figure>\n<div class=\"caas-body\">\n<p><b>Pablo Michelini\u00a0<\/b>no pone excusas.\u00a0<b>No se victimiza por el paso del tiempo<\/b>. Desde el momento en el que debut\u00f3 en 1992 en\u00a0<b>Deportivo Espa\u00f1ol<\/b>\u00a0supo que la carrera de futbolista\u00a0<b>ten\u00eda fecha de vencimiento<\/b>. Con el mismo convencimiento que pose\u00eda en un campo de juego para quitar una pelota a un rival, el exmediocampista de<b>\u00a0Racing\u00a0<\/b>y\u00a0<b>San Lorenzo<\/b>\u00a0dialog\u00f3 con\u00a0<b>LA NACION<\/b>\u00a0y fue categ\u00f3rico al indicar que el futbolista comete dos errores<a class=\"link  yahoo-link\" href=\"https:\/\/es-us.noticias.yahoo.com\/jugador-buscado-90-sali%C3%B3-campe%C3%B3n-202014793.html\" data-ylk=\"slk:una vez que cuelga los botines;elm:context_link;itc:0;sec:content-canvas;outcm:mb_qualified_link;_E:mb_qualified_link;ct:story;\" data-rapid_p=\"9\" data-v9y=\"0\">\u00a0una vez que cuelga los botines<\/a>:\u00a0<b>vivir del pasado y no saber en qu\u00e9 invertir<\/b>.<\/p>\n<p>\u201cA veces hablo con chicos que jugaron y que coincidimos en la misma \u00e9poca sobre lo r\u00e1pido que pasa la vida de un futbolista. Siempre est\u00e1s pendiente del semestre que viene, tu contrato y un mont\u00f3n de cosas que no te dejan detenerte para disfrutar lo que est\u00e1s viviendo\u201d, explicit\u00f3\u00a0<b>Michelini<\/b>\u00a0quien\u00a0<b>gan\u00f3 tres t\u00edtulos con San Lorenzo y dej\u00f3 un grato recuerdo en la instituci\u00f3n de Boedo.<\/b><\/p>\n<figure class=\"caas-figure\">\n<div class=\"caas-figure-with-pb\">\n<div>\n<div class=\"caas-img-container caas-img-lightbox\" data-lightbox-src=\"https:\/\/s.yimg.com\/ny\/api\/res\/1.2\/OTzwHM4l05znMOosHP9lEQ--\/YXBwaWQ9aGlnaGxhbmRlcjt3PTE1MzY7aD04NjQ7Y2Y9d2VicA--\/https:\/\/media.zenfs.com\/es\/lanacion.com.ar\/0e3b4b4f0e697ebfa8bdbaa9e83016bf\"><span class=\"caas-img-wrapper\"><img decoding=\"async\" class=\"caas-img caas-lazy has-preview caas-loaded\" src=\"https:\/\/s.yimg.com\/ny\/api\/res\/1.2\/QJ0.D_tbjA2R00g0MgvWDQ--\/YXBwaWQ9aGlnaGxhbmRlcjt3PTk2MDtoPTU0MDtjZj13ZWJw\/https:\/\/media.zenfs.com\/es\/lanacion.com.ar\/0e3b4b4f0e697ebfa8bdbaa9e83016bf\" alt=\"Pablo Michelini en su etapa como jugador de San Lorenzo\" data-caas-lazy-loading-init=\"1\" \/><button class=\"link caas-lightbox\" aria-label=\"Ver imagen ampliada\" data-ylk=\"sec:image-lightbox;slk:lightbox-open;elm:expand;itc:1\" data-rapid_p=\"10\" data-v9y=\"0\"><\/button><\/span><\/div>\n<\/div>\n<\/div>\n<div class=\"caption-wrapper caption-aligned-with-image\">\n<div class=\"caption-wrapper caption-aligned-with-image\"><\/div>\n<\/div><figcaption class=\"caption-collapse\" data-id=\"m-1\">Pablo Michelini en su etapa como jugador de San Lorenzo<\/figcaption><\/figure>\n<p>Al contrario de la mayor\u00eda de los futbolistas, el quiebre de la carrera de Michelini no se debi\u00f3 a una cuesti\u00f3n meramente deportiva. Lejos de aparecer en la tapa de los diarios como un fichaje rimbombante, el mediocampista, a sus 26 a\u00f1os<b>\u00a0sembr\u00f3 su primera semilla en el mundo de los hidrocarburos al invertir en una estaci\u00f3n de servicio ubicada en Monte Chingolo<\/b>.<\/p>\n<p>\u201cHab\u00eda ahorrado algo de plata y\u00a0<b>tom\u00e9 la decisi\u00f3n de proyectar mi vida despu\u00e9s del retiro<\/b>. Empec\u00e9 a relacionarme con personas ajenas al \u00e1mbito del f\u00fatbol para analizar alg\u00fan tipo de inversi\u00f3n, busqu\u00e9 posibilidades y surgi\u00f3 una alternativa que me gust\u00f3:<b>\u00a0construir una estaci\u00f3n de servicio en el Conurbano<\/b>\u201d, desliz\u00f3 Michelini.<\/p>\n<h1>La vida despu\u00e9s del f\u00fatbol: \u201cAc\u00e1 hay un mercado\u201d<\/h1>\n<p><b>Corr\u00eda el 2000 y Michelini vio c\u00f3mo se produc\u00eda el \u201cauge del GNC\u201d<\/b>\u00a0en el pa\u00eds. No dud\u00f3 en invertir, aunque sin antes hacer un estudio de mercado de la zona. \u201cEmpec\u00e9 a mirar las otras estaciones del \u00e1rea y ten\u00edan todos los d\u00edas colas de auto para cargar, ah\u00ed fue donde dije:\u00a0<b>\u2018Ac\u00e1 hay un mercado\u2019<\/b>. Ese fue el primer punto. Despu\u00e9s hab\u00eda que buscar el respaldo de una bandera como YPF por el tema del combustible. Ten\u00eda muchas certezas, por eso me decid\u00ed a construir y me adentr\u00e9 en esa posibilidad\u201d, destac\u00f3 el exjugador que necesit\u00f3 de asistencia en sus comienzos para invertir y se adentr\u00f3 de lleno una vez que se retir\u00f3 profesionalmente en 2005.<\/p>\n<figure class=\"caas-figure\">\n<div class=\"caas-figure-with-pb\">\n<div>\n<div class=\"caas-img-container caas-img-lightbox\" data-lightbox-src=\"https:\/\/s.yimg.com\/ny\/api\/res\/1.2\/iAVbQr_.MTTG8f9ReUJdsA--\/YXBwaWQ9aGlnaGxhbmRlcjt3PTE1MzY7aD0xMDI0O2NmPXdlYnA-\/https:\/\/media.zenfs.com\/es\/lanacion.com.ar\/2d1c5d66c1350b2702cac9f63bef7002\"><span class=\"caas-img-wrapper\"><img decoding=\"async\" class=\"caas-img caas-lazy has-preview caas-loaded\" src=\"https:\/\/s.yimg.com\/ny\/api\/res\/1.2\/gaK775lP1o5yitMLQRgtIA--\/YXBwaWQ9aGlnaGxhbmRlcjt3PTk2MDtoPTY0MDtjZj13ZWJw\/https:\/\/media.zenfs.com\/es\/lanacion.com.ar\/2d1c5d66c1350b2702cac9f63bef7002\" alt=\"Pablo Michelini pas\u00f3 del f\u00fatbol a la estaciones de servicio con preparaci\u00f3n y estudio de mercado \" data-caas-lazy-loading-init=\"1\" \/><button class=\"link caas-lightbox\" aria-label=\"Ver imagen ampliada\" data-ylk=\"sec:image-lightbox;slk:lightbox-open;elm:expand;itc:1\" data-rapid_p=\"11\" data-v9y=\"0\"><\/button><\/span><\/div>\n<\/div>\n<\/div>\n<div class=\"caption-wrapper caption-aligned-with-image\">\n<div class=\"caption-wrapper caption-aligned-with-image\"><\/div>\n<\/div><figcaption class=\"caption-collapse\" data-id=\"m-2\">Pablo Michelini pas\u00f3 del f\u00fatbol a la estaciones de servicio con preparaci\u00f3n y estudio de mercado &#8211; Cr\u00e9ditos: @DIEGO SPIVACOW \/ AFV<\/figcaption><\/figure>\n<p>Pablo Michelini habla con conocimiento de causa. Le encantar\u00eda poder ayudar y contar su experiencia a los jugadores que est\u00e1n inmersos en una vida llena de puertas abiertas pero\u00a0<a class=\"link  yahoo-link\" href=\"https:\/\/es-us.noticias.yahoo.com\/jug%C3%B3-boca-brill%C3%B3-supercl%C3%A1sico-cost%C3%B3-175222456.html\" data-ylk=\"slk:que tienden a cerrarse una vez que se baja el tel\u00f3n;elm:context_link;itc:0;sec:content-canvas;outcm:mb_qualified_link;_E:mb_qualified_link;ct:story;\" data-rapid_p=\"12\" data-v9y=\"0\">que tienden a cerrarse una vez que se baja el tel\u00f3n<\/a>.<\/p>\n<p>\u201c<b>Cuando me retir\u00e9 empec\u00e9 a buscar lugares para no tener que pagar y que me den un desarrollo de una estaci\u00f3n<\/b>. Hoy en d\u00eda tengo una estaci\u00f3n en la entrada del Mercado Central, en Tapiales, donde al principio hab\u00eda bandera blanca y no se vend\u00eda nada. En su momento YPF no daba bandera porque el precio estaba congelado y prefer\u00eda exportar. Entonces, con mi hermano Javier logramos destrabar esa parte para conseguir la bandera, darle un<b>\u00a0valor agregado al lugar<\/b>\u00a0y a los dos a\u00f1os se empez\u00f3 a vender combustible al desregularizarse el precio.\u00a0<b>Eso es una forma de destrabar un negocio<\/b>. Hoy en d\u00eda en esa estaci\u00f3n entran 1500 camiones con la fruta y verdura que abastece a gran parte de Buenos Aires\u201d, argument\u00f3 Michelini sobre una de las gestiones m\u00e1s importantes en su vida como empresario.\u00a0<b>Hoy gestiona 10 estaciones de servicio bajo la marca de YPF.<\/b><\/p>\n<figure class=\"caas-figure\">\n<div class=\"caas-figure-with-pb\">\n<div>\n<div class=\"caas-img-container caas-img-lightbox\" data-lightbox-src=\"https:\/\/s.yimg.com\/ny\/api\/res\/1.2\/j3.mJNRdSWAqnUNp7TJPIw--\/YXBwaWQ9aGlnaGxhbmRlcjt3PTE1MzY7aD0xMDI0O2NmPXdlYnA-\/https:\/\/media.zenfs.com\/es\/lanacion.com.ar\/c079d396e196608dbfe84c962cc04b46\"><span class=\"caas-img-wrapper\"><img decoding=\"async\" class=\"caas-img caas-lazy has-preview caas-loaded\" src=\"https:\/\/s.yimg.com\/ny\/api\/res\/1.2\/eC_P0mJGiiCU6J_TE9yEeA--\/YXBwaWQ9aGlnaGxhbmRlcjt3PTk2MDtoPTY0MDtjZj13ZWJw\/https:\/\/media.zenfs.com\/es\/lanacion.com.ar\/c079d396e196608dbfe84c962cc04b46\" alt=\"Pablo Michelini, exjugador y due\u00f1o de varias estaciones de servicio\" data-caas-lazy-loading-init=\"1\" \/><button class=\"link caas-lightbox\" aria-label=\"Ver imagen ampliada\" data-ylk=\"sec:image-lightbox;slk:lightbox-open;elm:expand;itc:1\" data-rapid_p=\"13\" data-v9y=\"0\"><\/button><\/span><\/div>\n<\/div>\n<\/div>\n<div class=\"caption-wrapper caption-aligned-with-image\">\n<div class=\"caption-wrapper caption-aligned-with-image\"><\/div>\n<\/div><figcaption class=\"caption-collapse\" data-id=\"m-3\">Pablo Michelini, exjugador y due\u00f1o de varias estaciones de servicio &#8211; Cr\u00e9ditos: @DIEGO SPIVACOW \/ AFV<\/figcaption><\/figure>\n<p>Su charla con\u00a0<b>LA NACION\u00a0<\/b>se dio en una estaci\u00f3n de servicio de\u00a0<b>avenida La Plata<\/b>, en pleno coraz\u00f3n del barrio de Caballito, donde Michelini accede a hacer jueguitos con una pelota y, a su vez, explic\u00f3 c\u00f3mo fue construir un hotel en\u00a0<b>Neuqu\u00e9n<\/b>.<\/p>\n<p>\u201cApareci\u00f3 una posibilidad para comprar un terreno, esper\u00e9 dos a\u00f1os para que se apruebe el plano y otros cinco para terminar el hotel que lo constru\u00ed \u00edntegramente yo contratando a cada uno de los rubros, amobl\u00e1ndolo y tambi\u00e9n pasando contratiempos de socios que retiraron su inversi\u00f3n y tuve que solventar los gastos.\u00a0<b>Hoy en d\u00eda es franquicia de Howard Johnson y estoy directamente en contacto con el gerente de turno. Es una actividad sin horario y hay que ser resolutivo<\/b>\u201d, sintetiz\u00f3.<\/p>\n<figure class=\"caas-figure\">\n<div class=\"caas-figure-with-pb\">\n<div>\n<div class=\"caas-img-container caas-img-lightbox\" data-lightbox-src=\"https:\/\/s.yimg.com\/ny\/api\/res\/1.2\/Q_BhkpvHXEfTEJW.C0j2Pg--\/YXBwaWQ9aGlnaGxhbmRlcjt3PTE1MzY7aD0xMDI0O2NmPXdlYnA-\/https:\/\/media.zenfs.com\/es\/lanacion.com.ar\/5a5b2d34bf58c61a4d4af48a0c21c714\"><span class=\"caas-img-wrapper\"><img decoding=\"async\" class=\"caas-img caas-lazy has-preview caas-loaded\" src=\"https:\/\/s.yimg.com\/ny\/api\/res\/1.2\/ExbRFBcwEwpZq8uL5gnqJw--\/YXBwaWQ9aGlnaGxhbmRlcjt3PTk2MDtoPTY0MDtjZj13ZWJw\/https:\/\/media.zenfs.com\/es\/lanacion.com.ar\/5a5b2d34bf58c61a4d4af48a0c21c714\" alt=\"Pablo Michelini recibi\u00f3 a LA NACION en una de sus estaciones de servicio ubicada en el barrio de Caballito\" data-caas-lazy-loading-init=\"1\" \/><button class=\"link caas-lightbox\" aria-label=\"Ver imagen ampliada\" data-ylk=\"sec:image-lightbox;slk:lightbox-open;elm:expand;itc:1\" data-rapid_p=\"14\" data-v9y=\"0\"><\/button><\/span><\/div>\n<\/div>\n<\/div>\n<div class=\"caption-wrapper caption-aligned-with-image\">\n<div class=\"caption-wrapper caption-aligned-with-image\"><\/div>\n<\/div><figcaption class=\"caption-collapse\" data-id=\"m-4\">Pablo Michelini recibi\u00f3 a LA NACION en una de sus estaciones de servicio ubicada en el barrio de Caballito &#8211; Cr\u00e9ditos: @DIEGO SPIVACOW \/ AFV<\/figcaption><\/figure>\n<p>Sin vueltas, el exdeportista acept\u00f3 su realidad desde el primer momento y asegur\u00f3 que no se le cayeron los anillos a la hora de despojarse del rol de futbolista. \u201cUno tiene que aceptar el retiro. En mi caso, que no fui un jugador importante,\u00a0<b>di vuelta la hoja y si tengo que ir a la municipalidad a hacer tres horas de cola y pelear un precio, lo hago. En el caso de alg\u00fan futbolista conocido, que jug\u00f3 en Boca o River, siento que le dar\u00eda verg\u00fcenza y<\/b><a class=\"link  yahoo-link\" href=\"https:\/\/es-us.noticias.yahoo.com\/jug%C3%B3-boca-brill%C3%B3-supercl%C3%A1sico-cost%C3%B3-175222456.html\" data-ylk=\"slk:le;elm:context_link;itc:0;sec:content-canvas;outcm:mb_qualified_link;_E:mb_qualified_link;ct:story;\" data-rapid_p=\"15\" data-v9y=\"1\"><b>\u00a0le<\/b><\/a><a class=\"link  yahoo-link\" href=\"https:\/\/es-us.noticias.yahoo.com\/jug%C3%B3-boca-brill%C3%B3-supercl%C3%A1sico-cost%C3%B3-175222456.html\" data-ylk=\"slk:costar\u00eda m\u00e1s porque qued\u00f3 encapsulado en lo que fue;elm:context_link;itc:0;sec:content-canvas;outcm:mb_qualified_link;_E:mb_qualified_link;ct:story;\" data-rapid_p=\"16\" data-v9y=\"1\"><b>\u00a0costar\u00eda m\u00e1s porque qued\u00f3 encapsulado en lo que fue<\/b><\/a>\u201d, dijo, sin tapujos.<\/p>\n<p>Y sigui\u00f3:\u00a0<b>\u201cEl d\u00eda que te retir\u00e1s ten\u00e9s que entender que la vida sigue y que no te sirve mirar para atr\u00e1s. Si te pas\u00e1s yendo a las pe\u00f1as para ver los videos de tus goles, qued\u00e1s atrapado en el pasado y no le pod\u00e9s dedicar tiempo a tu futuro\u201d.<\/b><\/p>\n<h1>Las recomendaciones para poder invertir<\/h1>\n<p><b>\u201cEl jugador tiene que planificar el retiro a los 24 a\u00f1os\u201d<\/b>, destac\u00f3, categ\u00f3rico, Michelini, bas\u00e1ndose en su experiencia y la visi\u00f3n del f\u00fatbol actual.<\/p>\n<p>&#8211;\u00a0<b>\u00bfCu\u00e1l es el consejo para prepararse financieramente?<\/b><\/p>\n<p>&#8211; Primero que nada, hay que entender que\u00a0<b>cuando te retir\u00e1s no ten\u00e9s ingresos<\/b>. A partir de ah\u00ed habr\u00e1 que revisar el estilo de vida: si viv\u00eds en un country, el colegio privado para tus hijos, las expensas. Todos esos gastos que, cuando eras futbolista, no significaban para la econom\u00eda familiar y ahora\u00a0<b>empiezan a ser importantes y te sacan del punto de equilibrio<\/b>.<\/p>\n<figure class=\"caas-figure\"><\/figure>\n<p>Sin margen para las excusas, Michelini sentenci\u00f3 que el futbolista\u00a0<b>\u201ctiene mucho tiempo para moverse en otro circuito\u201d\u00a0<\/b>y destac\u00f3 que dentro del mundo de los negocios es clave \u201csaber detectar oportunidades\u201d y no despilfarrar la plata en conocidos que dicen conocer de un tema.<\/p>\n<p>&#8211;\u00a0<b>Habl\u00e1s de oportunidades, negocios\u2026 \u00bfQu\u00e9 es una mala inversi\u00f3n?<\/b><\/p>\n<p>&#8211; No asesorarte. No hablar con gente id\u00f3nea. No preguntar.<b>\u00a0Le llamo mala inversi\u00f3n cuando hac\u00e9s un plan sin un estudio de mercado, sin investigar ni indagar<\/b>. Por ejemplo, cuando tir\u00e1s los n\u00fameros en una planilla y dec\u00eds: \u2018Voy a comprar este campo\u2019. Bueno, \u00bfconoc\u00e9s qui\u00e9n te lo maneje?, \u00bfqu\u00e9 rendimiento te puede dejar? Esas preguntas y otras m\u00e1s que te pueden llevar a poner plata en donde no hay un r\u00e9dito econ\u00f3mico y, por ende,\u00a0<b>no hay ganancias.<\/b><\/p>\n<p>Claro y conciso como cuando recuperaba la pelota y se la daba a un compa\u00f1ero. La vida de Pablo Michelini se transform\u00f3 a partir de una carrera construida con mucho esfuerzo y sacrificio. Inmerso en un rubro donde existen infinitas variables, \u00e9l dio en el blanco y recoge los frutos mientras observa las c\u00e1maras de seguridad de una de sus estaciones.<\/p>\n<p>&nbsp;<\/p>\n<\/div>\n<\/div>\n<aside class=\"caas-aside-section caas-slotted-aside\">\n<div class=\"caas-non-sticky-sda\">\n<div class=\"caas-slotted-rr-sda wafer-managed\"><span class=\"caas-author-byline-collapse\" data-id=\"m-0\">Federico Mar\u00edn &#8211; Yahoo.com<\/span><\/div>\n<\/div>\n<\/aside>\n<\/div>\n<\/div>\n<\/div>\n<\/div>\n<\/div>\n<\/div>\n<\/article>\n<\/div>\n<\/div>\n<\/div>\n<\/div>\n<\/div>\n<div id=\"postArticle\" class=\"Pos(r) Mb(20px) Mt(-20px) Maw(752px) Pend(24px)\"><\/div>\n<div id=\"view-cmts-container-808e6307-105d-34a3-9ad7-1cee9ab1c5fb\" class=\"Pos(r) Mt(-63px)\"><\/div>\n<div id=\"seamless-footer-wrapper\" class=\"wafer-fetch-container Pos(r) Mih(1px) wafer-rapid-module Mx(a) Maw(972px) Mb(32px) Mt(10px) Mstart(56px)--miw1164 wafer-fetch-complete wafer-rapid-tracked wafer-destroyed\" data-wf-timeout=\"5000\" data-wf-retry-count=\"2\" data-wf-trigger=\"viewport\" data-wf-cache-strategy=\"cacheFirst\" data-wf-cache-ttl=\"3600\" data-wf-trigger-offset=\"600 0\" data-wf-url=\"\/fp_ms\/_rcv\/remote?m_mode=json&amp;ctrl=FooterDesktopSeamless&amp;m_id=react-wafer-footer&amp;module=footer&amp;site=news&amp;device=desktop&amp;lang=es-US&amp;region=US&amp;rid=1q4d30tj35t8s\">\n<div id=\"footer-seamless-wrapper\" class=\"Mb(20px)\" role=\"contentinfo\">\n<ul class=\"Lh(22px) Fz(13px) Ta(c) D(ib) Mt(20px)\" data-test-locator=\"footer-tos\">\n<li class=\"D(ib) Mend(24px)\" data-test-locator=\"footer-Terms and Privacy Policy\"><span class=\"C(--dolphin)\"><a class=\"Tt(c) C(--dolphin) C(--dory):h\" href=\"https:\/\/guce.yahoo.com\/terms?locale=es-US\" data-ylk=\"elm:corp;elmt:link;itc:0;rspns:nav;sec:footer;t1:a4;t2:ft;t3:lst;\" data-rapid_p=\"1\" data-v9y=\"1\">Condiciones<\/a>\/<a class=\"Tt(c) C(--dolphin) C(--dory):h\" href=\"https:\/\/guce.yahoo.com\/privacy-policy?locale=es-US\" data-ylk=\"elm:corp;elmt:link;itc:0;rspns:nav;sec:footer;t1:a4;t2:ft;t3:lst;\" data-rapid_p=\"2\" data-v9y=\"1\">Pol\u00edtica De Privacidad<\/a><\/span><\/li>\n<li class=\"D(ib) Mend(24px)\" data-test-locator=\"footer-Panel de privacidad\"><a class=\"Tt(c) C(--dolphin) C(--dory):h\" href=\"https:\/\/guce.yahoo.com\/privacy-dashboard?locale=es-US\" data-ylk=\"elm:corp;elmt:link;itc:0;rspns:nav;sec:footer;t1:a4;t2:ft;t3:lst;\" data-rapid_p=\"3\" data-v9y=\"1\">Panel De Privacidad<\/a><\/li>\n<li class=\"D(ib) Mend(24px)\" data-test-locator=\"footer-Acerca de nuestros anuncios\"><a class=\"Tt(c) C(--dolphin) C(--dory):h\" href=\"https:\/\/legal.yahoo.com\/us\/en\/yahoo\/privacy\/adinfo\/index.html\" data-ylk=\"elm:corp;elmt:link;itc:0;rspns:nav;sec:footer;t1:a4;t2:ft;t3:lst;\" data-rapid_p=\"4\" data-v9y=\"1\">Acerca De Nuestros Anuncios<\/a><\/li>\n<\/ul>\n<\/div>\n<\/div>\n","protected":false},"excerpt":{"rendered":"<p>01-04-2024 Sali\u00f3 campe\u00f3n con San Lorenzo, proyect\u00f3 su retiro a los 26 a\u00f1os y hoy maneja 10 estaciones de servicio Pablo Michelini planific\u00f3 su retiro a los 26 a\u00f1os y hoy es due\u00f1o de 10 estaciones de servicio &#8211; Cr\u00e9ditos: @DIEGO SPIVACOW \/ AFV Pablo Michelini\u00a0no pone excusas.\u00a0No se victimiza por el paso del tiempo. &hellip;<\/p>\n","protected":false},"author":2,"featured_media":8822,"comment_status":"open","ping_status":"open","sticky":false,"template":"","format":"standard","meta":{"footnotes":""},"categories":[47],"tags":[],"class_list":["post-8821","post","type-post","status-publish","format-standard","has-post-thumbnail","hentry","category-nacionales"],"_links":{"self":[{"href":"https:\/\/www.sportchaco.com.ar\/index.php?rest_route=\/wp\/v2\/posts\/8821","targetHints":{"allow":["GET"]}}],"collection":[{"href":"https:\/\/www.sportchaco.com.ar\/index.php?rest_route=\/wp\/v2\/posts"}],"about":[{"href":"https:\/\/www.sportchaco.com.ar\/index.php?rest_route=\/wp\/v2\/types\/post"}],"author":[{"embeddable":true,"href":"https:\/\/www.sportchaco.com.ar\/index.php?rest_route=\/wp\/v2\/users\/2"}],"replies":[{"embeddable":true,"href":"https:\/\/www.sportchaco.com.ar\/index.php?rest_route=%2Fwp%2Fv2%2Fcomments&post=8821"}],"version-history":[{"count":1,"href":"https:\/\/www.sportchaco.com.ar\/index.php?rest_route=\/wp\/v2\/posts\/8821\/revisions"}],"predecessor-version":[{"id":8823,"href":"https:\/\/www.sportchaco.com.ar\/index.php?rest_route=\/wp\/v2\/posts\/8821\/revisions\/8823"}],"wp:featuredmedia":[{"embeddable":true,"href":"https:\/\/www.sportchaco.com.ar\/index.php?rest_route=\/wp\/v2\/media\/8822"}],"wp:attachment":[{"href":"https:\/\/www.sportchaco.com.ar\/index.php?rest_route=%2Fwp%2Fv2%2Fmedia&parent=8821"}],"wp:term":[{"taxonomy":"category","embeddable":true,"href":"https:\/\/www.sportchaco.com.ar\/index.php?rest_route=%2Fwp%2Fv2%2Fcategories&post=8821"},{"taxonomy":"post_tag","embeddable":true,"href":"https:\/\/www.sportchaco.com.ar\/index.php?rest_route=%2Fwp%2Fv2%2Ftags&post=8821"}],"curies":[{"name":"wp","href":"https:\/\/api.w.org\/{rel}","templated":true}]}}