{"id":8844,"date":"2024-05-02T12:09:26","date_gmt":"2024-05-02T15:09:26","guid":{"rendered":"https:\/\/www.sportchaco.com.ar\/?p=8844"},"modified":"2024-05-02T12:09:26","modified_gmt":"2024-05-02T15:09:26","slug":"los-hijos-de-maradona-piden-trasladar-el-cuerpo-del-10-al-memorial-de-puerto-madero","status":"publish","type":"post","link":"https:\/\/www.sportchaco.com.ar\/?p=8844","title":{"rendered":"Los hijos de Maradona piden trasladar el cuerpo del 10 al memorial de Puerto Madero"},"content":{"rendered":"<header class=\"caas-header\">\n<div class=\"caas-title-wrapper\">\n<h6 id=\"caas-lead-header-3dff6593-f75e-35df-a591-258d167659f6\" data-test-locator=\"headline\">02-05-2024<\/h6>\n<\/div>\n<\/header>\n<div class=\"caas-content-byline-wrapper\">\n<div class=\"caas-attr\">\n<div class=\"caas-attr-meta\">\n<div class=\"caas-attr-item-author\"><\/div>\n<div class=\"caas-attr-time-style\"><\/div>\n<\/div>\n<\/div>\n<div class=\"caas-content-contain-share\"><\/div>\n<\/div>\n<div class=\"caas-body-wrapper\">\n<div>\n<div class=\"caas-body-inner-wrapper\">\n<div class=\"caas-body-section\">\n<div class=\"caas-content\">\n<div class=\"caas-content-wrapper\">\n<div class=\"caas-body-content\">\n<div class=\"caas-inner-body\">\n<figure class=\"caas-figure caas-cover\">\n<div class=\"caas-figure-with-pb\">\n<div>\n<div class=\"caas-img-container caas-img-lightbox\" data-lightbox-src=\"https:\/\/s.yimg.com\/ny\/api\/res\/1.2\/GAF7QRg_MeaCFGPY2cGgPw--\/YXBwaWQ9aGlnaGxhbmRlcjt3PTE1MzY7aD0xMDI0O2NmPXdlYnA-\/https:\/\/media.zenfs.com\/es\/lanacion.com.ar\/21e922816d50166701e1ee89e7f21a3e\"><span class=\"caas-img-wrapper\"><img decoding=\"async\" class=\"caas-img\" src=\"https:\/\/s.yimg.com\/ny\/api\/res\/1.2\/bpm9kLaBGVUiRXXmBaty2Q--\/YXBwaWQ9aGlnaGxhbmRlcjt3PTEyNDI7aD04Mjg7Y2Y9d2VicA--\/https:\/\/media.zenfs.com\/es\/lanacion.com.ar\/21e922816d50166701e1ee89e7f21a3e\" alt=\"Los hijos de Maradona piden trasladar el cuerpo del 10 al memorial de Puerto Madero\" data-src=\"https:\/\/s.yimg.com\/ny\/api\/res\/1.2\/bpm9kLaBGVUiRXXmBaty2Q--\/YXBwaWQ9aGlnaGxhbmRlcjt3PTEyNDI7aD04Mjg7Y2Y9d2VicA--\/https:\/\/media.zenfs.com\/es\/lanacion.com.ar\/21e922816d50166701e1ee89e7f21a3e\" \/><button class=\"link caas-lightbox\" aria-label=\"Ver imagen ampliada\" data-ylk=\"sec:image-lightbox;slk:lightbox-open;elm:expand;itc:1\" data-rapid_p=\"8\" data-v9y=\"1\"><\/button><\/span><\/div>\n<\/div>\n<\/div>\n<div class=\"caption-wrapper caption-aligned-with-image\">\n<div class=\"caption-wrapper caption-aligned-with-image\"><\/div>\n<\/div><figcaption class=\"caption-collapse\" data-id=\"m-0\">Los hijos de Maradona piden trasladar el cuerpo del 10 al memorial de Puerto Madero<\/figcaption><\/figure>\n<div class=\"caas-body\">\n<p><span style=\"color: #000000;\">Con un escrito ante la Justicia,\u00a0los hijos de Diego Maradona pidieron autorizaci\u00f3n para trasladar el cuerpo del 10 desde el cementerio privado \u201cJard\u00edn de Bella Vista\u201d, donde actualmente est\u00e1n sus restos,\u00a0al\u00a0<a class=\"link  yahoo-link\" style=\"color: #000000;\" href=\"https:\/\/es-us.noticias.yahoo.com\/deportes\/emotiva-foto-reuni%C3%B3n-hijos-diego-203757437.html\" data-ylk=\"slk:memorial;elm:context_link;itc:0;sec:content-canvas;outcm:mb_qualified_link;_E:mb_qualified_link;ct:story;\" data-rapid_p=\"9\" data-v9y=\"1\">memorial<\/a>\u00a0que es construido especialmente en homenaje al astro\u00a0y que est\u00e1 emplazado en\u00a0Puerto Madero, a pocos metros de la Casa Rosada.<\/span><\/p>\n<p><span style=\"color: #000000;\">El cuerpo de Maradona est\u00e1 la localidad bonaerense de San Miguel, donde fue trasladado en un\u00a0<a class=\"link \" style=\"color: #000000;\" href=\"https:\/\/www.lanacion.com.ar\/sociedad\/asi-fue-recorrido-del-cortejo-funebre-cementerio-nid2521992\/\" target=\"_blank\" rel=\"nofollow noopener\" data-ylk=\"slk:multitudinario e hist\u00f3rico cortejo f\u00fanebre;elm:context_link;itc:0;sec:content-canvas\" data-rapid_p=\"10\" data-v9y=\"1\">multitudinario e hist\u00f3rico cortejo f\u00fanebre<\/a>\u00a0el 26 de noviembre de 2020, un d\u00eda despu\u00e9s de que se confirmara su muerte.\u00a0\u201cHabi\u00e9ndose realizado las pericias sobre los restos de Diego Maradona todos los herederos solicitan de com\u00fan acuerdo se autorice el traslado\u201d, se lee en el\u00a0texto firmado por Dalma, Gianinna y Ver\u00f3nica Ojeda, en representaci\u00f3n de su hijo menor de 11 a\u00f1os, Dieguito.<\/span><\/p>\n<figure class=\"caas-figure\">\n<div class=\"caas-figure-with-pb\">\n<div>\n<div class=\"caas-img-container caas-img-lightbox\" data-lightbox-src=\"https:\/\/s.yimg.com\/ny\/api\/res\/1.2\/P8vzUDqis1XY_fnGfRroPw--\/YXBwaWQ9aGlnaGxhbmRlcjt3PTE1MzY7aD0xMDI0O2NmPXdlYnA-\/https:\/\/media.zenfs.com\/es\/lanacion.com.ar\/9d623cd5973356f7fa90660966649448\"><span class=\"caas-img-wrapper\"><img decoding=\"async\" class=\"caas-img caas-lazy has-preview caas-loaded\" src=\"https:\/\/s.yimg.com\/ny\/api\/res\/1.2\/sUsAwUmf_Wykdl8UsDEjmQ--\/YXBwaWQ9aGlnaGxhbmRlcjt3PTk2MDtoPTY0MDtjZj13ZWJw\/https:\/\/media.zenfs.com\/es\/lanacion.com.ar\/9d623cd5973356f7fa90660966649448\" alt=\"(Foto Instagram @m10memorial)\" data-caas-lazy-loading-init=\"1\" \/><button class=\"link caas-lightbox\" aria-label=\"Ver imagen ampliada\" data-ylk=\"sec:image-lightbox;slk:lightbox-open;elm:expand;itc:1\" data-rapid_p=\"11\" data-v9y=\"1\"><\/button><\/span><\/div>\n<\/div>\n<\/div>\n<div class=\"caption-wrapper caption-aligned-with-image\">\n<div class=\"caption-wrapper caption-aligned-with-image\"><\/div>\n<\/div><figcaption class=\"caption-collapse\" data-id=\"m-1\">(Foto Instagram @m10memorial)<\/figcaption><\/figure>\n<p><b>\u201cYa tenemos todo organizado. Desde hace mucho tiempo lo venimos trabajando. Tenemos el lugar para trasladar a Diego\u201d<\/b>, dijo Ojeda en di\u00e1logo con\u00a0<b>LA NACION<\/b>.<b>\u00a0La madre del hijo menor del 10 agreg\u00f3 que el memorial \u201cest\u00e1 quedando hermoso\u201d<\/b>. \u201cEs para que todos los que lo quer\u00edan puedan ir a saludarlo, a llevarle flores. Es un lugar seguro\u201d, agreg\u00f3 la expareja del futbolista, y\u00a0<b>asegur\u00f3 que los cinco herederos del futbolista, incluidos Jana y Diego Maradona Jr., \u201cest\u00e1n de acuerdo\u201d<\/b>.<\/p>\n<p>Seg\u00fan justificaron los herederos,\u00a0<b>el Memorial Diez es un sitio \u201cmucho m\u00e1s seguro que el actual\u201d<\/b>. Asimismo agregaron que su traslado ser\u00eda beneficioso \u201cpara que todo el pueblo argentino y los ciudadanos del mundo puedan rendir homenaje a quien fuera el m\u00e1ximo \u00eddolo argentino\u201d.<\/p>\n<figure class=\"caas-figure\">\n<div class=\"caas-figure-with-pb\">\n<div>\n<div class=\"caas-img-container caas-img-lightbox portrait\" data-lightbox-src=\"https:\/\/s.yimg.com\/ny\/api\/res\/1.2\/OtVtoK78WyVgBg7r0gVW3Q--\/YXBwaWQ9aGlnaGxhbmRlcjt3PTE0NDY7aD0yMTYwO2NmPXdlYnA-\/https:\/\/media.zenfs.com\/es\/lanacion.com.ar\/f800e0b274fc1c7c34797d48468f12dc\">\n<div class=\"caas-img-underlay\"><\/div>\n<p><span class=\"caas-img-wrapper\"><img decoding=\"async\" class=\"caas-img caas-lazy has-preview caas-loaded\" src=\"https:\/\/s.yimg.com\/ny\/api\/res\/1.2\/xXKVBduyx7lPPqqkNz0pPg--\/YXBwaWQ9aGlnaGxhbmRlcjt3PTk2MDtoPTE0MzQ7Y2Y9d2VicA--\/https:\/\/media.zenfs.com\/es\/lanacion.com.ar\/f800e0b274fc1c7c34797d48468f12dc\" alt=\"Las hijas de Maradona piden ante la Justicia autorizaci\u00f3n para trasladar el cuerpo al Mausoleo en Puerto Madero\" data-caas-lazy-loading-init=\"1\" \/><button class=\"link caas-lightbox\" aria-label=\"Ver imagen ampliada\" data-ylk=\"sec:image-lightbox;slk:lightbox-open;elm:expand;itc:1\" data-rapid_p=\"12\" data-v9y=\"1\"><\/button><\/span><\/div>\n<\/div>\n<\/div>\n<div class=\"caption-wrapper caption-aligned-with-image\">\n<div class=\"caption-wrapper caption-aligned-with-image\"><\/div>\n<\/div><figcaption class=\"caption-collapse\" data-id=\"m-2\">Las hijas de Maradona piden ante la Justicia autorizaci\u00f3n para trasladar el cuerpo al Mausoleo en Puerto Madero<\/figcaption><\/figure>\n<p><b>El 30 de octubre pasado, d\u00eda en que Maradona hubiera cumplido 63 a\u00f1os, los hijos del 10 se unieron para comunicar oficialmente que comenzaba a hacerse realidad el memorial en honor al futbolista argentino\u00a0<\/b>mediante la firma de un convenio con las autoridades nacionales, de la Ciudad y de la Corporaci\u00f3n Puerto Madero, que cedi\u00f3 gratuitamente un espacio para ese mausoleo a la Fundaci\u00f3n Maradona.<\/p>\n<p>\u201cQueremos anunciarles el proyecto donde nuestro padre encontrar\u00e1 el descanso eterno cerca del amor del pueblo argentino. Ser\u00e1 emplazado en la Explanada del Bajo de la Ciudad de Buenos Aires y culminar\u00e1 su construcci\u00f3n en 2025\u2033, dec\u00eda el comunicado oficial emitido por los familiares. Estuvieron cuatro de los herederos, en tanto que Diego JR. sigui\u00f3 la ceremonia desde N\u00e1poles.<\/p>\n<p>\u201cEl mausoleo, que est\u00e1 justo detr\u00e1s de Casa Rosada, est\u00e1 casi terminado. Le queda muy poquito de obra\u201d, dijo el abogado que representa al hijo menor de Maradona a<i>\u00a0Am\u00e9rica TV<\/i>,\u00a0Mario Baudry, y a\u00f1adi\u00f3 que \u201cno existe ninguna restricci\u00f3n de parte de la Justicia de mover el cuerpo ah\u00ed, pero por respeto los hijos decidieron hacer el pedido formal\u201d. El letrado dijo que\u00a0la idea del traslado del cuerpo del 10 \u201cser\u00eda hacerlo en la fecha del cumplea\u00f1os de Diego o cerca de ella; hacerlo de manera organizada\u201d.<\/p>\n<p>El pedido de autorizaci\u00f3n para tal traslado fue hecho ante el Tribunal Oral Criminal N.\u00ba 3, organismo que tambi\u00e9n tiene a cargo el comienzo del\u00a0<b>juicio\u00a0<\/b>a partir del pr\u00f3ximo 4 de junio. Por su parte, los abogados defensores de los m\u00e9dicos investigados por la muerte de Maradona podr\u00edan llegar a oponerse a este pedido por considerar que se podr\u00edan perder pruebas.<\/p>\n<h1>C\u00f3mo sigue el proceso judicial<\/h1>\n<p>En las \u00faltimas horas, circul\u00f3 un\u00a0nuevo informe m\u00e9dico oficial sobre la muerte de Maradona\u00a0que podr\u00eda significar un giro de 180 grados en la causa que investiga la responsabilidad del cuerpo m\u00e9dico en los \u00faltimos d\u00edas de vida del astro del f\u00fatbol, que muri\u00f3 el 25 de noviembre de 2020 en una casa del barrio privado San Andr\u00e9s, en Benav\u00eddez, en Tigre.<\/p>\n<p>\u201cEl \u00faltimo peritaje m\u00e9dico oficial dice que Maradona muri\u00f3 por un infarto y que no era posible preverlo porque en los dos \u00faltimos a\u00f1os de tratamiento no tuvo ninguna sintomatolog\u00eda vinculada a patolog\u00edas cardiol\u00f3gicas\u201d,\u00a0dijo a este diario la defensa de\u00a0uno de los ocho profesionales de la salud\u00a0que ser\u00e1n juzgados a partir del pr\u00f3ximo martes 4 de junio, seg\u00fan confirm\u00f3\u00a0el\u00a0Tribunal Oral en lo Criminal (TOC) N.\u00ba 3 de San Isidro.<\/p>\n<p>Los magistrados Ver\u00f3nica Di Tommaso, Maximiliano Savarino y Julieta Makintach indicaron que el debate tendr\u00e1 tres audiencias semanales, de martes a jueves, y que comenzar\u00e1n a las 9.30. Ser\u00e1n convocados a declarar 291 testigos, incluidos los hijos de Maradona, sus exparejas, amigos y periodistas.<strong> Fuente Yahoo.com &#8211; La Naci\u00f3n &#8211; <span class=\"caas-author-byline-collapse\" data-id=\"m-0\">Valeria Musse<\/span><\/strong><\/p>\n<\/div>\n<\/div>\n<\/div>\n<\/div>\n<\/div>\n<\/div>\n<\/div>\n<\/div>\n<\/div>\n","protected":false},"excerpt":{"rendered":"<p>02-05-2024 Los hijos de Maradona piden trasladar el cuerpo del 10 al memorial de Puerto Madero Con un escrito ante la Justicia,\u00a0los hijos de Diego Maradona pidieron autorizaci\u00f3n para trasladar el cuerpo del 10 desde el cementerio privado \u201cJard\u00edn de Bella Vista\u201d, donde actualmente est\u00e1n sus restos,\u00a0al\u00a0memorial\u00a0que es construido especialmente en homenaje al astro\u00a0y que &hellip;<\/p>\n","protected":false},"author":2,"featured_media":8845,"comment_status":"open","ping_status":"open","sticky":false,"template":"","format":"standard","meta":{"footnotes":""},"categories":[44],"tags":[],"class_list":["post-8844","post","type-post","status-publish","format-standard","has-post-thumbnail","hentry","category-varios"],"_links":{"self":[{"href":"https:\/\/www.sportchaco.com.ar\/index.php?rest_route=\/wp\/v2\/posts\/8844","targetHints":{"allow":["GET"]}}],"collection":[{"href":"https:\/\/www.sportchaco.com.ar\/index.php?rest_route=\/wp\/v2\/posts"}],"about":[{"href":"https:\/\/www.sportchaco.com.ar\/index.php?rest_route=\/wp\/v2\/types\/post"}],"author":[{"embeddable":true,"href":"https:\/\/www.sportchaco.com.ar\/index.php?rest_route=\/wp\/v2\/users\/2"}],"replies":[{"embeddable":true,"href":"https:\/\/www.sportchaco.com.ar\/index.php?rest_route=%2Fwp%2Fv2%2Fcomments&post=8844"}],"version-history":[{"count":1,"href":"https:\/\/www.sportchaco.com.ar\/index.php?rest_route=\/wp\/v2\/posts\/8844\/revisions"}],"predecessor-version":[{"id":8846,"href":"https:\/\/www.sportchaco.com.ar\/index.php?rest_route=\/wp\/v2\/posts\/8844\/revisions\/8846"}],"wp:featuredmedia":[{"embeddable":true,"href":"https:\/\/www.sportchaco.com.ar\/index.php?rest_route=\/wp\/v2\/media\/8845"}],"wp:attachment":[{"href":"https:\/\/www.sportchaco.com.ar\/index.php?rest_route=%2Fwp%2Fv2%2Fmedia&parent=8844"}],"wp:term":[{"taxonomy":"category","embeddable":true,"href":"https:\/\/www.sportchaco.com.ar\/index.php?rest_route=%2Fwp%2Fv2%2Fcategories&post=8844"},{"taxonomy":"post_tag","embeddable":true,"href":"https:\/\/www.sportchaco.com.ar\/index.php?rest_route=%2Fwp%2Fv2%2Ftags&post=8844"}],"curies":[{"name":"wp","href":"https:\/\/api.w.org\/{rel}","templated":true}]}}