{"id":8941,"date":"2024-05-03T23:43:42","date_gmt":"2024-05-04T02:43:42","guid":{"rendered":"https:\/\/www.sportchaco.com.ar\/?p=8941"},"modified":"2024-05-03T23:44:14","modified_gmt":"2024-05-04T02:44:14","slug":"8941","status":"publish","type":"post","link":"https:\/\/www.sportchaco.com.ar\/?p=8941","title":{"rendered":"Pablo Vic\u00f3 dej\u00f3 de ser el DT de Brown (Adrogu\u00e9) despu\u00e9s de 15 a\u00f1os"},"content":{"rendered":"<h1><\/h1>\n<h6>03\/05\/2024<\/h6>\n<p class=\"description\">Este viernes, por la fecha 14, Pablo Vic\u00f3, el emblem\u00e1tico DT del equipo visitante, dirigi\u00f3 su \u00faltimo partido tras 15 a\u00f1os en el cargo.<\/p>\n<div class=\"article-info\">\n<div class=\"article-info-left\">\n<div class=\"article-autor-info\">\n<div class=\"article-autor-name\"><\/div>\n<\/div>\n<\/div>\n<\/div>\n<figure class=\"rat16x9 w-mam\"><img decoding=\"async\" title=\"Pablo Vic\u00f3\" src=\"https:\/\/media.tycsports.com\/files\/2024\/05\/03\/712127\/pablo-vico_416x234.webp?v=1\" srcset=\"https:\/\/media.tycsports.com\/files\/2024\/05\/03\/712127\/pablo-vico_416x234.webp?v=1 480w ,https:\/\/media.tycsports.com\/files\/2024\/05\/03\/712127\/pablo-vico_862x485.webp?v=1 1080w \" alt=\"Pablo Vic\u00f3\" \/><\/figure>\n<div class=\"mam-async show\">\n<div class=\"mam-scores futbol\">\n<div class=\"mam-team mam-local\">\n<div class=\"mam-team-name\">\n<div class=\"mam-escudo\"><\/div>\n<\/div>\n<\/div>\n<div class=\"mam-team mam-visitor\">\n<div class=\"mam-team-name\">\n<div class=\"mam-escudo\"><\/div>\n<\/div>\n<\/div>\n<\/div>\n<div class=\"mam-legend\">\n<div class=\"mam-timer\"><\/div>\n<div class=\"mam-data show\">\n<div class=\"mam-marquee long-marquee\"><\/div>\n<\/div>\n<\/div>\n<\/div>\n<p class=\"capital\">Estudiantes de R\u00edo Cuarto venci\u00f3 2-1 a Brown de Adrogu\u00e9\u00a0este viernes, en uno de los partidos que marcaron la apertura de la\u00a0fecha 14 de la Primera Nacional. El encuentro que se disput\u00f3 en el\u00a0Estadio Antonio Candini, fue la despedida de Pablo Vic\u00f3, el\u00a0emblem\u00e1tico DT del equipo visitante, ya que dirigi\u00f3 su \u00faltimo partido tras 15 a\u00f1os en el cargo.<\/p>\n<div class=\"watchto-wrap\">\n<div class=\"watchto\">\n<div class=\"watchto-text\"><\/div>\n<div class=\"watchto-btn-view\"><\/div>\n<\/div>\n<\/div>\n<p><b>P<\/b><span style=\"color: #000000;\">ese a que el conjunto visitante se puso en ventaja tras solamente 4&#8242;\u00a0de juego gracias al gol de\u00a0Mat\u00edas\u00a0Nouet, el conjunto cordob\u00e9s pudo dar vuelta el resultado. Primero, lo empat\u00f3 debido al tanto de\u00a0Tom\u00e1s\u00a0Gonz\u00e1lez\u00a0a los 58&#8242;.\u00a0Y, luego de que el partido estuviese frenado unos minutos por falta de luz,\u00a0Alan Bonansea puso el 2-1 de cabeza a los \u00a115&#8242; de adici\u00f3n! y le dio el ag\u00f3nico triunfo al local.<\/span><\/p>\n<p><span style=\"color: #000000;\"><i>\u201cMe voy con mucho dolor y tristeza.\u00a0Es dif\u00edcil, pero uno tiene que tomar la decisi\u00f3n con entereza y partir, dejar que otra persona en mi lugar haga las cosas de la mejor manera y pueda sacar a Brown de esta situaci\u00f3n\u201d<\/i>,\u00a0<a style=\"color: #000000;\" href=\"https:\/\/www.tycsports.com\/primera-nacional\/pablo-vico-y-su-salida-de-brown-de-adrogue-dejamos-nuestra-casa-y-el-equipo-de-primera-que-suena-dirigir-id581645.html\" target=\"_blank\" rel=\"noopener\">sostuvo el entrenador en di\u00e1logo con TyC Sports durante la semana.\u00a0<\/a><\/span><\/p>\n<figure class=\"w-100\"><img decoding=\"async\" title=\"Pablo Vic\u00f3\" src=\"https:\/\/media.tycsports.com\/files\/2024\/05\/01\/711323\/pablo-vico_w416.webp\" srcset=\"https:\/\/media.tycsports.com\/files\/2024\/05\/01\/711323\/pablo-vico_w416.webp 480w, https:\/\/media.tycsports.com\/files\/2024\/05\/01\/711323\/pablo-vico_w862.webp 1080w\" alt=\"Pablo Vic\u00f3\" data-src=\"https:\/\/media.tycsports.com\/files\/2024\/05\/01\/711323\/pablo-vico_w416.webp\" data-srcset=\"https:\/\/media.tycsports.com\/files\/2024\/05\/01\/711323\/pablo-vico_w416.webp 480w, https:\/\/media.tycsports.com\/files\/2024\/05\/01\/711323\/pablo-vico_w862.webp 1080w\" \/><\/figure>\n<h2><\/h2>\n<p>Los dirigidos por Alexis Matteo\u00a0estaban sextos en la Zona B. Con el nuevo conductor marchan invictos, con cinco empates y cinco victorias con la de hoy. Viene derrotar a Temperley por 1-0.<\/p>\n<p>Por su parte,\u00a0el equipo de Adrogu\u00e9\u00a0marcha \u00faltimo en la Zona B y gan\u00f3 apenas un partido en todo el torneo. Viene de perder por 4 a 0 ante Col\u00f3n, lo que precipita la salida de Vic\u00f3.<\/p>\n<p><img loading=\"lazy\" decoding=\"async\" class=\"alignnone size-medium wp-image-8889\" src=\"https:\/\/www.sportchaco.com.ar\/wp-content\/uploads\/2024\/05\/gob-fumicaciona-cuadradito-marzo-240x300.jpg\" alt=\"\" width=\"240\" height=\"300\" srcset=\"https:\/\/www.sportchaco.com.ar\/wp-content\/uploads\/2024\/05\/gob-fumicaciona-cuadradito-marzo-240x300.jpg 240w, https:\/\/www.sportchaco.com.ar\/wp-content\/uploads\/2024\/05\/gob-fumicaciona-cuadradito-marzo-819x1024.jpg 819w, https:\/\/www.sportchaco.com.ar\/wp-content\/uploads\/2024\/05\/gob-fumicaciona-cuadradito-marzo-768x960.jpg 768w, https:\/\/www.sportchaco.com.ar\/wp-content\/uploads\/2024\/05\/gob-fumicaciona-cuadradito-marzo.jpg 1080w\" sizes=\"auto, (max-width: 240px) 100vw, 240px\" \/><\/p>\n","protected":false},"excerpt":{"rendered":"<p>03\/05\/2024 Este viernes, por la fecha 14, Pablo Vic\u00f3, el emblem\u00e1tico DT del equipo visitante, dirigi\u00f3 su \u00faltimo partido tras 15 a\u00f1os en el cargo. Estudiantes de R\u00edo Cuarto venci\u00f3 2-1 a Brown de Adrogu\u00e9\u00a0este viernes, en uno de los partidos que marcaron la apertura de la\u00a0fecha 14 de la Primera Nacional. El encuentro que &hellip;<\/p>\n","protected":false},"author":2,"featured_media":8942,"comment_status":"open","ping_status":"open","sticky":false,"template":"","format":"standard","meta":{"footnotes":""},"categories":[47],"tags":[],"class_list":["post-8941","post","type-post","status-publish","format-standard","has-post-thumbnail","hentry","category-nacionales"],"_links":{"self":[{"href":"https:\/\/www.sportchaco.com.ar\/index.php?rest_route=\/wp\/v2\/posts\/8941","targetHints":{"allow":["GET"]}}],"collection":[{"href":"https:\/\/www.sportchaco.com.ar\/index.php?rest_route=\/wp\/v2\/posts"}],"about":[{"href":"https:\/\/www.sportchaco.com.ar\/index.php?rest_route=\/wp\/v2\/types\/post"}],"author":[{"embeddable":true,"href":"https:\/\/www.sportchaco.com.ar\/index.php?rest_route=\/wp\/v2\/users\/2"}],"replies":[{"embeddable":true,"href":"https:\/\/www.sportchaco.com.ar\/index.php?rest_route=%2Fwp%2Fv2%2Fcomments&post=8941"}],"version-history":[{"count":2,"href":"https:\/\/www.sportchaco.com.ar\/index.php?rest_route=\/wp\/v2\/posts\/8941\/revisions"}],"predecessor-version":[{"id":8944,"href":"https:\/\/www.sportchaco.com.ar\/index.php?rest_route=\/wp\/v2\/posts\/8941\/revisions\/8944"}],"wp:featuredmedia":[{"embeddable":true,"href":"https:\/\/www.sportchaco.com.ar\/index.php?rest_route=\/wp\/v2\/media\/8942"}],"wp:attachment":[{"href":"https:\/\/www.sportchaco.com.ar\/index.php?rest_route=%2Fwp%2Fv2%2Fmedia&parent=8941"}],"wp:term":[{"taxonomy":"category","embeddable":true,"href":"https:\/\/www.sportchaco.com.ar\/index.php?rest_route=%2Fwp%2Fv2%2Fcategories&post=8941"},{"taxonomy":"post_tag","embeddable":true,"href":"https:\/\/www.sportchaco.com.ar\/index.php?rest_route=%2Fwp%2Fv2%2Ftags&post=8941"}],"curies":[{"name":"wp","href":"https:\/\/api.w.org\/{rel}","templated":true}]}}