{"id":8992,"date":"2024-05-05T17:45:49","date_gmt":"2024-05-05T20:45:49","guid":{"rendered":"https:\/\/www.sportchaco.com.ar\/?p=8992"},"modified":"2024-05-05T17:45:49","modified_gmt":"2024-05-05T20:45:49","slug":"murio-cesar-luis-menotti-a-los-85-anos","status":"publish","type":"post","link":"https:\/\/www.sportchaco.com.ar\/?p=8992","title":{"rendered":"Muri\u00f3 C\u00e9sar Luis Menotti a los 85 a\u00f1os"},"content":{"rendered":"<div class=\"section-2-col article-header\">\n<div class=\"col 2-col\">\n<h6>5-5-2024<\/h6>\n<h2 class=\"h3 ff-20px-w400\">El hist\u00f3rico director t\u00e9cnico C\u00e9sar Luis Menotti, que logr\u00f3 la primera estrella de la Selecci\u00f3n Argentina falleci\u00f3 este domingo luego de haber permanecido internado durante casi un mes por un cuadro severo de anemia. La noticia fue confirmada por la AFA.<\/h2>\n<div class=\"author\">\n<div class=\"author-inner\"><\/div>\n<\/div>\n<\/div>\n<\/div>\n<div class=\"section-2-col article-main-image\">\n<div class=\"col 1-col hide-on-mobile\">\n<div class=\"article-info \">\n<div class=\"sidebar-separator\">\n<div class=\"date modification-date ff-14px\"><\/div>\n<\/div>\n<\/div>\n<\/div>\n<div class=\"col 2-col\">\n<div class=\"article-main-media-image__container\">\n<div class=\"image-wrapper\">\n<figure>\n<figure class=\"object-fit-block--contain intrinsic-container intrinsic-container-3x2\"><img decoding=\"async\" class=\" \" src=\"https:\/\/images.pagina12.com.ar\/styles\/focal_3_2_960x640\/public\/2024-05\/836689-whatsapp-20image-202024-05-05-20at-2015-59-27.jpeg?h=ada05aa9&amp;itok=EUBuvS6H\" alt=\" (Fuente: NA)\" \/><\/figure><figcaption><\/figcaption><\/figure>\n<\/div>\n<\/div>\n<\/div>\n<\/div>\n<div class=\"section-2-col article-main-content\">\n<div class=\"col 1-col cxense-articles\"><\/div>\n<div class=\"col 2-col\">\n<div class=\"article-main-content article-text \">\n<p>La Asociaci\u00f3n de F\u00fatbol Argentino inform\u00f3 este domingo el fallecimiento de C\u00e9sar Luis Menotti, t\u00e9cnico campe\u00f3n del mundo con la selecci\u00f3n argentina de f\u00fatbol de 1978. El exDT ten\u00eda 85 a\u00f1os y estaba internado desde principios de abril\u00a0por un cuadro de \u00abanemia severa\u00bb.<\/p>\n<p>El Flaco fue el director t\u00e9cnico que gan\u00f3 en 1978 el primer Mundial con la Selecci\u00f3n Argentina, que marc\u00f3 un antes y un despu\u00e9s con su trabajo a largo plazo, en tiempos de inestabilidad institucional en el pa\u00eds y en la propia\u00a0AFA. Repetir\u00eda la consagraci\u00f3n en 1979, en Jap\u00f3n, con un combinado juvenil capitaneado por Diego Armando Maradona, (al que debi\u00f3 dejar afuera de la Mayor), que el propio seleccionador consider\u00f3 el mejor plantel que lleg\u00f3 a dirigir.<\/p>\n<div id=\"talkFireEvent\"><\/div>\n<div class=\"iframely-embed medium-embedded-content\" data-html=\"Jmx0O2Jsb2NrcXVvdGUgY2xhc3M9InR3aXR0ZXItdHdlZXQiIGRhdGEtZG50PSJ0cnVlIiBhbGlnbj0iY2VudGVyIiZndDsmbHQ7cCBsYW5nPSJlcyIgZGlyPSJsdHIiJmd0OyZsdDthIGhyZWY9Imh0dHBzOi8vdHdpdHRlci5jb20vaGFzaHRhZy9Qcm9mdW5kb0RvbG9yP3NyYz1oYXNoJmFtcDthbXA7cmVmX3NyYz10d3NyYyU1RXRmdyImZ3Q7I1Byb2Z1bmRvRG9sb3ImbHQ7L2EmZ3Q7IExhIEFzb2NpYWNpw7NuIGRlbCBGw7p0Ym9sIEFyZ2VudGlubyBsYW1lbnRhIGluZm9ybWFyIGNvbiBlbm9ybWUgdHJpc3RlemEgZWwgZmFsbGVjaW1pZW50byBkZSBDw6lzYXIgTHVpcyBNZW5vdHRpLCBhY3R1YWwgRGlyZWN0b3IgZGUgU2VsZWNjaW9uZXMgTmFjaW9uYWxlcyB5IGV4IHTDqWNuaWNvIENhbXBlw7NuIGRlbCBNdW5kbyBkZSAmbHQ7YSBocmVmPSJodHRwczovL3R3aXR0ZXIuY29tL0FyZ2VudGluYT9yZWZfc3JjPXR3c3JjJTVFdGZ3IiZndDtAQXJnZW50aW5hJmx0Oy9hJmd0Oy4gJmx0O2JyJmd0OyZsdDticiZndDvCoUhhc3RhIHNpZW1wcmUsIEZsYWNvIHF1ZXJpZG8hICZsdDthIGhyZWY9Imh0dHBzOi8vdC5jby9tS0VQUFV6bzJsIiZndDtwaWMudHdpdHRlci5jb20vbUtFUFBVem8ybCZsdDsvYSZndDsmbHQ7L3AmZ3Q7JmFtcDttZGFzaDsgQUZBIChAYWZhKSAmbHQ7YSBocmVmPSJodHRwczovL3R3aXR0ZXIuY29tL2FmYS9zdGF0dXMvMTc4NzE5MjI3MDE0MTE5NDcxMj9yZWZfc3JjPXR3c3JjJTVFdGZ3IiZndDtNYXkgNSwgMjAyNCZsdDsvYSZndDsmbHQ7L2Jsb2NrcXVvdGUmZ3Q7CiZsdDtzY3JpcHQgYXN5bmMgc3JjPSJodHRwczovL3BsYXRmb3JtLnR3aXR0ZXIuY29tL3dpZGdldHMuanMiIGNoYXJzZXQ9InV0Zi04IiZndDsmbHQ7L3NjcmlwdCZndDsKCiZsdDtkaXYgY2xhc3M9Im1lZGl1bS1pbnNlcnQtZW1iZWRzLW1ldGEiJmd0OyZsdDtzY3JpcHQgdHlwZT0idGV4dC9qc29uIiZndDt7InVybCI6Imh0dHBzOi8vdHdpdHRlci5jb20vYWZhL3N0YXR1cy8xNzg3MTkyMjcwMTQxMTk0NzEyIiwidHlwZSI6InJpY2giLCJ2ZXJzaW9uIjoiMS4wIiwidGl0bGUiOiJBRkEgb24gVHdpdHRlciAvIFgiLCJhdXRob3IiOiJBRkEiLCJhdXRob3JfdXJsIjoiaHR0cHM6Ly90d2l0dGVyLmNvbS9hZmEiLCJwcm92aWRlcl9uYW1lIjoiVHdpdHRlciIsImRlc2NyaXB0aW9uIjoiI1Byb2Z1bmRvRG9sb3IgTGEgQXNvY2lhY2nDs24gZGVsIEbDunRib2wgQXJnZW50aW5vIGxhbWVudGEgaW5mb3JtYXIgY29uIGVub3JtZSB0cmlzdGV6YSBlbCBmYWxsZWNpbWllbnRvIGRlIEPDqXNhciBMdWlzIE1lbm90dGksIGFjdHVhbCBEaXJlY3RvciBkZSBTZWxlY2Npb25lcyBOYWNpb25hbGVzIHkgZXggdMOpY25pY28gQ2FtcGXDs24gZGVsIE11bmRvIGRlIEBBcmdlbnRpbmEuIMKhSGFzdGEgc2llbXByZSwgRmxhY28gcXVlcmlkbyEgcGljLnR3aXR0ZXIuY29tL21LRVBQVXpvMmzigJQgQUZBIChAYWZhKSBNYXkgNSwgMjAyNFxuXG5cbiIsImNhY2hlX2FnZSI6ODY0MDAsIm9wdGlvbnMiOnsiX2hpZGVfbWVkaWEiOnsibGFiZWwiOiJIaWRlIHBob3RvcywgdmlkZW9zLCBhbmQgY2FyZHMiLCJ2YWx1ZSI6ZmFsc2V9LCJfdGhlbWUiOnsidmFsdWUiOiIiLCJ2YWx1ZXMiOnsiZGFyayI6IlVzZSBkYXJrIHRoZW1lIn19LCJfbWF4d2lkdGgiOnsidmFsdWUiOiIiLCJsYWJlbCI6IkFkanVzdCB3aWR0aCIsInBsYWNlaG9sZGVyIjoiMjIwLTU1MCwgaW4gcHgifX19Jmx0Oy9zY3JpcHQmZ3Q7Jmx0Oy9kaXYmZ3Q7\">\n<div class=\"iframely-embed\">\n<div class=\"iframely-responsive\"><\/div>\n<\/div>\n<\/div>\n<p>El hist\u00f3rico entrenador\u00a0<b>hab\u00eda ingresado a la guardia del Sanatorio Agote de Recoleta (CABA) a fines de marzo por un severo cuadro de anemia<\/b>\u00a0que se le complic\u00f3 por una tromboflebitis: estuvo consciente y en una sala com\u00fan, pero se encontraba muy d\u00e9bil y por ese motivo se posterg\u00f3 el alta hasta el 10 de abril. \u00abEst\u00e1 bien, l\u00facido, y con ganas de irse ya a su casa\u00bb, dejaron trascender, en aquel momento, desde su entorno.<\/p>\n<div class=\"slot-available\"><\/div>\n<p>Menotti sol\u00eda evitar hasta \u00faltimo momento las visitas a los m\u00e9dicos y eso provoc\u00f3 que terminara hospitalizado debido a que su cuadro de anemia era importante. En agosto del a\u00f1o pasado hab\u00eda sufrido un accidente al caerse en su casa, lo que le provoc\u00f3 una hemorragia interna, y tambi\u00e9n hab\u00eda demorado en acercarse a una guardia. Cuando lo hizo, debi\u00f3 quedarse internado durante varios d\u00edas para poder curarse y ser dado de alta.<\/p>\n<p>Esta \u00faltima vez, ocurri\u00f3 algo similar: el Director de Selecciones Nacionales de la AFA ven\u00eda con algunos s\u00edntomas y tard\u00f3 en buscar asistencia. Sin embargo, luego de ser estabilizado, mediante una serie de transfusiones de sangre, el extrenador recibi\u00f3 el alta m\u00e9dica para seguir con la rehabilitaci\u00f3n en su casa. Finalmente, este domingo se confirm\u00f3 la noticia de su fallecimiento, a los 85 a\u00f1os.<\/p>\n<div class=\"slot-available\"><img loading=\"lazy\" decoding=\"async\" class=\"alignnone size-full wp-image-8778\" src=\"https:\/\/www.sportchaco.com.ar\/wp-content\/uploads\/2024\/04\/gob-salud-cuadrado-marzo-1.gif\" alt=\"\" width=\"250\" height=\"250\" \/><\/div>\n<h2>M\u00e1s que un DT, una leyenda<\/h2>\n<p>\u00abEl Flaco\u00bb, como se lo conoc\u00eda popularmente, fue uno de los hombres m\u00e1s importantes en la historia del f\u00fatbol argentino.<\/p>\n<p>Si bien tuvo una buena carrera como jugador, principalmente en el Rosario Central de sus amores y con breves pasos por Racing, Boca y el Santos de Pel\u00e9, Menotti alcanz\u00f3 su esplendor como entrenador. No s\u00f3lo por los logros, sino por haber dejado una escuela a seguir que perdura en el tiempo con cientos de disc\u00edpulos: el menottismo. \u201cSe puede dejar de correr, dejar de entrar en juego durante largos minutos&#8230; Lo \u00fanico que no se puede es dejar de pensar\u00bb, era uno de sus principales lemas.<\/p>\n<div class=\"slot-available\"><\/div>\n<p>El Flaco apareci\u00f3 p\u00fablicamente por \u00faltima vez el 13 de marzo en una entrevista radial por radio Splendid. All\u00ed tuvo palabras elogiosas para \u00c1ngel Di Mar\u00eda. \u00abEs uno de los mejores futbolistas de la historia del f\u00fatbol argentino. Y si no, revisen d\u00f3nde jug\u00f3, c\u00f3mo jug\u00f3&#8230; Preg\u00fantenles a sus compa\u00f1eros. Para m\u00ed, Di Mar\u00eda es de una importancia en nuestra historia que me doler\u00eda mucho que no disfrute del reconocimiento por todo lo que hizo. Nunca vendi\u00f3 humo, nunca, nunca&#8230; Yo le tengo un gran aprecio. Y eso que no tengo relaci\u00f3n con \u00e9l\u00bb, afirm\u00f3. Fuente P\u00e1gina 12<img loading=\"lazy\" decoding=\"async\" class=\"alignnone size-medium wp-image-8993\" src=\"https:\/\/www.sportchaco.com.ar\/wp-content\/uploads\/2024\/05\/Menotti-Cesar-Luis-300x172.jpg\" alt=\"\" width=\"300\" height=\"172\" srcset=\"https:\/\/www.sportchaco.com.ar\/wp-content\/uploads\/2024\/05\/Menotti-Cesar-Luis-300x172.jpg 300w, https:\/\/www.sportchaco.com.ar\/wp-content\/uploads\/2024\/05\/Menotti-Cesar-Luis.jpg 660w\" sizes=\"auto, (max-width: 300px) 100vw, 300px\" \/><\/p>\n<\/div>\n<\/div>\n<\/div>\n","protected":false},"excerpt":{"rendered":"<p>5-5-2024 El hist\u00f3rico director t\u00e9cnico C\u00e9sar Luis Menotti, que logr\u00f3 la primera estrella de la Selecci\u00f3n Argentina falleci\u00f3 este domingo luego de haber permanecido internado durante casi un mes por un cuadro severo de anemia. La noticia fue confirmada por la AFA. La Asociaci\u00f3n de F\u00fatbol Argentino inform\u00f3 este domingo el fallecimiento de C\u00e9sar Luis &hellip;<\/p>\n","protected":false},"author":2,"featured_media":8993,"comment_status":"open","ping_status":"open","sticky":false,"template":"","format":"standard","meta":{"footnotes":""},"categories":[5],"tags":[],"class_list":["post-8992","post","type-post","status-publish","format-standard","has-post-thumbnail","hentry","category-futbol"],"_links":{"self":[{"href":"https:\/\/www.sportchaco.com.ar\/index.php?rest_route=\/wp\/v2\/posts\/8992","targetHints":{"allow":["GET"]}}],"collection":[{"href":"https:\/\/www.sportchaco.com.ar\/index.php?rest_route=\/wp\/v2\/posts"}],"about":[{"href":"https:\/\/www.sportchaco.com.ar\/index.php?rest_route=\/wp\/v2\/types\/post"}],"author":[{"embeddable":true,"href":"https:\/\/www.sportchaco.com.ar\/index.php?rest_route=\/wp\/v2\/users\/2"}],"replies":[{"embeddable":true,"href":"https:\/\/www.sportchaco.com.ar\/index.php?rest_route=%2Fwp%2Fv2%2Fcomments&post=8992"}],"version-history":[{"count":1,"href":"https:\/\/www.sportchaco.com.ar\/index.php?rest_route=\/wp\/v2\/posts\/8992\/revisions"}],"predecessor-version":[{"id":8994,"href":"https:\/\/www.sportchaco.com.ar\/index.php?rest_route=\/wp\/v2\/posts\/8992\/revisions\/8994"}],"wp:featuredmedia":[{"embeddable":true,"href":"https:\/\/www.sportchaco.com.ar\/index.php?rest_route=\/wp\/v2\/media\/8993"}],"wp:attachment":[{"href":"https:\/\/www.sportchaco.com.ar\/index.php?rest_route=%2Fwp%2Fv2%2Fmedia&parent=8992"}],"wp:term":[{"taxonomy":"category","embeddable":true,"href":"https:\/\/www.sportchaco.com.ar\/index.php?rest_route=%2Fwp%2Fv2%2Fcategories&post=8992"},{"taxonomy":"post_tag","embeddable":true,"href":"https:\/\/www.sportchaco.com.ar\/index.php?rest_route=%2Fwp%2Fv2%2Ftags&post=8992"}],"curies":[{"name":"wp","href":"https:\/\/api.w.org\/{rel}","templated":true}]}}