{"id":8995,"date":"2024-05-05T17:50:07","date_gmt":"2024-05-05T20:50:07","guid":{"rendered":"https:\/\/www.sportchaco.com.ar\/?p=8995"},"modified":"2024-05-05T17:50:07","modified_gmt":"2024-05-05T20:50:07","slug":"schwartzman-puso-fecha-a-retiro-en-emotiva-carta","status":"publish","type":"post","link":"https:\/\/www.sportchaco.com.ar\/?p=8995","title":{"rendered":"Schwartzman puso fecha a retiro en emotiva carta"},"content":{"rendered":"<h1>5-5-2024<\/h1>\n<p class=\"description\">El Peque, ganador de cuatro t\u00edtulos en el circuito ATP, completar\u00e1 la temporada actual y en 2025 colgar\u00e1 la raqueta ante su gente en Argentina.<\/p>\n<div class=\"article-info\">\n<div class=\"article-info-left\">\n<div class=\"article-autor-info\">\n<div class=\"article-autor-name\"><\/div>\n<\/div>\n<\/div>\n<\/div>\n<figure class=\"rat16x9\"><img decoding=\"async\" title=\"Diego Schwartzman\" src=\"https:\/\/media.tycsports.com\/files\/2024\/05\/05\/712949\/diego-schwartzman_416x234.webp?v=1\" srcset=\"https:\/\/media.tycsports.com\/files\/2024\/05\/05\/712949\/diego-schwartzman_416x234.webp?v=1 480w ,https:\/\/media.tycsports.com\/files\/2024\/05\/05\/712949\/diego-schwartzman_862x485.webp?v=1 1080w \" alt=\"Diego Schwartzman\" \/><figcaption>Diego Schwartzman (Fred Lee\/Getty Images)<\/figcaption><\/figure>\n<p class=\"capital\">El tenista argentino\u00a0<b>Diego Schwartzman<\/b>\u00a0anunci\u00f3 su\u00a0<b>retiro\u00a0<\/b>en el\u00a0<b>tenis profesional<\/b>\u00a0que ser\u00e1 efectivo reci\u00e9n en\u00a0<b>2025<\/b>, seg\u00fan lo anunci\u00f3 en una\u00a0<b>extensa carta<\/b>\u00a0que public\u00f3 a trav\u00e9s de sus redes sociales.<\/p>\n<div class=\"watchto-wrap\">\n<div class=\"watchto\"><a class=\"imgwrap\" title=\"Schwartzman encendi\u00f3 las dudas sobre su futuro: &quot;Fin del viaje&quot;\" href=\"https:\/\/www.tycsports.com\/tenis\/schwartzman-encendio-las-dudas-sobre-su-futuro-fin-del-viaje-id579573.html\"><picture><source srcset=\"https:\/\/media.tycsports.com\/files\/2024\/04\/22\/707507\/diego-schwartzman-_267x150.webp?v=1\" media=\"(min-width: 721px)\" \/><source srcset=\"https:\/\/media.tycsports.com\/files\/2024\/04\/22\/707507\/diego-schwartzman-_267x356.webp?v=1\" media=\"(max-width: 721px)\" \/><img decoding=\"async\" src=\"https:\/\/media.tycsports.com\/files\/2024\/04\/22\/707507\/diego-schwartzman-_267x150.webp?v=1\" alt=\"Foto: Schwartzman encendi\u00f3 las dudas sobre su futuro: &quot;Fin del viaje&quot;\" data-src=\"https:\/\/media.tycsports.com\/files\/2024\/04\/22\/707507\/diego-schwartzman-_267x150.webp?v=1\" \/><\/picture><\/a><\/p>\n<div class=\"watchto-text\">\n<h2><\/h2>\n<\/div>\n<div class=\"watchto-btn-view\"><\/div>\n<\/div>\n<\/div>\n<p>Schwartzman, de 31 a\u00f1os,\u00a0gan\u00f3 cuatro t\u00edtulos en el circuito ATP\u00a0(Buenos Aires 2021, Los Cabos 2019, R\u00edo de Janeiro 2018 y Estambul 2016) y lleg\u00f3 a ser el octavo jugador del mundo en octubre de 2020. Ahora est\u00e1 fijado en el puesto 142 del ranking.<\/p>\n<p>La\u00a0\u00faltima participaci\u00f3n del Peque ser\u00e1 en febrero del pr\u00f3ximo a\u00f1o, cuando dispute el\u00a0Argentina Open\u00a0ante su gente en el Lawn Tennis Club. \u00ab<i>Cada rinc\u00f3n de la cancha, cada segundo entrenando, cada punto compitiendo, cada momento fui inmensamente feliz. Lo viv\u00ed con tanta intensidad que hoy me resulta dif\u00edcil mantener. Todos esos momentos tan lindos se han convertido en algo que hoy lleva peso y me cuesta seguir disfrutando plenamente<\/i>\u00ab, explic\u00f3.<\/p>\n<p>Sumido en un baj\u00f3n deportivo desde mediados de 2022,\u00a0a\u00a0Schwartzman no le fue bien esta temporada:\u00a0perdi\u00f3 en la ronda inicial del ATP 250 de C\u00f3rdoba ante el juvenil Rom\u00e1n Burruchaga, hijo del recordado delantero de la Selecci\u00f3n Argentina, en el Argentina Open ante el colombiano Daniel Gal\u00e1n, en Los Cabos con Emilio Nava (EEUU) y en Acapulco ante el serbio Kecmanovic.<\/p>\n<p>En el Masters 1000 de Indian Wells, en tanto, no accedi\u00f3 al cuadro principal. S\u00ed en Miami pero cay\u00f3 frente a Roman Safiullin. Tras no superar la qualy en Roma y Madrid,\u00a0su \u00faltimo partido en el main draw fue en el ATP de Barcelona -perdi\u00f3 6-1 y 6-2 con el serbio Lajovic-.<\/p>\n<p>&nbsp;<\/p>\n<p>&nbsp;<\/p>\n<div class=\"watchto-wrap\">\n<div class=\"watchto\"><a class=\"imgwrap\" title=\"Diego Schwartzman y sus m\u00e1s de 50 audios in\u00e9ditos de Diego Maradona: &quot;Me pongo a llorar al segundo&quot;\" href=\"http:\/\/xn--el%20tenista%20mostr%20uno%20de%20las%20decenas%20de%20mensajes%20de%20voz%20que%20atesora%20en%20su%20celular%20y%20cont%20que%20los%20escucha%20con%20frecuencia-flp5f.\/\"><picture><source srcset=\"https:\/\/media.tycsports.com\/files\/2024\/03\/28\/696445\/schwartzman-maradona_267x150.webp\" media=\"(min-width: 721px)\" \/><source srcset=\"https:\/\/media.tycsports.com\/files\/2024\/03\/28\/696445\/schwartzman-maradona_267x356.webp\" media=\"(max-width: 721px)\" \/><img decoding=\"async\" src=\"https:\/\/media.tycsports.com\/files\/2024\/03\/28\/696445\/schwartzman-maradona_267x150.webp\" alt=\"Foto: Diego Schwartzman y sus m\u00e1s de 50 audios in\u00e9ditos de Diego Maradona: &quot;Me pongo a llorar al segundo&quot;\" data-src=\"https:\/\/media.tycsports.com\/files\/2024\/03\/28\/696445\/schwartzman-maradona_267x150.webp\" \/><\/picture><\/a><\/p>\n<div class=\"watchto-text\"><\/div>\n<div class=\"watchto-btn-view\"><\/div>\n<\/div>\n<\/div>\n<h2>La emotiva carta de Diego Schwartzman<\/h2>\n<p><b>Schwartzman\u00a0<\/b>hizo una cronolog\u00eda de su carrera con fotos desde sus primeros pasos en la actividad hasta los mejores monentos junto a Roger Federer, Rafa Nadal y Novak Djokovic.<\/p>\n<p>\u00ab<i>\u00a1Qu\u00e9 viaje! Cu\u00e1ntos momentos que jam\u00e1s imagin\u00e9, cu\u00e1ntas an\u00e9cdotas que jam\u00e1s so\u00f1\u00e9, cu\u00e1nta gente conoc\u00ed que me ayud\u00f3 a crecer, que me ense\u00f1\u00f3 tanto, que me convirti\u00f3 en un jugador y una persona mucho mejor de lo que alguna vez alguien crey\u00f3 que ser\u00eda incluy\u00e9ndome.<\/i><\/p>\n<p><i>Cada rinc\u00f3n de la cancha, cada segundo entrenando, cada punto compitiendo, cada momento fui inmensamente feliz.\u00a0<b>Lo viv\u00ed con tanta intensidad que hoy me resulta dif\u00edcil mantener. Todos esos momentos tan lindos se han convertido en algo que hoy lleva peso y me cuesta seguir disfrutando plenamente<\/b>. Por un lado, dejar una vida que me dio tanto es una decisi\u00f3n demasiado dif\u00edcil, pero por otro lado, lo feliz que fui jugando al tenis me impulsa a seguir queriendo mantener la sonrisa dentro y fuera de la cancha como siempre lo hice.\u00a0<b>Sin embargo, hoy esa sonrisa por momentos me cuesta encontrarla. En mi interior, un animal competitivo me impide disfrutar, jugar y viajar como sol\u00eda hacerlo. Quiero que mis \u00faltimos torneos sean una decisi\u00f3n propia. Que este 2024 sea de esa manera, ojal\u00e1 teniendo la oportunidad de competir en los torneos que m\u00e1s disfruto. Y en 2025, en Argentina, poder tener mi momento final, el m\u00e1s hermoso cierre que pueda imaginar.<\/b><\/i><\/p>\n<p><i>A mis entrenadores, preparadores f\u00edsicos, f\u00edsios, Luchito Spena, mis rivales, compa\u00f1eros. A mis amigos que los amo<\/i><\/p>\n<p><i>Mis hermanos y mis viejos que desde chiquito volamos demasiado alto cumpliendo sue\u00f1os en familia, y sin ustedes nada hubiera sucedido, Euge que es la mejor compa\u00f1era que me pod\u00eda tocar para compartir la vida y Pico que fue un gran Gu\u00eda desde que tengo uso de raz\u00f3n en mi carrera.<\/i><\/p>\n<p><i>Gracias! Gracias de coraz\u00f3n.<\/i><\/p>\n<p><i>El tenis me ha dado todo lo que tengo y mucho m\u00e1s que llevar\u00e9 conmigo para siempre. Fue un viaje maravilloso y ustedes fueron una parte vital de \u00e9l. Por eso quer\u00eda comunicarlo ac\u00e1 y agradecerles porque \u201cEl Peque\u201d tuvo una vida de gigante.<\/i><\/p>\n<p><i><b>Pelotita, \u00bfQu\u00e9 puedo decirte para cerrar&#8230;? Me hiciste correr demasiado, re\u00edr, llorar, viajar y conocer. Me diste mucho y es hora de pasar a otra etapa<\/b>.<\/i><\/p>\n<p><i><b>Nos vemos pronto tenis, a seguir transpirando hasta la \u00faltima gota y trabajando como profesional hasta el \u00faltimo punto que me toque jugar en una cancha, El Peque<\/b><\/i>\u00ab, reza el escrito. Fuente TyC Sports<\/p>\n<p><img loading=\"lazy\" decoding=\"async\" class=\"alignnone size-full wp-image-8996\" src=\"https:\/\/www.sportchaco.com.ar\/wp-content\/uploads\/2024\/05\/gob-salud-marzo-apaisado-2.gif\" alt=\"\" width=\"250\" height=\"250\" \/><\/p>\n","protected":false},"excerpt":{"rendered":"<p>5-5-2024 El Peque, ganador de cuatro t\u00edtulos en el circuito ATP, completar\u00e1 la temporada actual y en 2025 colgar\u00e1 la raqueta ante su gente en Argentina. Diego Schwartzman (Fred Lee\/Getty Images) El tenista argentino\u00a0Diego Schwartzman\u00a0anunci\u00f3 su\u00a0retiro\u00a0en el\u00a0tenis profesional\u00a0que ser\u00e1 efectivo reci\u00e9n en\u00a02025, seg\u00fan lo anunci\u00f3 en una\u00a0extensa carta\u00a0que public\u00f3 a trav\u00e9s de sus redes sociales. &hellip;<\/p>\n","protected":false},"author":2,"featured_media":8997,"comment_status":"open","ping_status":"open","sticky":false,"template":"","format":"standard","meta":{"footnotes":""},"categories":[46],"tags":[],"class_list":["post-8995","post","type-post","status-publish","format-standard","has-post-thumbnail","hentry","category-tenis"],"_links":{"self":[{"href":"https:\/\/www.sportchaco.com.ar\/index.php?rest_route=\/wp\/v2\/posts\/8995","targetHints":{"allow":["GET"]}}],"collection":[{"href":"https:\/\/www.sportchaco.com.ar\/index.php?rest_route=\/wp\/v2\/posts"}],"about":[{"href":"https:\/\/www.sportchaco.com.ar\/index.php?rest_route=\/wp\/v2\/types\/post"}],"author":[{"embeddable":true,"href":"https:\/\/www.sportchaco.com.ar\/index.php?rest_route=\/wp\/v2\/users\/2"}],"replies":[{"embeddable":true,"href":"https:\/\/www.sportchaco.com.ar\/index.php?rest_route=%2Fwp%2Fv2%2Fcomments&post=8995"}],"version-history":[{"count":1,"href":"https:\/\/www.sportchaco.com.ar\/index.php?rest_route=\/wp\/v2\/posts\/8995\/revisions"}],"predecessor-version":[{"id":8998,"href":"https:\/\/www.sportchaco.com.ar\/index.php?rest_route=\/wp\/v2\/posts\/8995\/revisions\/8998"}],"wp:featuredmedia":[{"embeddable":true,"href":"https:\/\/www.sportchaco.com.ar\/index.php?rest_route=\/wp\/v2\/media\/8997"}],"wp:attachment":[{"href":"https:\/\/www.sportchaco.com.ar\/index.php?rest_route=%2Fwp%2Fv2%2Fmedia&parent=8995"}],"wp:term":[{"taxonomy":"category","embeddable":true,"href":"https:\/\/www.sportchaco.com.ar\/index.php?rest_route=%2Fwp%2Fv2%2Fcategories&post=8995"},{"taxonomy":"post_tag","embeddable":true,"href":"https:\/\/www.sportchaco.com.ar\/index.php?rest_route=%2Fwp%2Fv2%2Ftags&post=8995"}],"curies":[{"name":"wp","href":"https:\/\/api.w.org\/{rel}","templated":true}]}}