{"id":9005,"date":"2024-05-05T22:34:19","date_gmt":"2024-05-06T01:34:19","guid":{"rendered":"https:\/\/www.sportchaco.com.ar\/?p=9005"},"modified":"2024-05-05T22:34:19","modified_gmt":"2024-05-06T01:34:19","slug":"efemerides-del-6-de-mayo","status":"publish","type":"post","link":"https:\/\/www.sportchaco.com.ar\/?p=9005","title":{"rendered":"Efem\u00e9rides del 6 de mayo"},"content":{"rendered":"<p><strong>Esta es la Efem\u00e9rides del Deporte en el Chaco de un 6 de mayo del periodista Luis Dar\u00edo Molodezky.<\/strong><\/p>\n<p><img loading=\"lazy\" decoding=\"async\" class=\"alignnone size-medium wp-image-9006\" src=\"https:\/\/www.sportchaco.com.ar\/wp-content\/uploads\/2024\/05\/Luis-Molodezky-210x300.jpg\" alt=\"\" width=\"210\" height=\"300\" srcset=\"https:\/\/www.sportchaco.com.ar\/wp-content\/uploads\/2024\/05\/Luis-Molodezky-210x300.jpg 210w, https:\/\/www.sportchaco.com.ar\/wp-content\/uploads\/2024\/05\/Luis-Molodezky.jpg 275w\" sizes=\"auto, (max-width: 210px) 100vw, 210px\" \/><\/p>\n<p>&nbsp;<\/p>\n<p><strong> <img loading=\"lazy\" decoding=\"async\" class=\"alignnone size-medium wp-image-8715\" src=\"https:\/\/www.sportchaco.com.ar\/wp-content\/uploads\/2024\/04\/gob-marzo-3-apaisado-fumigologo-300x38.jpg\" alt=\"\" width=\"300\" height=\"38\" srcset=\"https:\/\/www.sportchaco.com.ar\/wp-content\/uploads\/2024\/04\/gob-marzo-3-apaisado-fumigologo-300x38.jpg 300w, https:\/\/www.sportchaco.com.ar\/wp-content\/uploads\/2024\/04\/gob-marzo-3-apaisado-fumigologo.jpg 720w\" sizes=\"auto, (max-width: 300px) 100vw, 300px\" \/> <img loading=\"lazy\" decoding=\"async\" class=\"alignnone size-medium wp-image-8714\" src=\"https:\/\/www.sportchaco.com.ar\/wp-content\/uploads\/2024\/04\/gob-salud-apaisado-marzo-300x37.gif\" alt=\"\" width=\"300\" height=\"37\" \/><\/strong><\/p>\n<p>&nbsp;<\/p>\n<p><strong>1942 \/ <\/strong>Nace en Machagai Osvaldo Pato Monfardini, que se destac\u00f3 en el fisicoculturimo con varios t\u00edtulos a nivel nacional. Practic\u00f3 f\u00fatbol, b\u00e1squetbol y rugby. Organiz\u00f3 varios torneos argentinos en Resistencia, el m\u00e1s recordado el desarrollado en el Domo mientras era presidente de ACHAPEFI. Compiti\u00f3 hasta 1990, y luego sigui\u00f3 con el trabajo en su gimnasio, que hoy regentea su hijo Mario.<\/p>\n<p><strong><img loading=\"lazy\" decoding=\"async\" class=\"alignnone size-medium wp-image-9007\" src=\"https:\/\/www.sportchaco.com.ar\/wp-content\/uploads\/2024\/05\/Pato-Monfardini-dic-2021-con-Lucero-300x300.jpg\" alt=\"\" width=\"300\" height=\"300\" srcset=\"https:\/\/www.sportchaco.com.ar\/wp-content\/uploads\/2024\/05\/Pato-Monfardini-dic-2021-con-Lucero-300x300.jpg 300w, https:\/\/www.sportchaco.com.ar\/wp-content\/uploads\/2024\/05\/Pato-Monfardini-dic-2021-con-Lucero-150x150.jpg 150w, https:\/\/www.sportchaco.com.ar\/wp-content\/uploads\/2024\/05\/Pato-Monfardini-dic-2021-con-Lucero.jpg 600w\" sizes=\"auto, (max-width: 300px) 100vw, 300px\" \/> Foto portada del Pato Monfardini<\/strong><\/p>\n<p><strong>1979 <\/strong>\/ Villa \u00c1ngela se consagr\u00f3 campe\u00f3n provincial de b\u00e1squetbol, al superar a Resistencia por 79 a 78 (parcial 39- 38) en cancha de Regatas. Integraron el plantel Salinas, Carlos Lobera, Jorge Lobera, Cenzano, Mancebo, Kovaznay, Bonfanti, Claris, Milovich y Fern\u00e1ndez.<\/p>\n<p>&nbsp;<\/p>\n<p><strong>1984 <\/strong>\/ Finaliza en la cancha de Regatas la Copa Latinoamericana, organizada por la Federaci\u00f3n Chaque\u00f1a de B\u00e1squetbol. Uruguay fue el campe\u00f3n, luego de vencer a Argentina (72 a 71), Rep\u00fablica Dominicana y Puerto Rico.<\/p>\n<p><strong>1985 <\/strong>\/ Fallece el destacado dirigente Aniceto Orrego, que ocupaba la presidencia del C\u00edrculo Chaque\u00f1o de Atletismo \u201cDelfo Cabrera\u201d y del Club Comunicaciones. Fue integrante de un destacado equipo de b\u00e1squetbol de Miguel Can\u00e9, que integraban Valussi, Semino e Hidalgo entre otros.<\/p>\n<p><strong>1989 <\/strong>\/ Despu\u00e9s de 20 a\u00f1os se retira de NORTE don Aledo Luis Meloni, quien se desempe\u00f1a como jefe de Correctores.<\/p>\n<p><strong>2006 \/<\/strong> Fallece a los 71 a\u00f1os en S\u00e1enz Pe\u00f1a el reconocido periodista Mario Fernando Romano, estrechamente vinculado al deporte chaque\u00f1o. Se desempe\u00f1o en diarios y radio en la d\u00e9cada del 60, integrando el equipo del recordado programa de radio \u201cMomento Deportivo\u201d por LT 16 con Carlos Cacho Silva, Ra\u00fal Sobol, C\u00e9sar Miguel Gerez, Antonio Araya y Daniel Villalba, entre otros. En la funci\u00f3n p\u00fablica fue director de Protocolo en la gesti\u00f3n del intendente Luis Horacio Lita (1987-89) y director de Turismo en la gesti\u00f3n de Carlos D\u00edaz (1989-91). Grande fue la sorpresa cuando en la presentaci\u00f3n de la pel\u00edcula \u201cMate Cosido, el bandolero fantasma\u201d en 2003 revel\u00f3 que Segundo David Peralta era su padre y fue anotado por su madre Ramona Beba Romano. Trabaj\u00f3 en esa pel\u00edcula de la la directora Saenzpe\u00f1ense Michelina Oviedo. Integr\u00f3 el Sindicato de Prensa y el C\u00edrculo de Periodistas Deportivos que lo distingui\u00f3 como socio honorario.<\/p>\n<p><strong>2007 <\/strong>\/ El Saenzpe\u00f1ense Gustavo Maldonado se adjudic\u00f3 la segunda fecha del Torneo Federativo de Golf que se disput\u00f3 en el Centro Democr\u00e1tico. El Chaco Golf Club se qued\u00f3 con el primer puesto en equipos con y sin h\u00e1ndicap. Segundo en la categor\u00eda scratch fue para Roberto Garc\u00eda.<\/p>\n<p>&nbsp;<\/p>\n","protected":false},"excerpt":{"rendered":"<p>Esta es la Efem\u00e9rides del Deporte en el Chaco de un 6 de mayo del periodista Luis Dar\u00edo Molodezky. &nbsp; &nbsp; 1942 \/ Nace en Machagai Osvaldo Pato Monfardini, que se destac\u00f3 en el fisicoculturimo con varios t\u00edtulos a nivel nacional. Practic\u00f3 f\u00fatbol, b\u00e1squetbol y rugby. Organiz\u00f3 varios torneos argentinos en Resistencia, el m\u00e1s recordado &hellip;<\/p>\n","protected":false},"author":2,"featured_media":9009,"comment_status":"open","ping_status":"open","sticky":false,"template":"","format":"standard","meta":{"footnotes":""},"categories":[45,35],"tags":[],"class_list":["post-9005","post","type-post","status-publish","format-standard","has-post-thumbnail","hentry","category-efemerides-dia-por-dia","category-mayo"],"_links":{"self":[{"href":"https:\/\/www.sportchaco.com.ar\/index.php?rest_route=\/wp\/v2\/posts\/9005","targetHints":{"allow":["GET"]}}],"collection":[{"href":"https:\/\/www.sportchaco.com.ar\/index.php?rest_route=\/wp\/v2\/posts"}],"about":[{"href":"https:\/\/www.sportchaco.com.ar\/index.php?rest_route=\/wp\/v2\/types\/post"}],"author":[{"embeddable":true,"href":"https:\/\/www.sportchaco.com.ar\/index.php?rest_route=\/wp\/v2\/users\/2"}],"replies":[{"embeddable":true,"href":"https:\/\/www.sportchaco.com.ar\/index.php?rest_route=%2Fwp%2Fv2%2Fcomments&post=9005"}],"version-history":[{"count":1,"href":"https:\/\/www.sportchaco.com.ar\/index.php?rest_route=\/wp\/v2\/posts\/9005\/revisions"}],"predecessor-version":[{"id":9010,"href":"https:\/\/www.sportchaco.com.ar\/index.php?rest_route=\/wp\/v2\/posts\/9005\/revisions\/9010"}],"wp:featuredmedia":[{"embeddable":true,"href":"https:\/\/www.sportchaco.com.ar\/index.php?rest_route=\/wp\/v2\/media\/9009"}],"wp:attachment":[{"href":"https:\/\/www.sportchaco.com.ar\/index.php?rest_route=%2Fwp%2Fv2%2Fmedia&parent=9005"}],"wp:term":[{"taxonomy":"category","embeddable":true,"href":"https:\/\/www.sportchaco.com.ar\/index.php?rest_route=%2Fwp%2Fv2%2Fcategories&post=9005"},{"taxonomy":"post_tag","embeddable":true,"href":"https:\/\/www.sportchaco.com.ar\/index.php?rest_route=%2Fwp%2Fv2%2Ftags&post=9005"}],"curies":[{"name":"wp","href":"https:\/\/api.w.org\/{rel}","templated":true}]}}