{"id":9018,"date":"2024-05-06T10:52:52","date_gmt":"2024-05-06T13:52:52","guid":{"rendered":"https:\/\/www.sportchaco.com.ar\/?p=9018"},"modified":"2024-05-06T10:52:52","modified_gmt":"2024-05-06T13:52:52","slug":"tiago-palacios-choco-en-una-estacion-de-servicio-tras-ser-campeon-con-estudiantes-una-persona-herida","status":"publish","type":"post","link":"https:\/\/www.sportchaco.com.ar\/?p=9018","title":{"rendered":"Tiago Palacios choc\u00f3 en una estaci\u00f3n de servicio tras ser campe\u00f3n con Estudiantes: una persona herida"},"content":{"rendered":"<h1><span style=\"font-size: 16px; font-weight: 400;\">06\/05\/2024<\/span><\/h1>\n<p class=\"description\"><strong>El joven futbolista del Pincha Tiago Palacios choc\u00f3 con su camioneta contra un surtidor. Una empleada tuvo que ser traslada al Hospital Fern\u00e1ndez por traumatismos.<\/strong><\/p>\n<div class=\"article-info\">\n<div class=\"article-info-left\">\n<div class=\"article-autor-info\">\n<div class=\"article-autor-name\"><time datetime=\"2024-05-06T10:33:26-03:00\">\u00a0<\/time><\/div>\n<\/div>\n<\/div>\n<\/div>\n<figure class=\"rat16x9\"><figcaption>Tiago Palacios choc\u00f3 con su camioneta en una estaci\u00f3n de servicio tras ser campe\u00f3n con Estudiantes de La Plata.<\/figcaption><\/figure>\n<p class=\"capital\"><b>Tiago Palacios<\/b>, flamante campe\u00f3n de la<b>\u00a0Copa de la Liga Profesional\u00a0<\/b>con\u00a0<b>Estudiantes de La Plata<\/b>, protagoniz\u00f3 un accidente a la ma\u00f1ana siguiente de la coronaci\u00f3n:\u00a0<b>choc\u00f3 con su camioneta\u00a0<\/b>contra un surtidor de una estaci\u00f3n de servicio.\u00a0<b>Una empleada result\u00f3 herida<\/b>\u00a0y fue trasladada a un hospital.<\/p>\n<div class=\"watchto-wrap\">\n<div class=\"watchto\"><img decoding=\"async\" title=\"Camioneta Tiago Palacios\" src=\"https:\/\/media.tycsports.com\/files\/2024\/05\/06\/713249\/camioneta-tiago-palacios_416x234.webp?v=2\" srcset=\"https:\/\/media.tycsports.com\/files\/2024\/05\/06\/713249\/camioneta-tiago-palacios_416x234.webp?v=2 480w ,https:\/\/media.tycsports.com\/files\/2024\/05\/06\/713249\/camioneta-tiago-palacios_862x485.webp?v=2 1080w \" alt=\"Camioneta Tiago Palacios\" \/><\/p>\n<div class=\"watchto-text\"><\/div>\n<div class=\"watchto-btn-view\"><\/div>\n<\/div>\n<\/div>\n<p>Seg\u00fan inform\u00f3<i>\u00a0TN<\/i>, el futbolista perdi\u00f3 el control del veh\u00edculo (una Jeep Compass) cuando ingres\u00f3 en la Shell de Autopista Illia y Paseo del Bajo, en Retiro: dio de lleno contra el surtidor.\u00bbA causa de eso, una dependiente de la estaci\u00f3n de servicio, de 27 a\u00f1os, recibi\u00f3 un traumatismo. La hemos derivado al Hospital Fern\u00e1ndez\u00bb,\u00a0explic\u00f3 Alberto Crescenti, director del SAME, en di\u00e1logo con\u00a0<i>TyC Sports<\/i>.<\/p>\n<p>La mujer se lesion\u00f3 al intentar salir de la zona ante la inminente colisi\u00f3n, de acuerdo a los diferentes testimonios de testigos. Por su parte, Palacios se retir\u00f3 de la camioneta por sus propios medios, ilesio.<\/p>\n<p>&nbsp;<\/p>\n<p>\u00abEl resto, el conductor y el acompa\u00f1ante, se negaron al traslado\u00bb, agreg\u00f3. \u00abLa se\u00f1orita fue traslada del Fern\u00e1ndez<b>.<\/b> Est\u00e1 en el shock room. Seg\u00fan me refer\u00edan, era politraumatismo y no corr\u00eda riesgo su vida<b>.\u00a0<\/b>El resto no se quisieron trasladar. No ten\u00edan ning\u00fan tipo de lesiones\u00bb, detall\u00f3.<\/p>\n<p>&nbsp;<\/p>\n<p>&nbsp;<\/p>\n<section class=\"fluidMedia\">\n<div id=\"video-genoa-713246\" class=\"player-nota-wrapper genoa-async lazycontainer\" data-contentid=\"1614417\" data-share=\"https:\/\/www.tycsports.com\/liga-profesional-de-futbol\/tiago-palacios-protagonizo-un-accidente-tras-ser-campeon-con-estudiantes-una-persona-herida-id582495.html\"><\/div>\n<\/section>\n<h2>El d\u00eda despu\u00e9s de Estudiantes tras ser campe\u00f3n de la Copa LPF<\/h2>\n<p>Con la Copa Libertadores en marcha, el Pincha no tiene descanso: debe prepararse para lo que ser\u00e1 el cuarto partido de la fase de grupos. El pr\u00f3ximo mi\u00e9rcoles 8 de mayo, se medir\u00e1 con The Strongest, en un partido que no ser\u00e1 tarea f\u00e1cil.Es que se jugar\u00e1 en Bolivia y el viaje y la altura son un condicionante conocido.<\/p>\n<p>El tiempo para descansar es muy poco, ya que debe prepararse a nivel f\u00edsico y mental para tener una buena chance y poder sumar puntos.<b>\u00a0En la Zona C, el equipo de La Plata se encuentra en el tercer puesto con la misma cantidad de puntos que el equipo boliviano (4)<\/b>, y los dos siguientes compromisos (Gremio y Huachipato) tampoco ser\u00e1n un tr\u00e1mite. \u00bfPodr\u00e1 el t\u00edtulo de campe\u00f3n darle el impulso en la Copa Libertadores?<\/p>\n<p>Fuente TyC sports<\/p>\n<p><img loading=\"lazy\" decoding=\"async\" class=\"alignnone size-medium wp-image-8715\" src=\"https:\/\/www.sportchaco.com.ar\/wp-content\/uploads\/2024\/04\/gob-marzo-3-apaisado-fumigologo-300x38.jpg\" alt=\"\" width=\"300\" height=\"38\" srcset=\"https:\/\/www.sportchaco.com.ar\/wp-content\/uploads\/2024\/04\/gob-marzo-3-apaisado-fumigologo-300x38.jpg 300w, https:\/\/www.sportchaco.com.ar\/wp-content\/uploads\/2024\/04\/gob-marzo-3-apaisado-fumigologo.jpg 720w\" sizes=\"auto, (max-width: 300px) 100vw, 300px\" \/> <img loading=\"lazy\" decoding=\"async\" class=\"alignnone size-medium wp-image-8714\" src=\"https:\/\/www.sportchaco.com.ar\/wp-content\/uploads\/2024\/04\/gob-salud-apaisado-marzo-300x37.gif\" alt=\"\" width=\"300\" height=\"37\" \/><\/p>\n","protected":false},"excerpt":{"rendered":"<p>06\/05\/2024 El joven futbolista del Pincha Tiago Palacios choc\u00f3 con su camioneta contra un surtidor. Una empleada tuvo que ser traslada al Hospital Fern\u00e1ndez por traumatismos. \u00a0 Tiago Palacios choc\u00f3 con su camioneta en una estaci\u00f3n de servicio tras ser campe\u00f3n con Estudiantes de La Plata. Tiago Palacios, flamante campe\u00f3n de la\u00a0Copa de la Liga &hellip;<\/p>\n","protected":false},"author":2,"featured_media":9019,"comment_status":"open","ping_status":"open","sticky":false,"template":"","format":"standard","meta":{"footnotes":""},"categories":[47],"tags":[],"class_list":["post-9018","post","type-post","status-publish","format-standard","has-post-thumbnail","hentry","category-nacionales"],"_links":{"self":[{"href":"https:\/\/www.sportchaco.com.ar\/index.php?rest_route=\/wp\/v2\/posts\/9018","targetHints":{"allow":["GET"]}}],"collection":[{"href":"https:\/\/www.sportchaco.com.ar\/index.php?rest_route=\/wp\/v2\/posts"}],"about":[{"href":"https:\/\/www.sportchaco.com.ar\/index.php?rest_route=\/wp\/v2\/types\/post"}],"author":[{"embeddable":true,"href":"https:\/\/www.sportchaco.com.ar\/index.php?rest_route=\/wp\/v2\/users\/2"}],"replies":[{"embeddable":true,"href":"https:\/\/www.sportchaco.com.ar\/index.php?rest_route=%2Fwp%2Fv2%2Fcomments&post=9018"}],"version-history":[{"count":1,"href":"https:\/\/www.sportchaco.com.ar\/index.php?rest_route=\/wp\/v2\/posts\/9018\/revisions"}],"predecessor-version":[{"id":9020,"href":"https:\/\/www.sportchaco.com.ar\/index.php?rest_route=\/wp\/v2\/posts\/9018\/revisions\/9020"}],"wp:featuredmedia":[{"embeddable":true,"href":"https:\/\/www.sportchaco.com.ar\/index.php?rest_route=\/wp\/v2\/media\/9019"}],"wp:attachment":[{"href":"https:\/\/www.sportchaco.com.ar\/index.php?rest_route=%2Fwp%2Fv2%2Fmedia&parent=9018"}],"wp:term":[{"taxonomy":"category","embeddable":true,"href":"https:\/\/www.sportchaco.com.ar\/index.php?rest_route=%2Fwp%2Fv2%2Fcategories&post=9018"},{"taxonomy":"post_tag","embeddable":true,"href":"https:\/\/www.sportchaco.com.ar\/index.php?rest_route=%2Fwp%2Fv2%2Ftags&post=9018"}],"curies":[{"name":"wp","href":"https:\/\/api.w.org\/{rel}","templated":true}]}}