{"id":9035,"date":"2024-05-06T23:25:25","date_gmt":"2024-05-07T02:25:25","guid":{"rendered":"https:\/\/www.sportchaco.com.ar\/?p=9035"},"modified":"2024-05-06T23:25:30","modified_gmt":"2024-05-07T02:25:30","slug":"efemerides-del-7-de-mayo","status":"publish","type":"post","link":"https:\/\/www.sportchaco.com.ar\/?p=9035","title":{"rendered":"Efem\u00e9rides del 7 de mayo"},"content":{"rendered":"<p><strong>Esta es la Efem\u00e9rides del Deporte en el Chaco de un 7 de mayo del periodista Luis Dar\u00edo Molodezky.<\/strong><\/p>\n<p><img loading=\"lazy\" decoding=\"async\" class=\"alignnone size-medium wp-image-9006\" src=\"https:\/\/www.sportchaco.com.ar\/wp-content\/uploads\/2024\/05\/Luis-Molodezky-210x300.jpg\" alt=\"\" width=\"210\" height=\"300\" srcset=\"https:\/\/www.sportchaco.com.ar\/wp-content\/uploads\/2024\/05\/Luis-Molodezky-210x300.jpg 210w, https:\/\/www.sportchaco.com.ar\/wp-content\/uploads\/2024\/05\/Luis-Molodezky.jpg 275w\" sizes=\"auto, (max-width: 210px) 100vw, 210px\" \/><\/p>\n<p><strong>\u00a0<\/strong><\/p>\n<p><strong>\u00a0<\/strong><\/p>\n<p><strong>1921 \/ <\/strong>Nace Germinal Juan quien jug\u00f3 en Gimnasia y Esgrima de Santa Fe, provincia donde naci\u00f3 \u00a0y en Sarmiento de Resistencia, cuando fue trasladado por el Banco Naci\u00f3n.\u00a0 Su t\u00e9cnica y su manejo de la pelota eran la de un exquisito. Jugaba de wing y con el decano fue campe\u00f3n del Litoral, semifinalista del Campeonato de la Rep\u00fablica y ganador del Oficial en 1944 y 1945.<\/p>\n<p><strong>\u00a0<\/strong><\/p>\n<p><strong>\u00a0<\/strong><\/p>\n<p><strong>1948 \/ <\/strong>Se constituye la Comisi\u00f3n Promotora Pro Preparaci\u00f3n de Coche de Carrera de Charata, con una reuni\u00f3n en el domicilio de la familia Molina, en 9 de Julio 401 (la hist\u00f3rica Pensi\u00f3n Molina). El objetivo recaudar fondos para solventar los gastos de preparaci\u00f3n de un auto de carrera destinado a La Vuelta del Chaco de 1948. Presidi\u00f3 el grupo el\u00a0 el intendente Manuel S. Salvador y la conformaron adem\u00e1s Abraham Kohanoff, Pablo Tejedor, Emilio V\u00edctor Rodr\u00edguez, Horacio Perino, \u00c1ngel S\u00e1nchez, F\u00e9lix Arrudi, Alberto Llarens, Pedro R. Florent\u00edn y Humberto Castillo. Antonio Molina de 24 a\u00f1os, se convirti\u00f3 en el primer piloto en representar a la localidad en un evento nacional.<\/p>\n<p><strong>\u00a0<\/strong><\/p>\n<p><strong>1958 <\/strong>\/ Nace el Club Bancarios. Su primer presidente fue Alberto Romini, acompa\u00f1ado entre otros por Yoyi Lindstrom, Am\u00edlcar Baldo, Carlos Sejas y Arnaldo S\u00e1nchez de Le\u00f3n. Tiene su estadio en la Ruta 11 en Villa Cristo Rey, aleda\u00f1o al Aut\u00f3dromo Yaco Guarnieri.<\/p>\n<p>&nbsp;<\/p>\n<p><strong>1986 <\/strong>\/ Fallece en Villa Angela Juan Ilias, uno de los mejores arqueros de la historia de Alvear y la AFOCH. Fue arquero de Alvear entre 1954 y 1962, siendo titular indiscutido adem\u00e1s en la Selecci\u00f3n durante la disputa de la Copa Adri\u00e1n B\u00e9ccar Varela.<\/p>\n<p>&nbsp;<\/p>\n<p><strong>1989 <\/strong>\/ El joven atleta de General San Mart\u00edn Horacio Miguel P\u00e9rez obtuvo el primer lugar en los 400 metros con vallas, al imponerse con un tiempo de 57\u201d5\/10 en la prueba internacional realizada en el Club Col\u00f3n de Santa Fe. El chaque\u00f1o es conducido t\u00e9cnicamente por Sergio Rogatsky y pertenece al club Sportivo.<\/p>\n<p>&nbsp;<\/p>\n<p><strong>1989 <\/strong>\/ El saenzpe\u00f1ense \u00c1ngel Leyes se coron\u00f3 campe\u00f3n provincial de Ciclismo al imponerse en la \u00faltima competencia disputada en la Plaza San Mart\u00edn de la ciudad Termal. El evento fue organizado por la subcomisi\u00f3n de Deportes de la fiesta Nacional del Algod\u00f3n.<\/p>\n<p>&nbsp;<\/p>\n<p><strong>2007 <\/strong>\/ Fallece en S\u00e1enz Pe\u00f1a Manuel <em>Chona <\/em>Mart\u00ednez, que contaba 63 a\u00f1os. Fue un destacado ciclista que brill\u00f3 en la d\u00e9cada del 70.Tuvo destacados resultados en competencias regionales y nacionales, junto a grandes nombres de este deporte como Hidalgo, Valdez, entre otros. Particip\u00f3 en varias ediciones de la Vuelta del Chaco.<\/p>\n<p><strong><em>\u00a0<\/em><\/strong><\/p>\n<p><strong><em>\u00a0<\/em><\/strong><\/p>\n<p><strong>2009 <\/strong>\/ Javier Dacak fue ascendido a la categor\u00eda de Gran Maestro 9\u00ba Dan de Taekwon-Do por la asamblea de maestros de la International Taekwondo Federation (ITF). En la actualidad s\u00f3lo hay 3 novenos Danes en el mundo: Gran M\u00e1ster Van Binh (EEUU), Gran M\u00e1ster Tran Trieu Quan (Canad\u00e1), presidente de la ITF y Javier Dacak (Argentina-Paraguay). El ahora Gran Maestro Dacak comenz\u00f3 a ense\u00f1ar en Resistencia, Chaco en 1972, donde introdujo el taekwon-do en el nordeste argentino.<\/p>\n<p><strong>Foto portada de Miguel P\u00e9rez<\/strong><\/p>\n<p>&nbsp;<\/p>\n<p><img loading=\"lazy\" decoding=\"async\" class=\"alignnone size-full wp-image-8996\" src=\"https:\/\/www.sportchaco.com.ar\/wp-content\/uploads\/2024\/05\/gob-salud-marzo-apaisado-2.gif\" alt=\"\" width=\"250\" height=\"250\" \/><\/p>\n","protected":false},"excerpt":{"rendered":"<p>Esta es la Efem\u00e9rides del Deporte en el Chaco de un 7 de mayo del periodista Luis Dar\u00edo Molodezky. \u00a0 \u00a0 1921 \/ Nace Germinal Juan quien jug\u00f3 en Gimnasia y Esgrima de Santa Fe, provincia donde naci\u00f3 \u00a0y en Sarmiento de Resistencia, cuando fue trasladado por el Banco Naci\u00f3n.\u00a0 Su t\u00e9cnica y su manejo &hellip;<\/p>\n","protected":false},"author":2,"featured_media":9038,"comment_status":"open","ping_status":"open","sticky":false,"template":"","format":"standard","meta":{"footnotes":""},"categories":[45,35],"tags":[],"class_list":["post-9035","post","type-post","status-publish","format-standard","has-post-thumbnail","hentry","category-efemerides-dia-por-dia","category-mayo"],"_links":{"self":[{"href":"https:\/\/www.sportchaco.com.ar\/index.php?rest_route=\/wp\/v2\/posts\/9035","targetHints":{"allow":["GET"]}}],"collection":[{"href":"https:\/\/www.sportchaco.com.ar\/index.php?rest_route=\/wp\/v2\/posts"}],"about":[{"href":"https:\/\/www.sportchaco.com.ar\/index.php?rest_route=\/wp\/v2\/types\/post"}],"author":[{"embeddable":true,"href":"https:\/\/www.sportchaco.com.ar\/index.php?rest_route=\/wp\/v2\/users\/2"}],"replies":[{"embeddable":true,"href":"https:\/\/www.sportchaco.com.ar\/index.php?rest_route=%2Fwp%2Fv2%2Fcomments&post=9035"}],"version-history":[{"count":1,"href":"https:\/\/www.sportchaco.com.ar\/index.php?rest_route=\/wp\/v2\/posts\/9035\/revisions"}],"predecessor-version":[{"id":9039,"href":"https:\/\/www.sportchaco.com.ar\/index.php?rest_route=\/wp\/v2\/posts\/9035\/revisions\/9039"}],"wp:featuredmedia":[{"embeddable":true,"href":"https:\/\/www.sportchaco.com.ar\/index.php?rest_route=\/wp\/v2\/media\/9038"}],"wp:attachment":[{"href":"https:\/\/www.sportchaco.com.ar\/index.php?rest_route=%2Fwp%2Fv2%2Fmedia&parent=9035"}],"wp:term":[{"taxonomy":"category","embeddable":true,"href":"https:\/\/www.sportchaco.com.ar\/index.php?rest_route=%2Fwp%2Fv2%2Fcategories&post=9035"},{"taxonomy":"post_tag","embeddable":true,"href":"https:\/\/www.sportchaco.com.ar\/index.php?rest_route=%2Fwp%2Fv2%2Ftags&post=9035"}],"curies":[{"name":"wp","href":"https:\/\/api.w.org\/{rel}","templated":true}]}}