{"id":9079,"date":"2024-05-07T18:37:22","date_gmt":"2024-05-07T21:37:22","guid":{"rendered":"https:\/\/www.sportchaco.com.ar\/?p=9079"},"modified":"2024-05-09T12:46:35","modified_gmt":"2024-05-09T15:46:35","slug":"nuevamente-saenz-pena-albergara-una-fecha-del-zonal","status":"publish","type":"post","link":"https:\/\/www.sportchaco.com.ar\/?p=9079","title":{"rendered":"Nuevamente S\u00e1enz Pe\u00f1a albergar\u00e1 una fecha del zonal"},"content":{"rendered":"<p><strong>07-05-2024<\/strong><\/p>\n<p>La tercera fecha del Campeonato Zonal de Automovilismo volver\u00e1 a disputarse en el circuito de 3.080 metros de la APICH el 1 y 2 de junio, ante un pedido oficial formulado por la Comisi\u00f3n Directiva de la entidad tuerca saenzpe\u00f1ense y para aprovechar que la pista solo requerir\u00e1 un mantenimiento para la doble jornada de competencia.<\/p>\n<p>La temporada tendr\u00e1 un nuevo cap\u00edtulo en el trazado centrochaque\u00f1o, que fue presentado de manera impecable el fin de semana del 27 y 28 de abril, y que tuvo su correlato con grandes espect\u00e1culos ofrecidos por la Clase 1, Clase 2 y TC Chaque\u00f1o, que volver\u00e1n los primeros d\u00edas de junio.<\/p>\n<p>El propio presidente de la Asociaci\u00f3n de Pilotos del Interior Chaque\u00f1o, Edgardo Reguera, efectu\u00f3 la petici\u00f3n formal a la F.Ch.A.D. y puso a disposici\u00f3n las instalaciones del club para realizar la tercera fecha del Campeonato Zonal, aduciendo que est\u00e1 en condiciones para mantener la continuidad de la temporada hasta tanto se preparen otros circuitos.<\/p>\n<p>Todo ello \u201ca los efectos de que tanto los pilotos como Federaci\u00f3n tengan previsibilidad y otro escenario disponible para llevar adelante este campeonato 2024\u201d. A la par remarcaron que en la segunda fecha \u201cel predio se present\u00f3 en excelentes condiciones, y organizar las fechas seguidas hacen que se aprovechen los trabajos y optimizar as\u00ed los costos que conlleva la organizaci\u00f3n\u201d.<\/p>\n<p><strong>Complicaciones en Villa \u00c1ngela<br \/>\n<\/strong>El pedido efectuado desde la APICH tuvo su inmediata aceptaci\u00f3n desde la Federaci\u00f3n Chaque\u00f1a de Automovilismo Deportivo, atento a las complicaciones que le generaba a Vialidad Provincial poder abocarse al trabajo en el circuito \u201cJos\u00e9 Froil\u00e1n Gonz\u00e1lez\u201d de Villa \u00c1ngela, teniendo en cuenta los pedidos por la reparaci\u00f3n de caminos efectuados en esa zona de la provincia.<\/p>\n<p>Es que los productores agropecuarios insisten con la necesidad de contar con las redes viales en condiciones para poder sacar la cosecha hacia los centros acopiadores, y el hecho de mantener a S\u00e1enz Pe\u00f1a como sede de la tercera prueba del calendario permitir\u00e1 descomprimir esa situaci\u00f3n.<\/p>\n<p><em><strong>Fuente: Eco Deportivo<\/strong><\/em><\/p>\n<p><img loading=\"lazy\" decoding=\"async\" class=\"size-medium wp-image-8812 aligncenter\" src=\"https:\/\/www.sportchaco.com.ar\/wp-content\/uploads\/2024\/05\/gob-sube-marzo-24-300x300.jpeg\" alt=\"\" width=\"300\" height=\"300\" srcset=\"https:\/\/www.sportchaco.com.ar\/wp-content\/uploads\/2024\/05\/gob-sube-marzo-24-300x300.jpeg 300w, https:\/\/www.sportchaco.com.ar\/wp-content\/uploads\/2024\/05\/gob-sube-marzo-24-1024x1024.jpeg 1024w, https:\/\/www.sportchaco.com.ar\/wp-content\/uploads\/2024\/05\/gob-sube-marzo-24-150x150.jpeg 150w, https:\/\/www.sportchaco.com.ar\/wp-content\/uploads\/2024\/05\/gob-sube-marzo-24-768x768.jpeg 768w, https:\/\/www.sportchaco.com.ar\/wp-content\/uploads\/2024\/05\/gob-sube-marzo-24.jpeg 1080w\" sizes=\"auto, (max-width: 300px) 100vw, 300px\" \/><\/p>\n<p>&nbsp;<\/p>\n","protected":false},"excerpt":{"rendered":"<p>07-05-2024 La tercera fecha del Campeonato Zonal de Automovilismo volver\u00e1 a disputarse en el circuito de 3.080 metros de la APICH el 1 y 2 de junio, ante un pedido oficial formulado por la Comisi\u00f3n Directiva de la entidad tuerca saenzpe\u00f1ense y para aprovechar que la pista solo requerir\u00e1 un mantenimiento para la doble jornada &hellip;<\/p>\n","protected":false},"author":3,"featured_media":9080,"comment_status":"open","ping_status":"open","sticky":false,"template":"","format":"standard","meta":{"footnotes":""},"categories":[2],"tags":[],"class_list":["post-9079","post","type-post","status-publish","format-standard","has-post-thumbnail","hentry","category-automovilismo"],"_links":{"self":[{"href":"https:\/\/www.sportchaco.com.ar\/index.php?rest_route=\/wp\/v2\/posts\/9079","targetHints":{"allow":["GET"]}}],"collection":[{"href":"https:\/\/www.sportchaco.com.ar\/index.php?rest_route=\/wp\/v2\/posts"}],"about":[{"href":"https:\/\/www.sportchaco.com.ar\/index.php?rest_route=\/wp\/v2\/types\/post"}],"author":[{"embeddable":true,"href":"https:\/\/www.sportchaco.com.ar\/index.php?rest_route=\/wp\/v2\/users\/3"}],"replies":[{"embeddable":true,"href":"https:\/\/www.sportchaco.com.ar\/index.php?rest_route=%2Fwp%2Fv2%2Fcomments&post=9079"}],"version-history":[{"count":3,"href":"https:\/\/www.sportchaco.com.ar\/index.php?rest_route=\/wp\/v2\/posts\/9079\/revisions"}],"predecessor-version":[{"id":9983,"href":"https:\/\/www.sportchaco.com.ar\/index.php?rest_route=\/wp\/v2\/posts\/9079\/revisions\/9983"}],"wp:featuredmedia":[{"embeddable":true,"href":"https:\/\/www.sportchaco.com.ar\/index.php?rest_route=\/wp\/v2\/media\/9080"}],"wp:attachment":[{"href":"https:\/\/www.sportchaco.com.ar\/index.php?rest_route=%2Fwp%2Fv2%2Fmedia&parent=9079"}],"wp:term":[{"taxonomy":"category","embeddable":true,"href":"https:\/\/www.sportchaco.com.ar\/index.php?rest_route=%2Fwp%2Fv2%2Fcategories&post=9079"},{"taxonomy":"post_tag","embeddable":true,"href":"https:\/\/www.sportchaco.com.ar\/index.php?rest_route=%2Fwp%2Fv2%2Ftags&post=9079"}],"curies":[{"name":"wp","href":"https:\/\/api.w.org\/{rel}","templated":true}]}}