{"id":9097,"date":"2024-05-08T00:51:33","date_gmt":"2024-05-08T03:51:33","guid":{"rendered":"https:\/\/www.sportchaco.com.ar\/?p=9097"},"modified":"2024-05-08T00:51:33","modified_gmt":"2024-05-08T03:51:33","slug":"efemerides-del-8-de-mayo","status":"publish","type":"post","link":"https:\/\/www.sportchaco.com.ar\/?p=9097","title":{"rendered":"Efem\u00e9rides del 8 de mayo"},"content":{"rendered":"<p><strong>Esta es la Efem\u00e9rides del Deporte en el Chaco de un 8 de mayo del periodista Luis Dar\u00edo Molodezky.<\/strong><\/p>\n<p>&nbsp;<\/p>\n<p><img loading=\"lazy\" decoding=\"async\" class=\"alignnone size-medium wp-image-9006\" src=\"https:\/\/www.sportchaco.com.ar\/wp-content\/uploads\/2024\/05\/Luis-Molodezky-210x300.jpg\" alt=\"\" width=\"210\" height=\"300\" srcset=\"https:\/\/www.sportchaco.com.ar\/wp-content\/uploads\/2024\/05\/Luis-Molodezky-210x300.jpg 210w, https:\/\/www.sportchaco.com.ar\/wp-content\/uploads\/2024\/05\/Luis-Molodezky.jpg 275w\" sizes=\"auto, (max-width: 210px) 100vw, 210px\" \/><\/p>\n<p><strong>1912 <\/strong>\/ V\u00edctor Valussi naci\u00f3 en Resistencia. Se inici\u00f3<\/p>\n<p>en el f\u00fatbol grande en Chacarita, pero descoll\u00f3 en Boca Juniors,<\/p>\n<p>donde fue titular inamovible en la zaga, consagr\u00e1ndose campe\u00f3n<\/p>\n<p>en 1935,1940, 1944 y 1945. Falleci\u00f3 el 1 de abril de 1995.<\/p>\n<p>&nbsp;<\/p>\n<p><strong>1912 <\/strong>\/ Se funda en la ciudad el Club Social de Resistencia,<\/p>\n<p>que se inici\u00f3 con la propia sociedad chaque\u00f1a. Fue creado<\/p>\n<p>para brindar el \u00e1mbito ideal para la cultura, el ocio y la diversi\u00f3n;<\/p>\n<p>por sus elegantes salones han desfilado las figuras m\u00e1s destacadas y<\/p>\n<p>se han celebrado los eventos m\u00e1s prestigiosos del Chaco del siglo<\/p>\n<p>pasado. Es as\u00ed como el esp\u00edritu de cordialidad que flota en el ambiente,<\/p>\n<p>ha sido el motor y s\u00edmbolo de nuestra sociedad.<\/p>\n<p>&nbsp;<\/p>\n<p><strong>1973 <\/strong>\/ En el sal\u00f3n de actos del desaparecido Diario<\/p>\n<p>El Territorio, se llev\u00f3 a cabo la Asamblea Ordinaria donde qued\u00f3<\/p>\n<p>conformada la primera comisi\u00f3n del C\u00edrculo de Periodistas Deportivos,<\/p>\n<p>que estuvo integrada por Edison Omar Rodr\u00edguez como<\/p>\n<p>presidente, vicepresidente Jos\u00e9 Antonio Garc\u00eda, secretario Eduardo<\/p>\n<p>Rub\u00e9n Ferreyra, secretario de actas Osvaldo Sotelo, tesorero<\/p>\n<p>Alejandro Leonel Cardozo, vocales Ram\u00f3n Gonz\u00e1lez, Andy Ricardo<\/p>\n<p>Villa, Julio Argentino Silgueiro y Ricardo C\u00e1rdenas.<\/p>\n<p>&nbsp;<\/p>\n<p><strong>1979 <\/strong>\/ El tribunal de la CABB ante la apelaci\u00f3n del<\/p>\n<p>entrenador Oscar <em>Caeco <\/em>Valussi, y tras cumplir con los informes correspondientes,<\/p>\n<p>resolvi\u00f3 reducir la pena de por vida por la de 6 meses,<\/p>\n<p>sanci\u00f3n que hace suya la Federaci\u00f3n Chaque\u00f1a de B\u00e1squetbol.<\/p>\n<p>La pena hab\u00eda sido impuesta el 16 de enero del mismo a\u00f1o.<\/p>\n<p>&nbsp;<\/p>\n<p>&nbsp;<\/p>\n<p><img loading=\"lazy\" decoding=\"async\" class=\"alignnone size-full wp-image-8996\" src=\"https:\/\/www.sportchaco.com.ar\/wp-content\/uploads\/2024\/05\/gob-salud-marzo-apaisado-2.gif\" alt=\"\" width=\"250\" height=\"250\" \/><\/p>\n<p><strong><em>\u00a0<\/em><\/strong><\/p>\n","protected":false},"excerpt":{"rendered":"<p>Esta es la Efem\u00e9rides del Deporte en el Chaco de un 8 de mayo del periodista Luis Dar\u00edo Molodezky. &nbsp; 1912 \/ V\u00edctor Valussi naci\u00f3 en Resistencia. Se inici\u00f3 en el f\u00fatbol grande en Chacarita, pero descoll\u00f3 en Boca Juniors, donde fue titular inamovible en la zaga, consagr\u00e1ndose campe\u00f3n en 1935,1940, 1944 y 1945. Falleci\u00f3 &hellip;<\/p>\n","protected":false},"author":2,"featured_media":9098,"comment_status":"open","ping_status":"open","sticky":false,"template":"","format":"standard","meta":{"footnotes":""},"categories":[45,35],"tags":[],"class_list":["post-9097","post","type-post","status-publish","format-standard","has-post-thumbnail","hentry","category-efemerides-dia-por-dia","category-mayo"],"_links":{"self":[{"href":"https:\/\/www.sportchaco.com.ar\/index.php?rest_route=\/wp\/v2\/posts\/9097","targetHints":{"allow":["GET"]}}],"collection":[{"href":"https:\/\/www.sportchaco.com.ar\/index.php?rest_route=\/wp\/v2\/posts"}],"about":[{"href":"https:\/\/www.sportchaco.com.ar\/index.php?rest_route=\/wp\/v2\/types\/post"}],"author":[{"embeddable":true,"href":"https:\/\/www.sportchaco.com.ar\/index.php?rest_route=\/wp\/v2\/users\/2"}],"replies":[{"embeddable":true,"href":"https:\/\/www.sportchaco.com.ar\/index.php?rest_route=%2Fwp%2Fv2%2Fcomments&post=9097"}],"version-history":[{"count":1,"href":"https:\/\/www.sportchaco.com.ar\/index.php?rest_route=\/wp\/v2\/posts\/9097\/revisions"}],"predecessor-version":[{"id":9099,"href":"https:\/\/www.sportchaco.com.ar\/index.php?rest_route=\/wp\/v2\/posts\/9097\/revisions\/9099"}],"wp:featuredmedia":[{"embeddable":true,"href":"https:\/\/www.sportchaco.com.ar\/index.php?rest_route=\/wp\/v2\/media\/9098"}],"wp:attachment":[{"href":"https:\/\/www.sportchaco.com.ar\/index.php?rest_route=%2Fwp%2Fv2%2Fmedia&parent=9097"}],"wp:term":[{"taxonomy":"category","embeddable":true,"href":"https:\/\/www.sportchaco.com.ar\/index.php?rest_route=%2Fwp%2Fv2%2Fcategories&post=9097"},{"taxonomy":"post_tag","embeddable":true,"href":"https:\/\/www.sportchaco.com.ar\/index.php?rest_route=%2Fwp%2Fv2%2Ftags&post=9097"}],"curies":[{"name":"wp","href":"https:\/\/api.w.org\/{rel}","templated":true}]}}