{"id":9123,"date":"2024-05-08T23:40:32","date_gmt":"2024-05-09T02:40:32","guid":{"rendered":"https:\/\/www.sportchaco.com.ar\/?p=9123"},"modified":"2024-05-08T23:40:26","modified_gmt":"2024-05-09T02:40:26","slug":"efemerides-del-9-de-mayo","status":"publish","type":"post","link":"https:\/\/www.sportchaco.com.ar\/?p=9123","title":{"rendered":"Efem\u00e9rides del 9 de mayo"},"content":{"rendered":"<p><strong>Esta es la Efem\u00e9rides del Deporte en el Chaco de un 9 de mayo del periodista Luis Dar\u00edo Molodezky.<\/strong><\/p>\n<p>&nbsp;<\/p>\n<p><strong> <img loading=\"lazy\" decoding=\"async\" class=\"alignnone size-medium wp-image-9006\" src=\"https:\/\/www.sportchaco.com.ar\/wp-content\/uploads\/2024\/05\/Luis-Molodezky-210x300.jpg\" alt=\"\" width=\"210\" height=\"300\" srcset=\"https:\/\/www.sportchaco.com.ar\/wp-content\/uploads\/2024\/05\/Luis-Molodezky-210x300.jpg 210w, https:\/\/www.sportchaco.com.ar\/wp-content\/uploads\/2024\/05\/Luis-Molodezky.jpg 275w\" sizes=\"auto, (max-width: 210px) 100vw, 210px\" \/><\/strong><\/p>\n<p><strong>\u00a0<\/strong><\/p>\n<p><strong>1922 <\/strong>\/ Naci\u00f3 en Puerto Tirol Dante Dell\u00b4Orto. Se inici\u00f3 en la actividad deportiva jugando para For Ever, bajo la presidencia de Alfredo Lotero, en la ex-Plaza Espa\u00f1a. Despu\u00e9s pas\u00f3 por Regional, Central Norte (junto a Julio El\u00edas Musimessi y Manuel Quiroga), Estudiantes en la \u00e9poca de oro, \u00cdtalo Argentino y Fontana cuando ten\u00eda 35 a\u00f1os. Practic\u00f3 entre otras disciplinas el ciclismo junto a Leo Parzianello en las famosas Vuelta de Margarita Bel\u00e9n; pesca y caza, tiro y colaborador permanente de todas las actividades que tengan que ver con el deporte. Declarado hincha de Chaco For Ever y San Lorenzo de Almagro. Falleci\u00f3 a los 85 a\u00f1os el 19 de octubre de 2007.<strong> Foto portada<\/strong><\/p>\n<p><strong>1975 <\/strong>\/ Se presenta en el Villa San Mart\u00edn Oscar <em>Ringo <\/em>Bonavena, para realizar una exhibici\u00f3n. Primero lo hizo con el marplatense Marcos Tosto y luego ante el chaque\u00f1o pesado Ra\u00fal Aguirre. Ringo, con un carisma especial, se fue ovacionado.<\/p>\n<p><strong>1979 <\/strong>\/ En la Municipalidad de Villa \u00c1ngela se firm\u00f3 el contrato de compra por parte del Club Caza y Pesca de 12 hect\u00e1reas sobre la ruta 95, adquirido anteriormente por el municipio. El comisionado municipal Antonio Anderlique firm\u00f3 junto al presidente de la instituci\u00f3n Juan Koliniuk, y estar\u00e1 destinado a un parque recreativo y a la instalaci\u00f3n de una pedana para tiro al platillo.<\/p>\n<p><strong>1982 \/<\/strong> Se realiza un gran festival deportivo en el Aut\u00f3dromo Yaco Guarnieri para recaudar fondos para el Fondo Patri\u00f3tico por la guerra de Malvinas a trav\u00e9s de CARIM.\u00a0 En ciclismo gan\u00f3 Eduardo Dell \u2019Orto, motociclismo Franco Giuliano y Alberto Shejtman. En marat\u00f3n Justo Zacarias, veteranos Romualdo Parra, menores Rub\u00e9n Romero y damas M\u00f3nica Sanjurjo. En automovilismo H\u00e9ctor Fern\u00e1ndez en la F\u00f3rmula Chaque\u00f1a, en la Clase B Osito Pierrot.<\/p>\n<p><strong>\u00a02021 \/<\/strong> A los 48 a\u00f1os fallece el periodista de automovilismo Fabi\u00e1n Flores, en el marco de la pandemia de COVID-19. Llev\u00f3 adelante el programa \u201cEn Carrera\u201d que fuera creado por su padre Alfredo y por Luis Dar\u00edo Molodezky en la vieja Radio Chaco. Con la llegada de la tecnolog\u00eda tuvo una exitosa p\u00e1gina web con el mismo nombre.<\/p>\n<p><img loading=\"lazy\" decoding=\"async\" class=\"alignnone size-medium wp-image-9125\" src=\"https:\/\/www.sportchaco.com.ar\/wp-content\/uploads\/2024\/05\/FAbian-Flores-sonrisa-233x300.jpeg\" alt=\"\" width=\"233\" height=\"300\" srcset=\"https:\/\/www.sportchaco.com.ar\/wp-content\/uploads\/2024\/05\/FAbian-Flores-sonrisa-233x300.jpeg 233w, https:\/\/www.sportchaco.com.ar\/wp-content\/uploads\/2024\/05\/FAbian-Flores-sonrisa-796x1024.jpeg 796w, https:\/\/www.sportchaco.com.ar\/wp-content\/uploads\/2024\/05\/FAbian-Flores-sonrisa-768x988.jpeg 768w, https:\/\/www.sportchaco.com.ar\/wp-content\/uploads\/2024\/05\/FAbian-Flores-sonrisa.jpeg 1080w\" sizes=\"auto, (max-width: 233px) 100vw, 233px\" \/> <strong>Foto de Fabi\u00e1n Flores<\/strong><\/p>\n<p><img loading=\"lazy\" decoding=\"async\" class=\"alignnone size-full wp-image-8996\" src=\"https:\/\/www.sportchaco.com.ar\/wp-content\/uploads\/2024\/05\/gob-salud-marzo-apaisado-2.gif\" alt=\"\" width=\"250\" height=\"250\" \/><\/p>\n<p>&nbsp;<\/p>\n<p>&nbsp;<\/p>\n<p>&nbsp;<\/p>\n<p>&nbsp;<\/p>\n<p>&nbsp;<\/p>\n<p>&nbsp;<\/p>\n<p>&nbsp;<\/p>\n<p>&nbsp;<\/p>\n<p><strong><em>\u00a0<\/em><\/strong><\/p>\n","protected":false},"excerpt":{"rendered":"<p>Esta es la Efem\u00e9rides del Deporte en el Chaco de un 9 de mayo del periodista Luis Dar\u00edo Molodezky. &nbsp; \u00a0 1922 \/ Naci\u00f3 en Puerto Tirol Dante Dell\u00b4Orto. Se inici\u00f3 en la actividad deportiva jugando para For Ever, bajo la presidencia de Alfredo Lotero, en la ex-Plaza Espa\u00f1a. Despu\u00e9s pas\u00f3 por Regional, Central Norte &hellip;<\/p>\n","protected":false},"author":2,"featured_media":9124,"comment_status":"open","ping_status":"open","sticky":false,"template":"","format":"standard","meta":{"footnotes":""},"categories":[45,35],"tags":[],"class_list":["post-9123","post","type-post","status-publish","format-standard","has-post-thumbnail","hentry","category-efemerides-dia-por-dia","category-mayo"],"_links":{"self":[{"href":"https:\/\/www.sportchaco.com.ar\/index.php?rest_route=\/wp\/v2\/posts\/9123","targetHints":{"allow":["GET"]}}],"collection":[{"href":"https:\/\/www.sportchaco.com.ar\/index.php?rest_route=\/wp\/v2\/posts"}],"about":[{"href":"https:\/\/www.sportchaco.com.ar\/index.php?rest_route=\/wp\/v2\/types\/post"}],"author":[{"embeddable":true,"href":"https:\/\/www.sportchaco.com.ar\/index.php?rest_route=\/wp\/v2\/users\/2"}],"replies":[{"embeddable":true,"href":"https:\/\/www.sportchaco.com.ar\/index.php?rest_route=%2Fwp%2Fv2%2Fcomments&post=9123"}],"version-history":[{"count":1,"href":"https:\/\/www.sportchaco.com.ar\/index.php?rest_route=\/wp\/v2\/posts\/9123\/revisions"}],"predecessor-version":[{"id":9126,"href":"https:\/\/www.sportchaco.com.ar\/index.php?rest_route=\/wp\/v2\/posts\/9123\/revisions\/9126"}],"wp:featuredmedia":[{"embeddable":true,"href":"https:\/\/www.sportchaco.com.ar\/index.php?rest_route=\/wp\/v2\/media\/9124"}],"wp:attachment":[{"href":"https:\/\/www.sportchaco.com.ar\/index.php?rest_route=%2Fwp%2Fv2%2Fmedia&parent=9123"}],"wp:term":[{"taxonomy":"category","embeddable":true,"href":"https:\/\/www.sportchaco.com.ar\/index.php?rest_route=%2Fwp%2Fv2%2Fcategories&post=9123"},{"taxonomy":"post_tag","embeddable":true,"href":"https:\/\/www.sportchaco.com.ar\/index.php?rest_route=%2Fwp%2Fv2%2Ftags&post=9123"}],"curies":[{"name":"wp","href":"https:\/\/api.w.org\/{rel}","templated":true}]}}