{"id":9190,"date":"2024-05-10T10:23:56","date_gmt":"2024-05-10T13:23:56","guid":{"rendered":"https:\/\/www.sportchaco.com.ar\/?p=9190"},"modified":"2024-05-10T10:24:20","modified_gmt":"2024-05-10T13:24:20","slug":"9190","status":"publish","type":"post","link":"https:\/\/www.sportchaco.com.ar\/?p=9190","title":{"rendered":"Vin\u00edcius a un paso del Bal\u00f3n de Oro, dice Ancelotti"},"content":{"rendered":"<header class=\"caas-header\">\n<div class=\"caas-title-wrapper\">\n<h1 data-test-locator=\"headline\"><\/h1>\n<h1 data-test-locator=\"headline\"><span style=\"font-size: 16px; font-weight: 400;\">10-05-2024<\/span><\/h1>\n<h1 id=\"caas-lead-header-cf4ded11-ab89-3ed9-b117-833075821a66\" data-test-locator=\"headline\"><\/h1>\n<\/div>\n<\/header>\n<div class=\"caas-content-byline-wrapper\">\n<div class=\"caas-attr\">\n<div class=\"caas-attr-meta\">\n<div class=\"caas-attr-item-author\"><\/div>\n<\/div>\n<\/div>\n<div class=\"caas-content-contain-share\"><strong>\u00a0Carlo Ancelotti, t\u00e9cnico del Real Madrid, destac\u00f3 el momento de Vin\u00edcius Junior y su profesionalidad para convertirse en uno de los mejores futbolistas del mundo, convencido de que, con una buena final de la Liga de Campeones y si brilla con Brasil en la Copa Am\u00e9rica, ganar\u00e1 el pr\u00f3ximo Bal\u00f3n de Oro.<\/strong><\/div>\n<\/div>\n<div class=\"caas-body-wrapper\">\n<div class=\"caas-body-inner-wrapper\">\n<div class=\"caas-body-section\">\n<div class=\"caas-content\">\n<div class=\"caas-content-wrapper\">\n<div class=\"caas-body-content\">\n<div class=\"caas-inner-body\">\n<div class=\"caas-yvideo-wrapper yvideo caas-hero caas-cover caas-yvideo-elem\" data-video-index=\"0\">\n<div class=\"caas-yvideo caas-yvideo-top caas-yvideo-rendered\" data-videoconfig=\"{&quot;autoplay&quot;:true,&quot;duration&quot;:27,&quot;height&quot;:480,&quot;lang&quot;:&quot;es-US&quot;,&quot;pageSpaceId&quot;:&quot;1197793568&quot;,&quot;queryParams&quot;:null,&quot;region&quot;:&quot;US&quot;,&quot;site&quot;:&quot;news&quot;,&quot;startScreen&quot;:{},&quot;url&quot;:&quot;https:\/\/es-us.noticias.yahoo.com\/deportes\/ancelotti-ve-vin%C3%ADcius-paso-bal%C3%B3n-123300880.html?format=embed&amp;region=US&amp;lang=es-US&amp;site=news&amp;player_autoplay=1&amp;expName=y20&quot;,&quot;width&quot;:854,&quot;thumbnail&quot;:{&quot;type&quot;:&quot;image&quot;,&quot;size&quot;:{&quot;raw&quot;:{&quot;width&quot;:1920,&quot;height&quot;:1080,&quot;url&quot;:&quot;https:\/\/media.zenfs.com\/en\/efe_latam_videos_321\/11816d503eeca2246dc04962dd207c6a&quot;}}},&quot;YVAP&quot;:{&quot;accountId&quot;:&quot;145&quot;},&quot;videoAspectRatios&quot;:[1.78],&quot;alias&quot;:&quot;ymedia-alias:shadow=ancelotti-ve-vin\u00edcius-paso-bal\u00f3n-123300880&quot;,&quot;expName&quot;:&quot;y20&quot;,&quot;playlist&quot;:{&quot;mediaItems&quot;:[{&quot;id&quot;:&quot;cf4ded11-ab89-3ed9-b117-833075821a66&quot;}],&quot;videoRecommendations&quot;:true,&quot;id&quot;:&quot;noticias&quot;},&quot;videoAlias&quot;:&quot;ancelotti-ve-vin%C3%ADcius-paso-bal%C3%B3n-123300880&quot;,&quot;hidePlaylist&quot;:true,&quot;comscoreC4&quot;:&quot;YEE&quot;,&quot;pageUrl&quot;:&quot;https:\/\/es-us.noticias.yahoo.com\/deportes\/ancelotti-ve-vin%C3%ADcius-paso-bal%C3%B3n-123300880.html&quot;,&quot;referrerUrl&quot;:&quot;&quot;,&quot;videoPosition&quot;:&quot;lead&quot;,&quot;articleUuid&quot;:&quot;cf4ded11-ab89-3ed9-b117-833075821a66&quot;,&quot;pct&quot;:&quot;video&quot;,&quot;expBucket&quot;:&quot;news-US-es-US-def,seamless&quot;,&quot;expBucketName&quot;:&quot;news-US-es-US-def,seamless&quot;,&quot;pblob&quot;:&quot;revsp:efe_latam_videos_321;lpstaid:cf4ded11-ab89-3ed9-b117-833075821a66;pt:content;pd:non_modal;ver:article;lu:0;pct:video;pt:content;pd:non_modal;ver:article&quot;}\">\n<div class=\"player has-background evp-docked-mode\">\n<div class=\"evp-main evp-docked evp-docked-fadein\" data-player-id=\"8d9bead0-bdb5-4b9a-81c3-026b624f5f8a\">\n<div class=\"evp-player\"><\/div>\n<div class=\"evp-docked-close-button\"><\/div>\n<\/div>\n<div class=\"evp-docked-bg\">\n<p><img decoding=\"async\" class=\"evp-docked-img\" src=\"https:\/\/s.yimg.com\/uu\/api\/res\/1.2\/iVV4cXj7gSMSBeF3IpGi8A--~B\/Zmk9c3RyaW07aD00MjM7dz03NTI7c209MTthcHBpZD15dGFjaHlvbg--\/https:\/\/media.zenfs.com\/en\/efe_latam_videos_321\/11816d503eeca2246dc04962dd207c6a\" alt=\"Ancelotti ve a Vin\u00edcius a un paso del Bal\u00f3n de Oro\" \/><\/p>\n<div class=\"evp-docked-overlay\">\n<div class=\"evp-docked-overlay-text\"><\/div>\n<\/div>\n<\/div>\n<\/div>\n<\/div>\n<\/div>\n<div class=\"caas-body\">\n<p>&nbsp;<\/p>\n<p>\u00abHoy no se entrega el Bal\u00f3n de Oro pero creo que Vin\u00edcius lo est\u00e1 haciendo muy bien y le falta poco. Le queda un partido como la final (&#8216;Champions&#8217;) y despu\u00e9s tiene la Copa Am\u00e9rica. Creo que est\u00e1 muy cerca y si termina bien con la final y la Copa Am\u00e9rica tambi\u00e9n puede ganar\u00bb, manifest\u00f3 en rueda de prensa en la Ciudad Real Madrid.<\/p>\n<p>Ancelotti repas\u00f3 la evoluci\u00f3n de Vin\u00edcius desde su regreso al club y la raz\u00f3n de su progresi\u00f3n constante hasta llegar a lo m\u00e1s alto.<\/p>\n<p>\u00abCuando llegu\u00e9 aqu\u00ed a Vin\u00edcius lo hab\u00eda visto s\u00f3lo por la tele y me parec\u00eda un jugador con un talento espectacular. Vi el talento y despu\u00e9s alrededor de este talento ha sido capaz de poner much\u00edsimas cosas, m\u00e1s habilidad en el desmarque, m\u00e1s eficacia en frente de la porter\u00eda\u00bb, relat\u00f3.<\/p>\n<p>\u00abY lo ha hecho con un trabajo diario espectacular, siempre muy focalizado en los entrenamientos, en la recuperaci\u00f3n tras entrenar y los partidos. Es un profesional muy serio que merece lo que ha sido capaz de lograr\u00bb, prosigui\u00f3.<\/p>\n<p>Espera el t\u00e9cnico italiano que el momento dulce de Vin\u00edcius, que extendi\u00f3 a todo su equipo, no sea el 2 de junio el del Borussia Dortmund porque un d\u00eda antes, en la final de la Liga de Campeones en Wembley, se proclamen campeones de Europa.<\/p>\n<p>\u00abEst\u00e1 entre los mejores\u00bb, respondi\u00f3 &#8216;Carletto&#8217; cuando fue preguntado si &#8216;Vini&#8217; ya es el mejor futbolista del planeta. \u00abA veces este tipo de jugadores son momentos. Este es el de Vin\u00edcius porque est\u00e1 aportando mucho, ha ayudado al equipo a llegar a la final de &#8216;Champions&#8217;, a ganar LaLiga y es su momento, pero no quiero olvidar lo que han hecho los otros porque es el momento del Real Madrid hasta el primero de junio. Despu\u00e9s no se sabe. Puede ser el momento del Borussia\u00bb, dijo.<\/p>\n<p>Fuente: yahoo.com<\/p>\n<\/div>\n<\/div>\n<\/div>\n<\/div>\n<\/div>\n<\/div>\n<\/div>\n<\/div>\n","protected":false},"excerpt":{"rendered":"<p>10-05-2024 \u00a0Carlo Ancelotti, t\u00e9cnico del Real Madrid, destac\u00f3 el momento de Vin\u00edcius Junior y su profesionalidad para convertirse en uno de los mejores futbolistas del mundo, convencido de que, con una buena final de la Liga de Campeones y si brilla con Brasil en la Copa Am\u00e9rica, ganar\u00e1 el pr\u00f3ximo Bal\u00f3n de Oro. &nbsp; \u00abHoy &hellip;<\/p>\n","protected":false},"author":2,"featured_media":9191,"comment_status":"open","ping_status":"open","sticky":false,"template":"","format":"standard","meta":{"footnotes":""},"categories":[6],"tags":[],"class_list":["post-9190","post","type-post","status-publish","format-standard","has-post-thumbnail","hentry","category-internacionales"],"_links":{"self":[{"href":"https:\/\/www.sportchaco.com.ar\/index.php?rest_route=\/wp\/v2\/posts\/9190","targetHints":{"allow":["GET"]}}],"collection":[{"href":"https:\/\/www.sportchaco.com.ar\/index.php?rest_route=\/wp\/v2\/posts"}],"about":[{"href":"https:\/\/www.sportchaco.com.ar\/index.php?rest_route=\/wp\/v2\/types\/post"}],"author":[{"embeddable":true,"href":"https:\/\/www.sportchaco.com.ar\/index.php?rest_route=\/wp\/v2\/users\/2"}],"replies":[{"embeddable":true,"href":"https:\/\/www.sportchaco.com.ar\/index.php?rest_route=%2Fwp%2Fv2%2Fcomments&post=9190"}],"version-history":[{"count":2,"href":"https:\/\/www.sportchaco.com.ar\/index.php?rest_route=\/wp\/v2\/posts\/9190\/revisions"}],"predecessor-version":[{"id":9193,"href":"https:\/\/www.sportchaco.com.ar\/index.php?rest_route=\/wp\/v2\/posts\/9190\/revisions\/9193"}],"wp:featuredmedia":[{"embeddable":true,"href":"https:\/\/www.sportchaco.com.ar\/index.php?rest_route=\/wp\/v2\/media\/9191"}],"wp:attachment":[{"href":"https:\/\/www.sportchaco.com.ar\/index.php?rest_route=%2Fwp%2Fv2%2Fmedia&parent=9190"}],"wp:term":[{"taxonomy":"category","embeddable":true,"href":"https:\/\/www.sportchaco.com.ar\/index.php?rest_route=%2Fwp%2Fv2%2Fcategories&post=9190"},{"taxonomy":"post_tag","embeddable":true,"href":"https:\/\/www.sportchaco.com.ar\/index.php?rest_route=%2Fwp%2Fv2%2Ftags&post=9190"}],"curies":[{"name":"wp","href":"https:\/\/api.w.org\/{rel}","templated":true}]}}