{"id":9223,"date":"2024-05-10T23:18:32","date_gmt":"2024-05-11T02:18:32","guid":{"rendered":"https:\/\/www.sportchaco.com.ar\/?p=9223"},"modified":"2024-05-10T23:19:13","modified_gmt":"2024-05-11T02:19:13","slug":"efemerides-del-11-de-mayo","status":"publish","type":"post","link":"https:\/\/www.sportchaco.com.ar\/?p=9223","title":{"rendered":"Efem\u00e9rides del 11 de mayo"},"content":{"rendered":"<p><strong>Esta es la Efem\u00e9rides del Deporte en el Chaco de un 11 de mayo del periodista Luis Dar\u00edo Molodezky.<\/strong><\/p>\n<p>&nbsp;<\/p>\n<p><strong> <img loading=\"lazy\" decoding=\"async\" class=\"alignnone size-medium wp-image-9224\" src=\"https:\/\/www.sportchaco.com.ar\/wp-content\/uploads\/2024\/05\/Molodezky-Luis-11-05-24-300x225.jpg\" alt=\"\" width=\"300\" height=\"225\" srcset=\"https:\/\/www.sportchaco.com.ar\/wp-content\/uploads\/2024\/05\/Molodezky-Luis-11-05-24-300x225.jpg 300w, https:\/\/www.sportchaco.com.ar\/wp-content\/uploads\/2024\/05\/Molodezky-Luis-11-05-24-1024x768.jpg 1024w, https:\/\/www.sportchaco.com.ar\/wp-content\/uploads\/2024\/05\/Molodezky-Luis-11-05-24-768x576.jpg 768w, https:\/\/www.sportchaco.com.ar\/wp-content\/uploads\/2024\/05\/Molodezky-Luis-11-05-24-1536x1153.jpg 1536w, https:\/\/www.sportchaco.com.ar\/wp-content\/uploads\/2024\/05\/Molodezky-Luis-11-05-24.jpg 1599w\" sizes=\"auto, (max-width: 300px) 100vw, 300px\" \/><\/strong><\/p>\n<p>&nbsp;<\/p>\n<p><strong>1979 <\/strong>\/ Primera convocatoria al Seleccionado Juvenil de B\u00e1squetbol de Gabriel Milovich, jugador saenzpe\u00f1ense de 2 metros, con miras al Mundial de Brasil.<\/p>\n<p><strong>1980 <\/strong>\/ Se funda el Aero Club de Santa Sylvina. La comisi\u00f3n la integran como presidente Daniel De Arriba, vice David Castellano, secretario H\u00e9ctor Ossigus. Pro Rub\u00e9n Cruz. Tesorero Jorge Carlos Echiarre, pro Juan Onsiak.<\/p>\n<p><strong>1980 <\/strong>\/ Colegio Nacional gan\u00f3 el Intercolegial de B\u00e1squetbol al derrotar en la final a Escuela de Comercio 71 a 67. El plantel campe\u00f3n Sergio Goya, Julio Brisihelli, Jorge L\u00f3pez, Luis Craiyasich, Marcelo Andreatta, Walter Dosso, Luis Copello, Gustavo Villafa\u00f1e, Ren\u00e9 Beveraggi y Guillermo Tuckey. DT: Marcos Goicoechea.<\/p>\n<p><strong>1984 <\/strong>\/ Fundaci\u00f3n del Club Deportivo Policial.<\/p>\n<p><strong>\u00a02012 <\/strong><strong>\/<\/strong> Uni\u00f3n Progresista. asciende a la Liga Nacional de B\u00e1squet al vencer a Argentino de Jun\u00edn por 70 a 67 (32-38), cerrando de esta manera la serie 3 a 0. As\u00ed el equipo villangelense vuelve a la m\u00e1xima categor\u00eda del b\u00e1squetbol argentino luego de 25 a\u00f1os.\u00a0\u00a0 Integraron el plantel campe\u00f3n V\u00edctor Cajal, Cristian Schoppler, Gonzalo Laphitzborde, Greg Dilligard, Lisandro Rasio, C\u00e9sar Avalle, Pablo Osores, Gonzalo Gorostiaga, Mauro Aleksandrowicz. DT: Jorge Lobera.<\/p>\n<p><strong>https:\/\/youtu.be\/u1lnLems4Dc\u00a0<\/strong><\/p>\n<p>&nbsp;<\/p>\n<p>&nbsp;<\/p>\n<p><img loading=\"lazy\" decoding=\"async\" class=\"alignnone size-medium wp-image-9225\" src=\"https:\/\/www.sportchaco.com.ar\/wp-content\/uploads\/2024\/05\/Union-Progresista-a-la-LNB-2012-chica-300x164.png\" alt=\"\" width=\"300\" height=\"164\" srcset=\"https:\/\/www.sportchaco.com.ar\/wp-content\/uploads\/2024\/05\/Union-Progresista-a-la-LNB-2012-chica-300x164.png 300w, https:\/\/www.sportchaco.com.ar\/wp-content\/uploads\/2024\/05\/Union-Progresista-a-la-LNB-2012-chica-768x420.png 768w, https:\/\/www.sportchaco.com.ar\/wp-content\/uploads\/2024\/05\/Union-Progresista-a-la-LNB-2012-chica.png 922w\" sizes=\"auto, (max-width: 300px) 100vw, 300px\" \/><\/p>\n<p><strong>Foto portada Uni\u00f3n Progresista 2012, asciende por segunda vez a la Liga Argentina.<\/strong><\/p>\n<p>&nbsp;<\/p>\n<p><img loading=\"lazy\" decoding=\"async\" class=\"alignnone size-full wp-image-8996\" src=\"https:\/\/www.sportchaco.com.ar\/wp-content\/uploads\/2024\/05\/gob-salud-marzo-apaisado-2.gif\" alt=\"\" width=\"250\" height=\"250\" \/><\/p>\n","protected":false},"excerpt":{"rendered":"<p>Esta es la Efem\u00e9rides del Deporte en el Chaco de un 11 de mayo del periodista Luis Dar\u00edo Molodezky. &nbsp; &nbsp; 1979 \/ Primera convocatoria al Seleccionado Juvenil de B\u00e1squetbol de Gabriel Milovich, jugador saenzpe\u00f1ense de 2 metros, con miras al Mundial de Brasil. 1980 \/ Se funda el Aero Club de Santa Sylvina. La &hellip;<\/p>\n","protected":false},"author":2,"featured_media":9225,"comment_status":"open","ping_status":"open","sticky":false,"template":"","format":"standard","meta":{"footnotes":""},"categories":[45,35],"tags":[],"class_list":["post-9223","post","type-post","status-publish","format-standard","has-post-thumbnail","hentry","category-efemerides-dia-por-dia","category-mayo"],"_links":{"self":[{"href":"https:\/\/www.sportchaco.com.ar\/index.php?rest_route=\/wp\/v2\/posts\/9223","targetHints":{"allow":["GET"]}}],"collection":[{"href":"https:\/\/www.sportchaco.com.ar\/index.php?rest_route=\/wp\/v2\/posts"}],"about":[{"href":"https:\/\/www.sportchaco.com.ar\/index.php?rest_route=\/wp\/v2\/types\/post"}],"author":[{"embeddable":true,"href":"https:\/\/www.sportchaco.com.ar\/index.php?rest_route=\/wp\/v2\/users\/2"}],"replies":[{"embeddable":true,"href":"https:\/\/www.sportchaco.com.ar\/index.php?rest_route=%2Fwp%2Fv2%2Fcomments&post=9223"}],"version-history":[{"count":2,"href":"https:\/\/www.sportchaco.com.ar\/index.php?rest_route=\/wp\/v2\/posts\/9223\/revisions"}],"predecessor-version":[{"id":9227,"href":"https:\/\/www.sportchaco.com.ar\/index.php?rest_route=\/wp\/v2\/posts\/9223\/revisions\/9227"}],"wp:featuredmedia":[{"embeddable":true,"href":"https:\/\/www.sportchaco.com.ar\/index.php?rest_route=\/wp\/v2\/media\/9225"}],"wp:attachment":[{"href":"https:\/\/www.sportchaco.com.ar\/index.php?rest_route=%2Fwp%2Fv2%2Fmedia&parent=9223"}],"wp:term":[{"taxonomy":"category","embeddable":true,"href":"https:\/\/www.sportchaco.com.ar\/index.php?rest_route=%2Fwp%2Fv2%2Fcategories&post=9223"},{"taxonomy":"post_tag","embeddable":true,"href":"https:\/\/www.sportchaco.com.ar\/index.php?rest_route=%2Fwp%2Fv2%2Ftags&post=9223"}],"curies":[{"name":"wp","href":"https:\/\/api.w.org\/{rel}","templated":true}]}}