{"id":9269,"date":"2024-05-12T11:36:23","date_gmt":"2024-05-12T14:36:23","guid":{"rendered":"https:\/\/www.sportchaco.com.ar\/?p=9269"},"modified":"2024-05-12T11:36:23","modified_gmt":"2024-05-12T14:36:23","slug":"juan-maria-traverso-ya-es-leyenda","status":"publish","type":"post","link":"https:\/\/www.sportchaco.com.ar\/?p=9269","title":{"rendered":"Juan Mar\u00eda Traverso ya es leyenda"},"content":{"rendered":"<header class=\"news-headline\">\n<h6 class=\"news-headline__title\">12-05-2024<\/h6>\n<div class=\"news-headline__author-and-share-wrapper\">\n<div class=\"news-headline__author-wrapper\"><\/div>\n<\/div>\n<p><strong>Juan Mar\u00eda Traverso, el hist\u00f3rico piloto, multicampe\u00f3n del automovilismo nacional, falleci\u00f3 a los 73 a\u00f1os. Luch\u00f3 contra una larga enfermedad.<\/strong><\/p>\n<\/header>\n<p>&nbsp;<\/p>\n<div class=\"detail-highlighted-multimedia content-protected-false\">\n<figure class=\"detail-highlighted-multimedia__figure\"><img loading=\"lazy\" decoding=\"async\" class=\"detail-highlighted-multimedia__figure-img img-fluid\" src=\"https:\/\/media.ambito.com\/p\/84b55cdb20ed44e42619595dd5799b6e\/adjuntos\/239\/imagenes\/041\/505\/0041505480\/655x368\/smart\/traversopng.png\" alt=\"Traverso marc\u00f3 \u00e9poca en el automovilismo argentino, en la que gan\u00f3 16 t\u00edtulos, y fue una figura emblem\u00e1tica por maniobras que dieron que hablar y por su temperamento dentro y fuera de las pistas.&amp;nbsp;\" width=\"1200\" height=\"676\" \/><figcaption class=\"detail-highlighted-multimedia__figcaption\">\n<div class=\"detail-highlighted-multimedia__caption\">Traverso marc\u00f3 \u00e9poca en el automovilismo argentino, en la que gan\u00f3 16 t\u00edtulos, y fue una figura emblem\u00e1tica por maniobras que dieron que hablar y por su temperamento dentro y fuera de las pistas.<\/div>\n<\/figcaption><\/figure>\n<\/div>\n<article class=\"article-body article-body--first-paragraph content-protected-false\" data-td-script-src=\"https:\/\/www.ambito.com\/td\/modulos\/encuestas\/js\/function-embeds-min-version-1714968458.js\">El hist\u00f3rico piloto\u00a0<strong>Juan Mar\u00eda Traverso<\/strong>, multicampe\u00f3n del automovilismo nacional, falleci\u00f3 a los 73 a\u00f1os. Luch\u00f3 contra una larga enfermedad.<\/p>\n<\/article>\n<article class=\"article-body article-body--second-paragraph content-protected-false\">\u00abLa ACTC expresa un profundo pesar por la muerte de Juan Mar\u00eda Traverso, el \u00eddolo que trascendi\u00f3 al automovilismo. Siempre&#8230;siempre recordaremos al \u201cFlaco\u201d de Ramallo. Que en paz descanse\u00bb, lament\u00f3 la entidad.<\/p>\n<\/article>\n<section class=\"related-news\"><\/section>\n<article class=\"article-body article-body--third-paragraph content-protected-false\"><strong>Traverso marc\u00f3 \u00e9poca en el automovilismo argentino, en la que gan\u00f3 16 t\u00edtulos, y fue una figura emblem\u00e1tica por maniobras que dieron que hablar y por su temperamento dentro y fuera de las pistas.<\/strong><\/p>\n<\/article>\n<article class=\"article-body article-body--fourth-paragraph content-protected-false\">\n<h2>La carrera de Juan Mar\u00eda Traverso<\/h2>\n<p>El oriundo de Ramallo, quien se hizo gigante en el plano local pero lleg\u00f3 a dar pelea en el internacional (compiti\u00f3 en la F\u00f3rmula 2 Europea en el 1979),<strong>\u00a0fue campe\u00f3n de TC en 1977, 1978, 1995, 1996, 1997 y 1999<\/strong>.<\/p>\n<\/article>\n<article class=\"article-body article-body--remaining-paragraph content-protected-false\">En sus \u00faltimas temporadas dio el salto de Chevrolet a Ford, lo que gener\u00f3 una revoluci\u00f3n en el deporte nacional.<\/p>\n<p>Adem\u00e1s de sus conquistas en la categor\u00eda m\u00e1s antigua del planeta y la m\u00e1s popular del pa\u00eds, el Flaco cosech\u00f3 \u00e9xitos en el\u00a0<strong>TC2000 y en el Top Race<\/strong>: en la primera, siete coronaciones (1986, 1988, 1990, 1991, 1992, 1993 y 1995), y en la otra, tres (1998, 1999 y 2003).\u00a0<strong>Su retiro de la actividad se dio en el 2005, con 54 a\u00f1os.<\/strong><\/p>\n<p>Uno de sus momentos m\u00e1s destacados fue en una carrera de TC 2000, el 3 de abril de 1988 en el aut\u00f3dromo de Jaracarepagu\u00e1, en R\u00edo de Janeiro, gan\u00f3 con su m\u00edtica cup\u00e9 Renault Fuego ardiendo en llamas, la cual condujo durante dos vueltas y media hasta ver la bandera a cuadros. O el d\u00eda que corri\u00f3 con una rueda menos una buena parte del circuito y a\u00fan as\u00ed lleg\u00f3 segundo.<\/p>\n<p>\u00abEsa vez se prendi\u00f3 fuego del lado de donde est\u00e1 todo el lubricante. Perdi\u00f3 una manguera y cay\u00f3 sobre los escapes. Empez\u00f3 a salir humo y supe que era aceite. Sab\u00eda que en alg\u00fan momento se prend\u00eda porque los escapes estaban en rojo y por los agujeritos del piso lo ven\u00eda mirando. Habl\u00e9 por radio y les dije, &#8216;tengo una p\u00e9rdida de aceite que cae sobre los escapes. Voy a seguir hasta que se la banque'\u00bb, relat\u00f3 el \u00abFlaco\u00bb sobre aquel episodio que lo marc\u00f3 en la historia.<\/p>\n<p><img loading=\"lazy\" decoding=\"async\" class=\"alignnone size-medium wp-image-9271\" src=\"https:\/\/www.sportchaco.com.ar\/wp-content\/uploads\/2024\/05\/traverso-pato-silva-300x170.jpg\" alt=\"\" width=\"300\" height=\"170\" srcset=\"https:\/\/www.sportchaco.com.ar\/wp-content\/uploads\/2024\/05\/traverso-pato-silva-300x170.jpg 300w, https:\/\/www.sportchaco.com.ar\/wp-content\/uploads\/2024\/05\/traverso-pato-silva-390x220.jpg 390w, https:\/\/www.sportchaco.com.ar\/wp-content\/uploads\/2024\/05\/traverso-pato-silva.jpg 636w\" sizes=\"auto, (max-width: 300px) 100vw, 300px\" \/><\/p>\n<p><strong>Las peleas con el Pato Silva formaron parte de la historia. El flaco ten\u00eda cierta impunidad en las pistas y las aprovechaba.<\/strong><\/p>\n<div id=\"embed5459_wrap\" class=\"embed_cont type_freetext\" contenteditable=\"false\" data-provider=\"YouTube\">\n<div id=\"embed5459_content\" class=\"embed_content\">\n<div id=\"embed5459_embed\"><\/div>\n<\/div>\n<\/div>\n<h2><\/h2>\n<h2>Las peleas de Juan Mar\u00eda Traverso con otros pilotos<\/h2>\n<p>Tambi\u00e9n sus peleas con otros pilotos. A Gabriel Ponce de Le\u00f3n amenaz\u00f3 frente a las c\u00e1maras con \u00abcagarlo a trompadas\u00bb por lo ocurrido durante la carrera. Tambi\u00e9n con Marcos Di Palma.<\/p>\n<div id=\"embed8263_wrap\" class=\"embed_cont type_freetext\" contenteditable=\"false\" data-provider=\"YouTube\">\n<div id=\"embed8263_content\" class=\"embed_content\">\n<div id=\"embed8263_embed\"><\/div>\n<\/div>\n<\/div>\n<div id=\"embed4624_wrap\" class=\"embed_cont type_freetext\" contenteditable=\"false\" data-provider=\"YouTube\">\n<div id=\"embed4624_content\" class=\"embed_content\">\n<div id=\"embed4624_embed\"><\/div>\n<\/div>\n<\/div>\n<p>Otro momento memorable fue cuando partiendo desde el fondo de la grilla super\u00f3 a todos sus rivales para ganar en la \u00faltima curva tras un toque al \u00abPato\u00bb Silva. Llorando, Silva se quej\u00f3 de la maniobra y dijo que su bronca era sobre todo porque pensaba dedicarle la victoria a su padre que cumpl\u00eda a\u00f1os. \u00abQue le compre una campera\u00bb, respondi\u00f3 Traverso cuando le preguntaron por la declaraci\u00f3n.<\/p>\n<div id=\"embed2835_wrap\" class=\"embed_cont type_freetext\" contenteditable=\"false\" data-provider=\"YouTube\">\n<div id=\"embed2835_content\" class=\"embed_content\">\n<div id=\"embed2835_embed\"><\/div>\n<\/div>\n<\/div>\n<h2>La vida de Juan Mar\u00eda Traverso<\/h2>\n<p>Juan Mar\u00eda Traverso, conocido en el mundo del automovilismo como \u00abFlaco\u00bb, naci\u00f3 el 28 de diciembre de 1950 en Ramallo, provincia de Buenos Aires, y desde su debut en 1971 en Turismo Carretera, se destac\u00f3 en la escena del automovilismo argentino, compitiendo en las m\u00e1s prestigiosas categor\u00edas del pa\u00eds hasta su retiro en 2005.<\/p>\n<p>A lo largo de su carrera, Traverso conquist\u00f3 un total de 16 campeonatos y siete subcampeonatos, lo que le vali\u00f3 un lugar prominente en la historia del deporte motor argentino. Se destac\u00f3 particularmente en Turismo Competici\u00f3n 2000, categor\u00eda en la que logr\u00f3 siete coronas.<\/p>\n<p>Adem\u00e1s, en Turismo Carretera conquist\u00f3 seis campeonatos y en Top Race obtuvo tres. Su habilidad no se limit\u00f3 solo a estas categor\u00edas, ya que tambi\u00e9n compiti\u00f3 en la Clase 3 del Turismo Nacional, el Club Argentino de Pilotos y la F\u00f3rmula 2 Codasur.<\/p>\n<p>El \u00abFlaco\u00bb fue ampliamente reconocido por su destreza al volante y su capacidad para dominar distintos tipos de veh\u00edculos y competiciones.<\/p>\n<p>En el a\u00f1o 2000, su excepcional carrera fue honrada con el Premio Konex de Platino, distingui\u00e9ndolo como el mejor piloto de la d\u00e9cada en Argentina.<\/p>\n<p>Traverso gan\u00f3 su primera carrera el 29 de octubre de 1972: El premio Supernafta YPF disputado en el semipermanente de 25 de Mayo. En su vuelta triunfal a Ramallo lo recibi\u00f3 una multitud y los festejos duraron tres d\u00edas.<\/p>\n<p>En 1973 se incorpor\u00f3 al equipo oficial de Ford, ocupando el lugar que hab\u00eda quedado vacante por la muerte de Nasif Est\u00e9fano y teniendo como compa\u00f1ero a H\u00e9ctor Luis Gradassi y, en 1977, logr\u00f3 su primer campeonato de Turismo Carretera ganando siete carreras y repitiendo la victoria al a\u00f1o siguiente, imponi\u00e9ndose en ocho competencias.<\/p>\n<p>Luego de su paso por Europa, en 1980, Traverso se inici\u00f3 en el Turismo Competici\u00f3n 2000 con un Ford Taunus y, en 1986, llegar\u00eda su primer campeonato con una Renault Cup\u00e9 Fuego, la misma con la que el 3 de abril de 1988 gan\u00f3 una carrera con el auto incendiado.<\/p>\n<p>Este s\u00e1bado, falleci\u00f3 en su ciudad natal de Ramallo, dejando una huella imborrable en el automovilismo.<\/p>\n<p>Su muerte impact\u00f3 profundamente en el deporte argentino, con fans y colegas recordando su legado y las innumerables haza\u00f1as que lo establecieron como una leyenda del deporte motor.<\/p>\n<p>A pesar del tiempo, la figura de Traverso sigue siendo una inspiraci\u00f3n para nuevas generaciones de pilotos, manteniendo viva su memoria en el coraz\u00f3n de aficionados y entusiastas del automovilismo.<\/p>\n<\/article>\n<p>&nbsp;<\/p>\n<div data-hveid=\"CBsQAA\" data-ved=\"2ahUKEwj5q5HEqYiGAxVappUCHTHdC_IQlcAGegQIGxAA\">\n<div class=\"KsRP6\">\n<div class=\"MDY31c\">\n<div class=\"QpPSMb\">\n<div class=\"DoxwDb\"><\/div>\n<\/div>\n<div class=\"nwVKo\">\n<div class=\"loJjTe\">\n<div class=\"iAIpCb PZPZlf\" role=\"heading\" aria-level=\"3\" data-attrid=\"subtitle\"><\/div>\n<\/div>\n<div class=\"r2VLS WAvXif\">\n<div data-ias=\"false\">\n<div class=\"y1yadf\">\n<div class=\"CcNe6e v4Zpbe\" tabindex=\"0\" role=\"button\" aria-expanded=\"false\" aria-haspopup=\"true\"><\/div>\n<\/div>\n<\/div>\n<\/div>\n<\/div>\n<\/div>\n<div class=\"ffmmcd\"><\/div>\n<\/div>\n<\/div>\n<div>\n<div class=\"Kot7x\">\n<div id=\"kp-wp-tab-cont-overview\" data-lopri=\"1\" data-rcov=\"1\" data-hveid=\"CBgQBg\" data-ved=\"2ahUKEwj5q5HEqYiGAxVappUCHTHdC_IQydoBKAB6BAgYEAY\">\n<div class=\"xDKLO\">\n<div id=\"kp-wp-tab-overview\" data-hveid=\"CBoQAA\" data-ved=\"2ahUKEwj5q5HEqYiGAxVappUCHTHdC_IQkt4BKAB6BAgaEAA\"><span id=\"fld_2\" data-csim=\"\"><\/span><\/p>\n<div class=\"TzHB6b cLjAic LMRCfc\" data-hveid=\"CCUQAA\" data-ved=\"2ahUKEwj5q5HEqYiGAxVappUCHTHdC_IQ04gCKAB6BAglEAA\">\n<div>\n<div class=\"sATSHe\">\n<div>\n<div class=\"yTFeqb wp-ms oJxARb nBWfrd i8qq8b\" data-hveid=\"CCQQAA\">\n<div class=\"WFxqwc BGdUVb OTFaAf\">\n<div class=\"xGj8Mb\">\n<div class=\"wDYxhc\" data-md=\"50\" data-hveid=\"CCIQAA\" data-ved=\"2ahUKEwj5q5HEqYiGAxVappUCHTHdC_IQkCl6BAgiEAA\">\n<div class=\"PZPZlf hb8SAc\" data-attrid=\"description\" data-hveid=\"CCIQAQ\" data-ved=\"2ahUKEwj5q5HEqYiGAxVappUCHTHdC_IQziAoAHoECCIQAQ\">\n<div>\n<div>\n<div class=\"kno-rdesc\">\n<h3 class=\"bNg8Rb OhScic zsYMMe BBwThe\">Descripci\u00f3n<\/h3>\n<p>Juan Mar\u00eda Traverso \u200bfue un piloto argentino de automovilismo. Reconocido a nivel nacional por sus participaciones en las m\u00e1s importantes categor\u00edas argentinas, es considerado uno de los m\u00e1s importantes &#8230;<\/p><\/div>\n<\/div>\n<\/div>\n<\/div>\n<\/div>\n<div class=\"wDYxhc\" data-attrid=\"kc:\/people\/person:born\" data-md=\"1001\" data-hveid=\"CCAQAA\" data-ved=\"2ahUKEwj5q5HEqYiGAxVappUCHTHdC_IQkCl6BAggEAA\">\n<div class=\"Z1hOCe\">\n<div class=\"zloOqf PZPZlf\" data-ved=\"2ahUKEwj5q5HEqYiGAxVappUCHTHdC_IQyxMoAHoECCAQAQ\">\n<div class=\"rVusze\"><span class=\"w8qArf\">Nacimiento:\u00a0<\/span><span class=\"LrzXr kno-fv wHYlTd z8gr9e\">28 de diciembre de 1950,\u00a0<span style=\"color: #000000;\"><a class=\"fl\" style=\"color: #000000;\" href=\"https:\/\/www.google.com.ar\/search?sa=X&amp;sca_esv=b3feb77383668ef4&amp;sca_upv=1&amp;bih=654&amp;biw=1318&amp;hl=es&amp;sxsrf=ADLYWIIf1ERpZZXZXmxeA1wC4b55xNgKUQ:1715524165987&amp;q=Ramallo&amp;si=ACC90ny8E30vD16OoPAAI4cStfcliGy35W8UAhb0TsHNc_ISQZQapmxS1spelYtkvyb7MdYqC2PBWU9tpfgUbDRdd2Dzx5OnNGTZpp7q7WBQivXgfriihxESuWXVA6QiruOpLbOiGmQwLdzrrQRXiSqDxPdQJRjslD8_Yz959TnqVDJ-r_IiDXKkQHjw3Gw8-kVlaJVLBWTR&amp;ved=2ahUKEwj5q5HEqYiGAxVappUCHTHdC_IQmxMoAHoECCAQAg\" data-ved=\"2ahUKEwj5q5HEqYiGAxVappUCHTHdC_IQmxMoAHoECCAQAg\">Ramallo<\/a><\/span><\/span><\/div>\n<\/div>\n<\/div>\n<\/div>\n<div class=\"wDYxhc\" data-attrid=\"kc:\/people\/deceased_person:date of death\" data-md=\"1001\" data-hveid=\"CB4QAA\" data-ved=\"2ahUKEwj5q5HEqYiGAxVappUCHTHdC_IQkCl6BAgeEAA\">\n<div class=\"Z1hOCe\">\n<div class=\"zloOqf PZPZlf\" data-ved=\"2ahUKEwj5q5HEqYiGAxVappUCHTHdC_IQyxMoAHoECB4QAQ\">\n<div class=\"rVusze\"><span style=\"color: #000000;\"><span class=\"w8qArf\">Fecha de la muerte:\u00a0<\/span><span class=\"LrzXr kno-fv wHYlTd z8gr9e\">11 de mayo de 2024<\/span><\/span><\/div>\n<\/div>\n<\/div>\n<\/div>\n<div class=\"wDYxhc\" data-attrid=\"kc:\/people\/person:children\" data-md=\"1001\" data-hveid=\"CCEQAA\" data-ved=\"2ahUKEwj5q5HEqYiGAxVappUCHTHdC_IQkCl6BAghEAA\">\n<div class=\"Z1hOCe\">\n<div class=\"zloOqf PZPZlf\" data-ved=\"2ahUKEwj5q5HEqYiGAxVappUCHTHdC_IQyxMoAHoECCEQAQ\">\n<div class=\"rVusze\"><span style=\"color: #000000;\"><span class=\"w8qArf\">Hijos:\u00a0<\/span><span class=\"LrzXr kno-fv wHYlTd z8gr9e\"><a class=\"fl\" style=\"color: #000000;\" href=\"https:\/\/www.google.com.ar\/search?sa=X&amp;sca_esv=b3feb77383668ef4&amp;sca_upv=1&amp;bih=654&amp;biw=1318&amp;hl=es&amp;sxsrf=ADLYWIIf1ERpZZXZXmxeA1wC4b55xNgKUQ:1715524165987&amp;q=juan+mar%C3%ADa+traverso+juan+cruz+traverso&amp;si=ACC90nwLLwns5sISZcdzuISy7t-NHozt8Cbt6G3WNQfC9ekAgD3CPi92jX6OHWLTuj_zJDjbT_jeMuz4ajTT3hQI-WdcxSOsqmLUvcuvZE4GVAioJpZLlBcoEUD786d_qRJCghRsq-TQhBbIVjdcYuSheJfepEoq3d6vrpMXR5zAhvByWqEi495vqpItOgxOlegqerEIafQPGfpg9-4K0l-KR61lJnXeTlm1tZeLMHFZGgPkHiuOvkYlzO3U0LP8to7tg-ga8ID17zAvTwwU2A8O2ZC0nRqIGpPzE9if2WOeMpGOy0BNsfZ-g8M3x7B8eS6e8rqH5yTl&amp;ved=2ahUKEwj5q5HEqYiGAxVappUCHTHdC_IQmxMoAHoECCEQAg\" data-ved=\"2ahUKEwj5q5HEqYiGAxVappUCHTHdC_IQmxMoAHoECCEQAg\">Juan Cruz Traverso<\/a>,\u00a0<a class=\"fl\" style=\"color: #000000;\" href=\"https:\/\/www.google.com.ar\/search?sa=X&amp;sca_esv=b3feb77383668ef4&amp;sca_upv=1&amp;bih=654&amp;biw=1318&amp;hl=es&amp;sxsrf=ADLYWIIf1ERpZZXZXmxeA1wC4b55xNgKUQ:1715524165987&amp;q=juan+mar%C3%ADa+traverso+mar%C3%ADa+paula+traverso&amp;si=ACC90nwLLwns5sISZcdzuISy7t-NHozt8Cbt6G3WNQfC9ekAgBL--h2a22gH5_2OY75FXaWPAmzIRASnplWM2j8jbfzGfJ10avzxhR1GISupbBzLSgY_mbT8Q5a5Fz7n24okcWVeFYuhbGVKsHPEYJ4adMew9mi8SoNqVQve-5hgYg6SUQQ7OGPl7R11-8N0rtBaQGJRd83qb7NhigK3YhT0m83xkfzfALebsshQ-qFXFt3_SQSbTiSY1hH2-Wpjl4A6AhNJQ08-IU33F8WJwg86yABZLpesOoEU4ymz66FzrMZjZ7IVI4jVL7RCrhqITOGqF9lVQGBJ&amp;ved=2ahUKEwj5q5HEqYiGAxVappUCHTHdC_IQmxMoAXoECCEQAw\" data-ved=\"2ahUKEwj5q5HEqYiGAxVappUCHTHdC_IQmxMoAXoECCEQAw\">Mar\u00eda Paula Traverso<\/a>,\u00a0<a class=\"fl\" style=\"color: #000000;\" href=\"https:\/\/www.google.com.ar\/search?sa=X&amp;sca_esv=b3feb77383668ef4&amp;sca_upv=1&amp;bih=654&amp;biw=1318&amp;hl=es&amp;sxsrf=ADLYWIIf1ERpZZXZXmxeA1wC4b55xNgKUQ:1715524165987&amp;q=juan+mar%C3%ADa+traverso+mar%C3%ADa+manuela+traverso&amp;si=ACC90nwLLwns5sISZcdzuISy7t-NHozt8Cbt6G3WNQfC9ekAgO-5YG1reVMMx6CRCDw_6_rO8On0vLbUnQXG6FFZCpdTyXup1-mY5e36hbgRwMZTvweJmYK8ebL11lfSJFUH7YzPj0ibeoN6U36eeEjrju2MUsoipiC2BscCsgWjU9IMAaYOfZVRRVHkms04I5ChLVG1kHdh2ugV3ET7NzXv68ZY6xYkNIUFh43eC6SXMtn87PNqnDVFUv0PuNiF91OmKD3N1kY-xbwLuz6iDLmyTq9GRC6E2dkH9XamG25SBtmmKnMMHAFOXwWWQP27lBhFYCF-9aAd&amp;ved=2ahUKEwj5q5HEqYiGAxVappUCHTHdC_IQmxMoAnoECCEQBA\" data-ved=\"2ahUKEwj5q5HEqYiGAxVappUCHTHdC_IQmxMoAnoECCEQBA\">Mar\u00eda Manuela Traverso<\/a><\/span><\/span><\/div>\n<\/div>\n<\/div>\n<\/div>\n<div class=\"wDYxhc\" data-attrid=\"ss:\/webfacts:anos_en_activ\" data-md=\"1001\" data-hveid=\"CCMQAA\" data-ved=\"2ahUKEwj5q5HEqYiGAxVappUCHTHdC_IQkCl6BAgjEAA\">\n<div class=\"Z1hOCe\">\n<div class=\"zloOqf PZPZlf\" data-ved=\"2ahUKEwj5q5HEqYiGAxVappUCHTHdC_IQyxMoAHoECCMQAQ\">\n<div class=\"rVusze\"><span class=\"w8qArf\">A\u00f1os en activo:\u00a0<\/span><span class=\"LrzXr kno-fv wHYlTd z8gr9e\">1971-2005<\/span><\/div>\n<\/div>\n<\/div>\n<\/div>\n<div class=\"wDYxhc\" data-attrid=\"ss:\/webfacts:apod\" data-md=\"1001\" data-hveid=\"CBwQAA\" data-ved=\"2ahUKEwj5q5HEqYiGAxVappUCHTHdC_IQkCl6BAgcEAA\">\n<div class=\"Z1hOCe\">\n<div class=\"zloOqf PZPZlf\" data-ved=\"2ahUKEwj5q5HEqYiGAxVappUCHTHdC_IQyxMoAHoECBwQAQ\">\n<div class=\"rVusze\"><span class=\"w8qArf\">Apodo:\u00a0<\/span><span class=\"LrzXr kno-fv wHYlTd z8gr9e\">Flaco<\/span><\/div>\n<\/div>\n<\/div>\n<\/div>\n<div class=\"wDYxhc\" data-attrid=\"ss:\/webfacts:nombr\" data-md=\"1001\" data-hveid=\"CB8QAA\" data-ved=\"2ahUKEwj5q5HEqYiGAxVappUCHTHdC_IQkCl6BAgfEAA\">\n<div class=\"Z1hOCe\">\n<div class=\"zloOqf PZPZlf\" data-ved=\"2ahUKEwj5q5HEqYiGAxVappUCHTHdC_IQyxMoAHoECB8QAQ\">\n<div class=\"rVusze\"><span class=\"w8qArf\">Nombre:\u00a0<\/span><span class=\"LrzXr kno-fv wHYlTd z8gr9e\">Juan Mar\u00eda Traverso<\/span><\/div>\n<\/div>\n<\/div>\n<\/div>\n<div class=\"wDYxhc\" data-attrid=\"ss:\/webfacts:retir\" data-md=\"1001\" data-hveid=\"CB0QAA\" data-ved=\"2ahUKEwj5q5HEqYiGAxVappUCHTHdC_IQkCl6BAgdEAA\">\n<div class=\"Z1hOCe\">\n<div class=\"zloOqf PZPZlf\" data-ved=\"2ahUKEwj5q5HEqYiGAxVappUCHTHdC_IQyxMoAHoECB0QAQ\">\n<div class=\"rVusze\"><span class=\"w8qArf\">Retiro:\u00a0<\/span><span class=\"LrzXr kno-fv wHYlTd z8gr9e\">2005<\/span><\/div>\n<div><img loading=\"lazy\" decoding=\"async\" class=\"alignnone size-medium wp-image-9064\" src=\"https:\/\/www.sportchaco.com.ar\/wp-content\/uploads\/2024\/05\/Zedero-vacunate-300x300.jpeg\" alt=\"\" width=\"300\" height=\"300\" srcset=\"https:\/\/www.sportchaco.com.ar\/wp-content\/uploads\/2024\/05\/Zedero-vacunate-300x300.jpeg 300w, https:\/\/www.sportchaco.com.ar\/wp-content\/uploads\/2024\/05\/Zedero-vacunate-1024x1024.jpeg 1024w, https:\/\/www.sportchaco.com.ar\/wp-content\/uploads\/2024\/05\/Zedero-vacunate-150x150.jpeg 150w, https:\/\/www.sportchaco.com.ar\/wp-content\/uploads\/2024\/05\/Zedero-vacunate-768x768.jpeg 768w, https:\/\/www.sportchaco.com.ar\/wp-content\/uploads\/2024\/05\/Zedero-vacunate.jpeg 1080w\" sizes=\"auto, (max-width: 300px) 100vw, 300px\" \/><\/div>\n<\/div>\n<\/div>\n<\/div>\n<\/div>\n<\/div>\n<\/div>\n<\/div>\n<\/div>\n<\/div>\n<\/div>\n<\/div>\n<\/div>\n<\/div>\n<\/div>\n<\/div>\n","protected":false},"excerpt":{"rendered":"<p>12-05-2024 Juan Mar\u00eda Traverso, el hist\u00f3rico piloto, multicampe\u00f3n del automovilismo nacional, falleci\u00f3 a los 73 a\u00f1os. Luch\u00f3 contra una larga enfermedad. &nbsp; Traverso marc\u00f3 \u00e9poca en el automovilismo argentino, en la que gan\u00f3 16 t\u00edtulos, y fue una figura emblem\u00e1tica por maniobras que dieron que hablar y por su temperamento dentro y fuera de las &hellip;<\/p>\n","protected":false},"author":2,"featured_media":9270,"comment_status":"open","ping_status":"open","sticky":false,"template":"","format":"standard","meta":{"footnotes":""},"categories":[2],"tags":[],"class_list":["post-9269","post","type-post","status-publish","format-standard","has-post-thumbnail","hentry","category-automovilismo"],"_links":{"self":[{"href":"https:\/\/www.sportchaco.com.ar\/index.php?rest_route=\/wp\/v2\/posts\/9269","targetHints":{"allow":["GET"]}}],"collection":[{"href":"https:\/\/www.sportchaco.com.ar\/index.php?rest_route=\/wp\/v2\/posts"}],"about":[{"href":"https:\/\/www.sportchaco.com.ar\/index.php?rest_route=\/wp\/v2\/types\/post"}],"author":[{"embeddable":true,"href":"https:\/\/www.sportchaco.com.ar\/index.php?rest_route=\/wp\/v2\/users\/2"}],"replies":[{"embeddable":true,"href":"https:\/\/www.sportchaco.com.ar\/index.php?rest_route=%2Fwp%2Fv2%2Fcomments&post=9269"}],"version-history":[{"count":1,"href":"https:\/\/www.sportchaco.com.ar\/index.php?rest_route=\/wp\/v2\/posts\/9269\/revisions"}],"predecessor-version":[{"id":9272,"href":"https:\/\/www.sportchaco.com.ar\/index.php?rest_route=\/wp\/v2\/posts\/9269\/revisions\/9272"}],"wp:featuredmedia":[{"embeddable":true,"href":"https:\/\/www.sportchaco.com.ar\/index.php?rest_route=\/wp\/v2\/media\/9270"}],"wp:attachment":[{"href":"https:\/\/www.sportchaco.com.ar\/index.php?rest_route=%2Fwp%2Fv2%2Fmedia&parent=9269"}],"wp:term":[{"taxonomy":"category","embeddable":true,"href":"https:\/\/www.sportchaco.com.ar\/index.php?rest_route=%2Fwp%2Fv2%2Fcategories&post=9269"},{"taxonomy":"post_tag","embeddable":true,"href":"https:\/\/www.sportchaco.com.ar\/index.php?rest_route=%2Fwp%2Fv2%2Ftags&post=9269"}],"curies":[{"name":"wp","href":"https:\/\/api.w.org\/{rel}","templated":true}]}}