{"id":9280,"date":"2024-05-12T11:54:03","date_gmt":"2024-05-12T14:54:03","guid":{"rendered":"https:\/\/www.sportchaco.com.ar\/?p=9280"},"modified":"2024-05-12T11:54:45","modified_gmt":"2024-05-12T14:54:45","slug":"9280","status":"publish","type":"post","link":"https:\/\/www.sportchaco.com.ar\/?p=9280","title":{"rendered":"El rojo arranco mal, perdi\u00f3 con T 3-1"},"content":{"rendered":"<header id=\"mvp-main-head-wrap\" class=\"left relative\">\n<div class=\"mvp-main-head-grid mvp-nav-fixed\">\n<div class=\"mvp-main-head-mid relative mvp-main-head-shade\">\n<div class=\"mvp-nav-menu\"><\/div>\n<\/div>\n<\/div>\n<div id=\"mvp-search-wrap\" class=\"mvp-search-fixed\">\n<div id=\"mvp-search-box\">\n<form id=\"searchform\" action=\"https:\/\/www.infiernorojo.com\/independiente\/\" method=\"get\">&nbsp;<\/p>\n<p>12-05-2024<\/p>\n<\/form>\n<\/div>\n<\/div>\n<\/header>\n<div id=\"mvp-main-body-wrap\" class=\"left relative\">\n<div class=\"mvp-main-body-grid relative\">\n<div class=\"mvp-main-body-cont relative\">\n<div class=\"mvp-auto-post-grid\">\n<div class=\"mvp-auto-post-main\">\n<article id=\"post-230236\" class=\"post-230236 post type-post status-publish format-standard has-post-thumbnail hentry category-actualidad tag-copa-de-la-liga tag-talleres first\">\n<div class=\"mvp-post-img-wrap left relative\">\n<div class=\"mvp-post-img left relative\"><\/div>\n<\/div>\n<div class=\"mvp-post-main left relative\">\n<div class=\"mvp-post-body left relative\">\n<div class=\"mvp-post-content left relative\">\n<div class=\"mvp-content-wrap relative\">\n<header class=\"mvp-post-head-wrap left relative\">\n<div class=\"mvp-post-head relative\">\n<div class=\"mvp-post-info-wrap mvp-post-info-wrap2\">\n<div class=\"mvp-author-thumb\">\n<div class=\"content-article-title\">\n<div class=\"wrapper-layout center-content center_story max-width\">\n<div class=\"col-content\">\n<h6 class=\"article__title\">Con uno menos, Independiente perdi\u00f3 3-1 con Talleres en su debut en la Liga Profesional 2024. El equipo de Tevez, que sufri\u00f3 la expulsi\u00f3n de Canelo al final del primer tiempo, jug\u00f3 mal. Los cordobeses se llevaron los tres puntos de Avellaneda. Ram\u00f3n Sosa meti\u00f3 un golazo.<\/h6>\n<\/div>\n<\/div>\n<\/div>\n<div class=\"common-layout wrapper-layout center-content center_story max-width story article\">\n<div class=\"col-content\">\n<p>&nbsp;<\/p>\n<div class=\"article__header article__story article__article\">\n<div class=\"article__head\">\n<div class=\"article__headline-byline-container\">\n<div class=\"article__byline\" data-testid=\"byline\">\n<div class=\"author-date\"><\/div>\n<\/div>\n<\/div>\n<div class=\"article__lead-art article__lead-art-photo\" data-testid=\"LeadArtPhoto\">\n<figure class=\"\" data-testid=\"figure-testid\">\n<div class=\"aspect_ratio__container\"><picture class=\"responsive-image\"><source srcset=\"https:\/\/tn.com.ar\/resizer\/18rIGTGTQW9eSOfsq8zpHhPJI98=\/767x0\/smart\/filters:format(webp)\/cloudfront-us-east-1.images.arcpublishing.com\/artear\/PO2KSK3I5RDPXLHOVW3N2GS3WQ.jpg\" type=\"image\/jpg\" media=\"(max-width: 728px)\" \/><source srcset=\"https:\/\/tn.com.ar\/resizer\/T8ujNFRuSjULCt3KUC6TFyt43nc=\/1023x0\/smart\/filters:format(webp)\/cloudfront-us-east-1.images.arcpublishing.com\/artear\/PO2KSK3I5RDPXLHOVW3N2GS3WQ.jpg\" type=\"image\/jpg\" media=\"(max-width: 1023px)\" \/><source srcset=\"https:\/\/tn.com.ar\/resizer\/FA7gyVzcaN_GRfR26ndqY8L7Rko=\/1440x0\/smart\/filters:format(webp)\/cloudfront-us-east-1.images.arcpublishing.com\/artear\/PO2KSK3I5RDPXLHOVW3N2GS3WQ.jpg\" type=\"image\/jpg\" \/><img loading=\"lazy\" decoding=\"async\" class=\"width_full height_full article__lead-art-photo image_placeholder\" src=\"https:\/\/tn.com.ar\/resizer\/18rIGTGTQW9eSOfsq8zpHhPJI98=\/767x0\/smart\/filters:format(webp)\/cloudfront-us-east-1.images.arcpublishing.com\/artear\/PO2KSK3I5RDPXLHOVW3N2GS3WQ.jpg\" alt=\"Con uno menos, Independiente perdi\u00f3 3-1 con Talleres en su debut en la Liga Profesional (Foto: Fotobaires).\" width=\"767\" height=\"431\" \/><\/picture><\/div><figcaption class=\"caption_image\" data-testid=\"figcaption-testid\">\n<div class=\"image_caption\">Con uno menos, Independiente perdi\u00f3 3-1 con Talleres en su debut en la Liga Profesional<\/div>\n<\/figcaption><\/figure>\n<\/div>\n<\/div>\n<\/div>\n<div class=\"default-article-color article__body article__article\">\n<p class=\"paragraph\"><span style=\"color: #000000;\"><a style=\"color: #000000;\" href=\"https:\/\/tn.com.ar\/deportes\/futbol\/2024\/05\/04\/la-honestidad-brutal-de-carlos-tevez-sobre-los-hinchas-de-independiente-tras-el-triunfo-en-la-copa-argentina\/\" target=\"_blank\" rel=\"noopener\">Independiente<\/a>\u00a0perdi\u00f3 3 a 1 en su presentaci\u00f3n en la\u00a0<a style=\"color: #000000;\" href=\"https:\/\/tn.com.ar\/deportes\/futbol\/2024\/05\/10\/empezo-la-liga-profesional-2024-todos-los-resultados-del-viernes-y-como-sigue-la-primera-fecha\/\" target=\"_blank\" rel=\"noopener\">Liga Profesional 2024<\/a>\u00a0ante\u00a0Talleres de C\u00f3rdoba, este s\u00e1bado en el estadio Libertadores de Am\u00e9rica-Ricardo Bochini. El equipo de Carlos Tevez, que jug\u00f3 con uno menos durante todo el segundo tiempo, tuvo una p\u00e1lida actuaci\u00f3n y\u00a0los hinchas mostraron su descontento.<\/span><\/p>\n<div id=\"ad-slot-infeed\" class=\"infeed-container\"><\/div>\n<p class=\"paragraph\">El encuentro se disput\u00f3 en Avellaneda,\u00a0cont\u00f3 con un mal arbitraje de\u00a0Yael Falcon P\u00e9rez\u00a0en campo y de\u00a0Nicol\u00e1s Lamolina\u00a0en el VAR. El Rojo sufri\u00f3 la\u00a0expulsi\u00f3n de Alexis Canelo\u00a0a los 45 minutos del primer tiempo.<\/p>\n<p class=\"paragraph\">Federico Girotti\u00a0abri\u00f3 el partido a los siete minutos de la parte inicial. Dos minutos despu\u00e9s,\u00a0Mat\u00edas Catal\u00e1n\u00a0-en contra- pon\u00eda el 1 a 1 para Independiente. Pero en el segundo tiempo, y aprovechando la ventaja de 11 contra 10,\u00a0Marcos Portillo\u00a0puso el 2-1 a los 36. El triunfo lo complet\u00f3\u00a0Ram\u00f3n Sosa\u00a0con un golazo de larga distancia.<\/p>\n<\/div>\n<p>&nbsp;<\/p>\n<\/div>\n<\/div>\n<\/div>\n<div class=\"mvp-author-info-wrap\">\n<div class=\"mvp-author-name-wrap\"><\/div>\n<div class=\"mvp-post-date-wrap\"><\/div>\n<\/div>\n<div class=\"mvp-alp-soc-wrap\"><\/div>\n<\/div>\n<\/div>\n<\/header>\n<div class=\"mvp-content-main left relative\">\n<p>El Rojo no mejor\u00f3 en nada, y perdi\u00f3 merecidamente con Talleres en la primera fecha.<\/p>\n<p>Si de partidos malos hay que hablar, Independiente hoy pareciera ser un abonado a ellos.\u00a0Recib\u00eda a Talleres en su debut con el objetivo de levantar la imagen, y se deterior\u00f3 a\u00fan m\u00e1s.<\/p>\n<p>De arranque, el partido fue dividido, palo y palo.\u00a0El Rojo hab\u00eda tenido una clara con Alexis Canelo, pero defini\u00f3 suave para Guido Herrera.\u00a0La T no era tan punzante, pero golpeaba cuando le quedaba, y le sali\u00f3.<\/p>\n<p>A los pocos minutos, un centro de Gustavo Bou le qued\u00f3 a Federico Girotti.\u00a0El 9 visitante la mat\u00f3 de pecho, defini\u00f3 y venci\u00f3 la resistencia de Rodrigo Rey.\u00a0\u00bfLa defensa? Pasiva, como muchas veces este a\u00f1o.<\/p>\n<p>Por suerte, la fortuna le sonri\u00f3 a Independiente poco despu\u00e9s. En una jugada por la izquierda, Gabriel \u00c1valos enganch\u00f3 y envi\u00f3 la pelota al medio.\u00a0Mat\u00edas Catal\u00e1n quiso despejar, y termin\u00f3 colocando el bal\u00f3n en el segundo palo.\u00a01-1.<\/p>\n<p>Luego, el encuentro se volvi\u00f3 friccionado, con m\u00e1s pelea que f\u00fatbol. Las amarillas empezaron a llegar hasta que, en el final de la primera parte, hubo una roja.\u00a0Alexis Canelo, que estaba amonestado, lleg\u00f3 a destiempo por segunda vez y se fue temprano al vestuario.<\/p>\n<p>En el complemento, el partido se planch\u00f3, aunque Yael Falc\u00f3n P\u00e9rez felizmente anim\u00f3 a las tribunas. En cada ataque de Independiente, los jugadores rivales cortaban con falta, y el \u00e1rbitro no cobraba nunca.\u00a0A Santiago L\u00f3pez, cuando se iba solo, lo anclaron al piso, y dej\u00f3 seguir.\u00a0Ins\u00f3lito.<\/p>\n<p>En este contexto hostil, se disput\u00f3 el final del partido, con la hinchada totalmente enardecida.\u00a0Con el encuentro partido, se vio favorecido el elenco cordob\u00e9s.<\/p>\n<p>Por la derecha, la visita encontr\u00f3 el negocio. La pelota le qued\u00f3 a Rub\u00e9n Botta, que envi\u00f3 un centro preciso a la cabeza de Marcos Portillo.\u00a0El futbolista gan\u00f3 y venci\u00f3 a Rey para marcar el 2-1.<\/p>\n<p>Y por si fuera poco, Ram\u00f3n Sosa tambi\u00e9n se anot\u00f3. Sobre el final, Talleres se fue de contra,\u00a0y el delantero le peg\u00f3 desde mitad de cancha para marcar el 3-1 definitivo.\u00a0De terror.<\/p>\n<p>Luego solo fue cuesti\u00f3n de esperar. Cuando Falc\u00f3n P\u00e9rez pit\u00f3 el final, solo hubo lugar para los silbidos y el malestar.\u00a0Los jugadores volvieron a dar verg\u00fcenza, y Carlos Tevez volvi\u00f3 a demostrar que no est\u00e1 a la altura. El Rojo arranca con el pie izquierdo, y preocupa por el mal rendimiento sostenido.<\/p>\n<p><img loading=\"lazy\" decoding=\"async\" class=\"alignnone size-medium wp-image-9196\" src=\"https:\/\/www.sportchaco.com.ar\/wp-content\/uploads\/2024\/05\/gob-sube-marzo-24-1-300x300.jpeg\" alt=\"\" width=\"300\" height=\"300\" srcset=\"https:\/\/www.sportchaco.com.ar\/wp-content\/uploads\/2024\/05\/gob-sube-marzo-24-1-300x300.jpeg 300w, https:\/\/www.sportchaco.com.ar\/wp-content\/uploads\/2024\/05\/gob-sube-marzo-24-1-1024x1024.jpeg 1024w, https:\/\/www.sportchaco.com.ar\/wp-content\/uploads\/2024\/05\/gob-sube-marzo-24-1-150x150.jpeg 150w, https:\/\/www.sportchaco.com.ar\/wp-content\/uploads\/2024\/05\/gob-sube-marzo-24-1-768x768.jpeg 768w, https:\/\/www.sportchaco.com.ar\/wp-content\/uploads\/2024\/05\/gob-sube-marzo-24-1.jpeg 1080w\" sizes=\"auto, (max-width: 300px) 100vw, 300px\" \/><\/p>\n<div class=\"1\">\n<div id=\"fixturein\">\n<table cellspacing=\"0\">\n<tbody>\n<tr>\n<td class=\"game-time\"><\/td>\n<td class=\"game-t1\"><\/td>\n<td class=\"game-r1\"><\/td>\n<td class=\"game-r2\"><\/td>\n<td class=\"game-t2\"><\/td>\n<td class=\"game-info\"><\/td>\n<\/tr>\n<tr class=\"tituloin\">\n<td colspan=\"6\"><a href=\"https:\/\/www.promiedos.com.ar\/primera\"><img decoding=\"async\" src=\"https:\/\/www.promiedos.com.ar\/images\/paises\/ar.png\" \/>\u00a0LIGA PROFESIONAL\u00a0<img decoding=\"async\" src=\"https:\/\/www.promiedos.com.ar\/images\/paises\/ar.png\" \/><\/a><\/td>\n<\/tr>\n<tr class=\"diapart\">\n<td colspan=\"6\">Ayer<\/td>\n<\/tr>\n<tr id=\"1_7\">\n<td id=\"ti_1_7\" class=\"game-fin\">Final<\/td>\n<td class=\"game-t1\"><img decoding=\"async\" src=\"https:\/\/www.promiedos.com.ar\/images\/18\/11.png\" \/><br \/>\n<span id=\"t1_1_7\" class=\"datoequipo\">Huracan<\/span><\/td>\n<td id=\"resu1_1_7\" class=\"game-r1\">\n<div id=\"roj1_1_7\" class=\"rojas1\"><\/div>\n<p><span id=\"r1_1_7\">3<\/span><\/td>\n<td id=\"resu2_1_7\" class=\"game-r2\"><span id=\"r2_1_7\">1<\/span><\/p>\n<div id=\"roj2_1_7\" class=\"rojas2\">\n<div class=\"roja\"><\/div>\n<\/div>\n<\/td>\n<td class=\"game-t1\"><img decoding=\"async\" src=\"https:\/\/www.promiedos.com.ar\/images\/18\/29.png\" \/><br \/>\n<span id=\"t2_1_7\" class=\"datoequipo\">Def y Justicia<\/span><\/td>\n<td id=\"for_1_7\" class=\"game-info\"><\/td>\n<\/tr>\n<tr id=\"gole_1_7\" class=\"goles\">\n<td id=\"g1_1_7\" colspan=\"3\"><i>45&#8242;<\/i>\u00a0I. Pussetto (pen.);\u00a0<i>58&#8242;<\/i>\u00a0H. Fertoli;\u00a0<i>90(+3)&#8217;<\/i>\u00a0I. Pussetto;<\/td>\n<td id=\"g2_1_7\" colspan=\"3\"><i>81&#8242;<\/i>\u00a0G. Alanis;<\/td>\n<\/tr>\n<tr id=\"1_6\">\n<td id=\"ti_1_6\" class=\"game-fin\">Final<\/td>\n<td class=\"game-t1\"><img decoding=\"async\" src=\"https:\/\/www.promiedos.com.ar\/images\/18\/10.png\" \/><br \/>\n<span id=\"t1_1_6\" class=\"datoequipo\">Godoy Cruz<\/span><\/td>\n<td id=\"resu1_1_6\" class=\"game-r1\">\n<div id=\"roj1_1_6\" class=\"rojas1\"><\/div>\n<p><span id=\"r1_1_6\">0<\/span><\/td>\n<td id=\"resu2_1_6\" class=\"game-r2\"><span id=\"r2_1_6\">1<\/span><\/p>\n<div id=\"roj2_1_6\" class=\"rojas2\"><\/div>\n<\/td>\n<td class=\"game-t1\"><img decoding=\"async\" src=\"https:\/\/www.promiedos.com.ar\/images\/18\/82.png\" \/><br \/>\n<span id=\"t2_1_6\" class=\"datoequipo\">Barracas Central<\/span><\/td>\n<td id=\"for_1_6\" class=\"game-info\"><\/td>\n<\/tr>\n<tr id=\"gole_1_6\" class=\"goles\">\n<td id=\"g1_1_6\" colspan=\"3\"><\/td>\n<td id=\"g2_1_6\" colspan=\"3\"><i>84&#8242;<\/i>\u00a0A. Dominguez;<\/td>\n<\/tr>\n<tr id=\"1_8\">\n<td id=\"ti_1_8\" class=\"game-fin\">Final<\/td>\n<td class=\"game-t1\"><img decoding=\"async\" src=\"https:\/\/www.promiedos.com.ar\/images\/18\/12.png\" \/><br \/>\n<span id=\"t1_1_8\" class=\"datoequipo\">Independiente<\/span><\/td>\n<td id=\"resu1_1_8\" class=\"game-r1\">\n<div id=\"roj1_1_8\" class=\"rojas1\">\n<div class=\"roja\"><\/div>\n<\/div>\n<p><span id=\"r1_1_8\">1<\/span><\/td>\n<td id=\"resu2_1_8\" class=\"game-r2\"><span id=\"r2_1_8\">3<\/span><\/p>\n<div id=\"roj2_1_8\" class=\"rojas2\"><\/div>\n<\/td>\n<td class=\"game-t1\"><img decoding=\"async\" src=\"https:\/\/www.promiedos.com.ar\/images\/18\/52.png\" \/><br \/>\n<span id=\"t2_1_8\" class=\"datoequipo\">Talleres (C)<\/span><\/td>\n<td id=\"for_1_8\" class=\"game-info\"><\/td>\n<\/tr>\n<tr id=\"gole_1_8\" class=\"goles\">\n<td id=\"g1_1_8\" colspan=\"3\"><i>10&#8242;<\/i>\u00a0M. Catalan (e.c.);<\/td>\n<td id=\"g2_1_8\" colspan=\"3\"><i>8&#8242;<\/i>\u00a0F. Girotti;\u00a0<i>81&#8242;<\/i>\u00a0M. Portillo;\u00a0<i>90(+7)&#8217;<\/i>\u00a0R. Sosa;<\/td>\n<\/tr>\n<tr id=\"1_11\">\n<td id=\"ti_1_11\" class=\"game-fin\">Final<\/td>\n<td class=\"game-t1\"><img decoding=\"async\" src=\"https:\/\/www.promiedos.com.ar\/images\/18\/18.png\" \/><br \/>\n<span id=\"t1_1_11\" class=\"datoequipo\">River Plate<\/span><\/td>\n<td id=\"resu1_1_11\" class=\"game-r1\">\n<div id=\"roj1_1_11\" class=\"rojas1\"><\/div>\n<p><span id=\"r1_1_11\">3<\/span><\/td>\n<td id=\"resu2_1_11\" class=\"game-r2\"><span id=\"r2_1_11\">0<\/span><\/p>\n<div id=\"roj2_1_11\" class=\"rojas2\">\n<div class=\"roja\"><\/div>\n<\/div>\n<\/td>\n<td class=\"game-t1\"><img decoding=\"async\" src=\"https:\/\/www.promiedos.com.ar\/images\/18\/78.png\" \/><br \/>\n<span id=\"t2_1_11\" class=\"datoequipo\">Central Cba (SdE)<\/span><\/td>\n<td id=\"for_1_11\" class=\"game-info\"><\/td>\n<\/tr>\n<tr id=\"gole_1_11\" class=\"goles\">\n<td id=\"g1_1_11\" colspan=\"3\"><i>6&#8242;<\/i>\u00a0F. Colidio;\u00a0<i>30&#8242;<\/i>\u00a0F. Colidio;\u00a0<i>86&#8242;<\/i>\u00a0E. Barco;<\/td>\n<\/tr>\n<\/tbody>\n<\/table>\n<p>&nbsp;<\/p>\n<div class=\"1\">\n<div id=\"fixturein\">\n<table cellspacing=\"0\">\n<tbody>\n<tr>\n<td class=\"game-time\"><\/td>\n<td class=\"game-t1\"><\/td>\n<td class=\"game-r1\"><\/td>\n<td class=\"game-r2\"><\/td>\n<td class=\"game-t2\"><\/td>\n<td class=\"game-info\"><\/td>\n<\/tr>\n<tr class=\"tituloin\">\n<td colspan=\"6\"><a href=\"https:\/\/www.promiedos.com.ar\/primera\"><img decoding=\"async\" src=\"https:\/\/www.promiedos.com.ar\/images\/paises\/ar.png\" \/>\u00a0LIGA PROFESIONAL\u00a0<img decoding=\"async\" src=\"https:\/\/www.promiedos.com.ar\/images\/paises\/ar.png\" \/><\/a><\/td>\n<\/tr>\n<tr id=\"1_4\">\n<td id=\"ti_1_4\" class=\"game-time\">15:30<\/td>\n<td class=\"game-t1\"><img decoding=\"async\" src=\"https:\/\/www.promiedos.com.ar\/images\/18\/123.png\" \/><br \/>\n<span id=\"t1_1_4\" class=\"datoequipo\">Riestra<\/span><\/td>\n<td id=\"resu1_1_4\" class=\"game-r1\">\n<div id=\"roj1_1_4\" class=\"rojas1\"><\/div>\n<p>&nbsp;<\/td>\n<td id=\"resu2_1_4\" class=\"game-r2\">&nbsp;<\/p>\n<div id=\"roj2_1_4\" class=\"rojas2\"><\/div>\n<\/td>\n<td class=\"game-t1\"><img decoding=\"async\" src=\"https:\/\/www.promiedos.com.ar\/images\/18\/19.png\" \/><br \/>\n<span id=\"t2_1_4\" class=\"datoequipo\">San Lorenzo<\/span><\/td>\n<td id=\"for_1_4\" class=\"game-info\"><\/td>\n<\/tr>\n<tr id=\"1_13\">\n<td id=\"ti_1_13\" class=\"game-time\">15:30<\/td>\n<td class=\"game-t1\"><img decoding=\"async\" src=\"https:\/\/www.promiedos.com.ar\/images\/18\/20.png\" \/><br \/>\n<span id=\"t1_1_13\" class=\"datoequipo\">Tigre<\/span><\/td>\n<td id=\"resu1_1_13\" class=\"game-r1\">\n<div id=\"roj1_1_13\" class=\"rojas1\"><\/div>\n<p>&nbsp;<\/td>\n<td id=\"resu2_1_13\" class=\"game-r2\">&nbsp;<\/p>\n<div id=\"roj2_1_13\" class=\"rojas2\"><\/div>\n<\/td>\n<td class=\"game-t1\"><img decoding=\"async\" src=\"https:\/\/www.promiedos.com.ar\/images\/18\/8.png\" \/><br \/>\n<span id=\"t2_1_13\" class=\"datoequipo\">Estudiantes (LP)<\/span><\/td>\n<td id=\"for_1_13\" class=\"game-info\"><\/td>\n<\/tr>\n<tr id=\"1_3\">\n<td id=\"ti_1_3\" class=\"game-time\">17:45<\/td>\n<td class=\"game-t1\"><img decoding=\"async\" src=\"https:\/\/www.promiedos.com.ar\/images\/18\/26.png\" \/><br \/>\n<span id=\"t1_1_3\" class=\"datoequipo\">Belgrano<\/span><\/td>\n<td id=\"resu1_1_3\" class=\"game-r1\">\n<div id=\"roj1_1_3\" class=\"rojas1\"><\/div>\n<p>&nbsp;<\/td>\n<td id=\"resu2_1_3\" class=\"game-r2\">&nbsp;<\/p>\n<div id=\"roj2_1_3\" class=\"rojas2\"><\/div>\n<\/td>\n<td class=\"game-t1\"><img decoding=\"async\" src=\"https:\/\/www.promiedos.com.ar\/images\/18\/17.png\" \/><br \/>\n<span id=\"t2_1_3\" class=\"datoequipo\">Racing Club<\/span><\/td>\n<td id=\"for_1_3\" class=\"game-info\"><\/td>\n<\/tr>\n<tr id=\"1_9\">\n<td id=\"ti_1_9\" class=\"game-time\">17:45<\/td>\n<td class=\"game-t1\"><img decoding=\"async\" src=\"https:\/\/www.promiedos.com.ar\/images\/18\/13.png\" \/><br \/>\n<span id=\"t1_1_9\" class=\"datoequipo\">Lanus<\/span><\/td>\n<td id=\"resu1_1_9\" class=\"game-r1\">\n<div id=\"roj1_1_9\" class=\"rojas1\"><\/div>\n<p>&nbsp;<\/td>\n<td id=\"resu2_1_9\" class=\"game-r2\">&nbsp;<\/p>\n<div id=\"roj2_1_9\" class=\"rojas2\"><\/div>\n<\/td>\n<td class=\"game-t1\"><img decoding=\"async\" src=\"https:\/\/www.promiedos.com.ar\/images\/18\/32.png\" \/><br \/>\n<span id=\"t2_1_9\" class=\"datoequipo\">Ind Rivadavia<\/span><\/td>\n<td id=\"for_1_9\" class=\"game-info\"><\/td>\n<\/tr>\n<tr id=\"1_2\">\n<td id=\"ti_1_2\" class=\"game-time\">20:15<\/td>\n<td class=\"game-t1\"><img decoding=\"async\" src=\"https:\/\/www.promiedos.com.ar\/images\/18\/25.png\" \/><br \/>\n<span id=\"t1_1_2\" class=\"datoequipo\">Atl Tucuman<\/span><\/td>\n<td id=\"resu1_1_2\" class=\"game-r1\">\n<div id=\"roj1_1_2\" class=\"rojas1\"><\/div>\n<p>&nbsp;<\/td>\n<td id=\"resu2_1_2\" class=\"game-r2\">&nbsp;<\/p>\n<div id=\"roj2_1_2\" class=\"rojas2\"><\/div>\n<\/td>\n<td class=\"game-t1\"><img decoding=\"async\" src=\"https:\/\/www.promiedos.com.ar\/images\/18\/6.png\" \/><br \/>\n<span id=\"t2_1_2\" class=\"datoequipo\">Boca Juniors<\/span><\/td>\n<\/tr>\n<\/tbody>\n<\/table>\n<\/div>\n<\/div>\n<\/div>\n<\/div>\n<\/div>\n<\/div>\n<\/div>\n<\/div>\n<\/div>\n<\/article>\n<\/div>\n<\/div>\n<\/div>\n<\/div>\n<\/div>\n","protected":false},"excerpt":{"rendered":"<p>&nbsp; 12-05-2024 Con uno menos, Independiente perdi\u00f3 3-1 con Talleres en su debut en la Liga Profesional 2024. El equipo de Tevez, que sufri\u00f3 la expulsi\u00f3n de Canelo al final del primer tiempo, jug\u00f3 mal. Los cordobeses se llevaron los tres puntos de Avellaneda. Ram\u00f3n Sosa meti\u00f3 un golazo. &nbsp; Con uno menos, Independiente perdi\u00f3 &hellip;<\/p>\n","protected":false},"author":2,"featured_media":9281,"comment_status":"open","ping_status":"open","sticky":false,"template":"","format":"standard","meta":{"footnotes":""},"categories":[47],"tags":[],"class_list":["post-9280","post","type-post","status-publish","format-standard","has-post-thumbnail","hentry","category-nacionales"],"_links":{"self":[{"href":"https:\/\/www.sportchaco.com.ar\/index.php?rest_route=\/wp\/v2\/posts\/9280","targetHints":{"allow":["GET"]}}],"collection":[{"href":"https:\/\/www.sportchaco.com.ar\/index.php?rest_route=\/wp\/v2\/posts"}],"about":[{"href":"https:\/\/www.sportchaco.com.ar\/index.php?rest_route=\/wp\/v2\/types\/post"}],"author":[{"embeddable":true,"href":"https:\/\/www.sportchaco.com.ar\/index.php?rest_route=\/wp\/v2\/users\/2"}],"replies":[{"embeddable":true,"href":"https:\/\/www.sportchaco.com.ar\/index.php?rest_route=%2Fwp%2Fv2%2Fcomments&post=9280"}],"version-history":[{"count":2,"href":"https:\/\/www.sportchaco.com.ar\/index.php?rest_route=\/wp\/v2\/posts\/9280\/revisions"}],"predecessor-version":[{"id":9283,"href":"https:\/\/www.sportchaco.com.ar\/index.php?rest_route=\/wp\/v2\/posts\/9280\/revisions\/9283"}],"wp:featuredmedia":[{"embeddable":true,"href":"https:\/\/www.sportchaco.com.ar\/index.php?rest_route=\/wp\/v2\/media\/9281"}],"wp:attachment":[{"href":"https:\/\/www.sportchaco.com.ar\/index.php?rest_route=%2Fwp%2Fv2%2Fmedia&parent=9280"}],"wp:term":[{"taxonomy":"category","embeddable":true,"href":"https:\/\/www.sportchaco.com.ar\/index.php?rest_route=%2Fwp%2Fv2%2Fcategories&post=9280"},{"taxonomy":"post_tag","embeddable":true,"href":"https:\/\/www.sportchaco.com.ar\/index.php?rest_route=%2Fwp%2Fv2%2Ftags&post=9280"}],"curies":[{"name":"wp","href":"https:\/\/api.w.org\/{rel}","templated":true}]}}