{"id":9300,"date":"2024-05-12T22:38:21","date_gmt":"2024-05-13T01:38:21","guid":{"rendered":"https:\/\/www.sportchaco.com.ar\/?p=9300"},"modified":"2024-05-12T22:38:21","modified_gmt":"2024-05-13T01:38:21","slug":"mbappe-jugo-su-ultimo-partido-en-el-psg-como-local","status":"publish","type":"post","link":"https:\/\/www.sportchaco.com.ar\/?p=9300","title":{"rendered":"Mbapp\u00e9 jug\u00f3 su \u00faltimo partido en el PSG como local"},"content":{"rendered":"<p>12-05-2024<\/p>\n<p><strong>Homenajeado por su afici\u00f3n y autor de un gol en la derrota 3-1, Kylian Mbapp\u00e9 se despidi\u00f3 del Parque de los Pr\u00edncipes durante su \u00faltimo partido en casa con los colores parisinos, este domingo ante el Toulouse en la 33\u00aa fecha de la Serie A.<\/strong><\/p>\n<header class=\"caas-header\">\n<div class=\"caas-title-wrapper\"><\/div>\n<\/header>\n<div class=\"caas-content-byline-wrapper\">\n<div class=\"caas-content-contain-share\"><\/div>\n<\/div>\n<div class=\"caas-body-wrapper\">\n<div class=\"caas-body-inner-wrapper\">\n<div class=\"caas-body-section\">\n<div class=\"caas-content\">\n<div class=\"caas-content-wrapper\">\n<div class=\"caas-body-content\">\n<div class=\"caas-inner-body\">\n<figure class=\"caas-figure caas-cover\">\n<div class=\"caas-figure-with-pb\">\n<div>\n<div class=\"caas-img-container caas-img-lightbox\" data-lightbox-src=\"https:\/\/s.yimg.com\/ny\/api\/res\/1.2\/4ahJy2TdMSZIte8dplByVw--\/YXBwaWQ9aGlnaGxhbmRlcjt3PTE1MzY7aD0xMDIyO2NmPXdlYnA-\/https:\/\/media.zenfs.com\/es\/es.afp.com\/207d8441bf6431d786074e564a4b32b1\"><span class=\"caas-img-wrapper\"><img decoding=\"async\" class=\"caas-img\" src=\"https:\/\/s.yimg.com\/ny\/api\/res\/1.2\/.JxUgDzspqGrjsRty70xdQ--\/YXBwaWQ9aGlnaGxhbmRlcjt3PTEyNDI7aD04MjY7Y2Y9d2VicA--\/https:\/\/media.zenfs.com\/es\/es.afp.com\/207d8441bf6431d786074e564a4b32b1\" alt=\"El delantero del PSG Kylian Mbapp\u00e9 marca ante el arquero del Toulouse Guillaume Restes, el 12 de mayo de 2024 en el Parque de los Pr\u00edncipes (FRANCK FIFE)\" data-src=\"https:\/\/s.yimg.com\/ny\/api\/res\/1.2\/.JxUgDzspqGrjsRty70xdQ--\/YXBwaWQ9aGlnaGxhbmRlcjt3PTEyNDI7aD04MjY7Y2Y9d2VicA--\/https:\/\/media.zenfs.com\/es\/es.afp.com\/207d8441bf6431d786074e564a4b32b1\" \/><button class=\"link caas-lightbox\" aria-label=\"Ver imagen ampliada\" data-ylk=\"sec:image-lightbox;slk:lightbox-open;elm:expand;itc:1\" data-rapid_p=\"8\" data-v9y=\"0\"><\/button><\/span><\/div>\n<\/div>\n<\/div>\n<div class=\"caption-wrapper caption-aligned-with-image\">\n<div class=\"caption-wrapper caption-aligned-with-image\"><\/div>\n<\/div><figcaption class=\"caption-collapse\" data-id=\"m-0\">El delantero del PSG Kylian Mbapp\u00e9 marca ante el arquero del Toulouse Guillaume Restes, el 12 de mayo de 2024 en el Parque de los Pr\u00edncipes (FRANCK FIFE)<\/figcaption><\/figure>\n<div class=\"caas-body\">\n<p>&nbsp;<\/p>\n<p>La superestrella, sin duda, hubiera preferido que su \u00faltimo recuerdo en el que ha sido su templo fuese una victoria, aunque esta segunda derrota del PSG en liga esta temporada no deja de ser anecd\u00f3tica, toda vez que el t\u00edtulo ya est\u00e1 en las vitrinas del club.<\/p>\n<p>Pero el capit\u00e1n ante la ausencia del brasile\u00f1o Marquinhos marc\u00f3 su gol 256 en siete temporadas en la capital, en el minuto 8, y lo hizo al m\u00e1s puro estilo Mbapp\u00e9, aprovechando su velocidad tras pase del arquero espa\u00f1ol Arnau Tenas.<\/p>\n<p>Un gol al que respondi\u00f3 el Toulouse, que marc\u00f3 en tres ocasiones, por medio de Thijs Dallinga (13), Yann Gboho (68) y Frank Magri (90+4).<\/p>\n<p>Mbapp\u00e9 pudo haber firmado el doblete, pero su disparo a centro de Carlos Soler roz\u00f3 el palo (57).<\/p>\n<p>&#8211; Homenaje y algunos pitidos &#8211;<\/p>\n<p>Cuando salt\u00f3 al calentamiento previo, el campe\u00f3n del mundo en 2018 fue homenajeado por la tribuna de los &#8216;Ultras d&#8217;Auteuil&#8217;, con un tifo con su efigie, una pancarta con el lema &#8216;Ni\u00f1o de la periferia parisina, te has convertido en una leyenda del PSG&#8217;, c\u00e1nticos y bengalas.<\/p>\n<p>El delantero se acerc\u00f3 al borde de las gradas para dar las gracias a los aficionados.<\/p>\n<p>Pero, como prueba de la divisi\u00f3n de opiniones entre la hinchada local, unos minutos antes el nombre de Kylian Mbapp\u00e9 hab\u00eda sido pitado por otro sector de los ultras al anunciarse el once inicial.<\/p>\n<p>El m\u00e1ximo goleador de la historia del PSG (256) confirm\u00f3 el viernes en un video de cerca de cuatro minutos que se ir\u00e1 en el verano europeo. Aunque no desvel\u00f3 su destino, todo indica que ser\u00e1 el Real Madrid.<\/p>\n<p>Al t\u00e9rmino del partido, con gesto triste, fue a dar un abrazo al arquero costarricense Keylor Navas, el otro jugador del PSG que disputaba su \u00faltimo partido en el Parque de los Pr\u00edncipes.<\/p>\n<p>&#8211; Agridulce &#8211;<\/p>\n<p>Como \u00faltimo consuelo, durante la ceremonia de entrega del trofeo, su nombre fue coreado con fuerza por el p\u00fablico, a invitaci\u00f3n del &#8216;speaker&#8217;. Mbapp\u00e9 apareci\u00f3 sonriente en el podio instalado en el centro del terreno de juego, entre otros compa\u00f1eros como Achraf Hakimi y Ousmane Demb\u00e9l\u00e9, antes de realizar todos el equipo una vuelta de honor.<\/p>\n<p>\u00abNormalmente los partidos que tienen celebraci\u00f3n previa suelen acabar mal, esa es la experiencia que yo tengo, hoy hemos hecho el peor partido de la temporada\u00bb, declar\u00f3 el t\u00e9cnico del PSG Luis Enrique en la conferencia de prensa posterior al partido.<\/p>\n<p>\u00abHe visto el tifo que le ha hecho el fondo de los ultras, me ha parecido muy bonito, muy sentido, me alegro que haya sido as\u00ed, los aficionados han estado como siempre, soberbios\u00bb, afirm\u00f3 el entrenador espa\u00f1ol.<\/p>\n<p>Pero el clima es tambi\u00e9n glacial entre la direcci\u00f3n del club y el astro franc\u00e9s, un clima instalado despu\u00e9s de que Mbapp\u00e9 anunciase el pasado verano que no activar\u00eda la cl\u00e1usula de renovaci\u00f3n de su contrato. El club no organiz\u00f3 ning\u00fan homenaje oficial.<\/p>\n<p>El club prepara desde hace meses el despu\u00e9s de la era Mbapp\u00e9, ya que el jugador notific\u00f3 su decisi\u00f3n definitiva en febrero. Y esta era conocida por todos a trav\u00e9s de la prensa.<\/p>\n<p>&#8211; El PSG \u00abseguir\u00e1 siendo grande\u00bb &#8211;<\/p>\n<p>\u00abYo s\u00f3lo puedo hablar maravillas de Kylian Mbapp\u00e9 (&#8230;) Entiendo y puedo comprender su decisi\u00f3n, son siete a\u00f1os aqu\u00ed, es una leyenda del club, le deseo lo mejor en el futuro, todav\u00eda no ha dicho d\u00f3nde va, aunque creemos que est\u00e1 claro, le deseo lo mejor\u00bb, hab\u00eda declarado Luis Enrique la v\u00edspera, asegurando que el PSG \u00abseguir\u00e1 siendo grande, queremos ser todav\u00eda m\u00e1s grande\u00bb.<\/p>\n<p>Esta \u00faltima temporada, m\u00e1s all\u00e1 del suspense sobre su marcha, qued\u00f3 marcada por las discretas actuaciones de Mbapp\u00e9 en Liga de Campeones, especialmente en la vuelta de semifinales el martes en casa ante el Borussia Dortmund.<\/p>\n<p>Mientras, el Real Madrid celebraba este domingo su t\u00edtulo de liga con un gui\u00f1o del alcalde de la capital espa\u00f1ola Jos\u00e9 Luis Mart\u00ednez-Almeida: \u00abQuiero agradecer a Florentino (P\u00e9rez) el estadio del Bernab\u00e9u por la imagen que le va a dar la ciudad. Los ni\u00f1os al pasar s\u00f3lo le dec\u00edan &#8216;Mbapp\u00e9, Mbapp\u00e9, Mbapp\u00e9&#8217;. Y los ni\u00f1os siempre dicen la verdad\u00bb.<\/p>\n<p><img loading=\"lazy\" decoding=\"async\" class=\"alignnone size-medium wp-image-9274\" src=\"https:\/\/www.sportchaco.com.ar\/wp-content\/uploads\/2024\/05\/gob-fumicaciona-cuadradito-marzo-2-240x300.jpg\" alt=\"\" width=\"240\" height=\"300\" srcset=\"https:\/\/www.sportchaco.com.ar\/wp-content\/uploads\/2024\/05\/gob-fumicaciona-cuadradito-marzo-2-240x300.jpg 240w, https:\/\/www.sportchaco.com.ar\/wp-content\/uploads\/2024\/05\/gob-fumicaciona-cuadradito-marzo-2-819x1024.jpg 819w, https:\/\/www.sportchaco.com.ar\/wp-content\/uploads\/2024\/05\/gob-fumicaciona-cuadradito-marzo-2-768x960.jpg 768w, https:\/\/www.sportchaco.com.ar\/wp-content\/uploads\/2024\/05\/gob-fumicaciona-cuadradito-marzo-2.jpg 1080w\" sizes=\"auto, (max-width: 240px) 100vw, 240px\" \/><\/p>\n<\/div>\n<\/div>\n<\/div>\n<\/div>\n<\/div>\n<\/div>\n<\/div>\n<\/div>\n","protected":false},"excerpt":{"rendered":"<p>12-05-2024 Homenajeado por su afici\u00f3n y autor de un gol en la derrota 3-1, Kylian Mbapp\u00e9 se despidi\u00f3 del Parque de los Pr\u00edncipes durante su \u00faltimo partido en casa con los colores parisinos, este domingo ante el Toulouse en la 33\u00aa fecha de la Serie A. El delantero del PSG Kylian Mbapp\u00e9 marca ante el &hellip;<\/p>\n","protected":false},"author":2,"featured_media":9301,"comment_status":"open","ping_status":"open","sticky":false,"template":"","format":"standard","meta":{"footnotes":""},"categories":[6],"tags":[],"class_list":["post-9300","post","type-post","status-publish","format-standard","has-post-thumbnail","hentry","category-internacionales"],"_links":{"self":[{"href":"https:\/\/www.sportchaco.com.ar\/index.php?rest_route=\/wp\/v2\/posts\/9300","targetHints":{"allow":["GET"]}}],"collection":[{"href":"https:\/\/www.sportchaco.com.ar\/index.php?rest_route=\/wp\/v2\/posts"}],"about":[{"href":"https:\/\/www.sportchaco.com.ar\/index.php?rest_route=\/wp\/v2\/types\/post"}],"author":[{"embeddable":true,"href":"https:\/\/www.sportchaco.com.ar\/index.php?rest_route=\/wp\/v2\/users\/2"}],"replies":[{"embeddable":true,"href":"https:\/\/www.sportchaco.com.ar\/index.php?rest_route=%2Fwp%2Fv2%2Fcomments&post=9300"}],"version-history":[{"count":1,"href":"https:\/\/www.sportchaco.com.ar\/index.php?rest_route=\/wp\/v2\/posts\/9300\/revisions"}],"predecessor-version":[{"id":9302,"href":"https:\/\/www.sportchaco.com.ar\/index.php?rest_route=\/wp\/v2\/posts\/9300\/revisions\/9302"}],"wp:featuredmedia":[{"embeddable":true,"href":"https:\/\/www.sportchaco.com.ar\/index.php?rest_route=\/wp\/v2\/media\/9301"}],"wp:attachment":[{"href":"https:\/\/www.sportchaco.com.ar\/index.php?rest_route=%2Fwp%2Fv2%2Fmedia&parent=9300"}],"wp:term":[{"taxonomy":"category","embeddable":true,"href":"https:\/\/www.sportchaco.com.ar\/index.php?rest_route=%2Fwp%2Fv2%2Fcategories&post=9300"},{"taxonomy":"post_tag","embeddable":true,"href":"https:\/\/www.sportchaco.com.ar\/index.php?rest_route=%2Fwp%2Fv2%2Ftags&post=9300"}],"curies":[{"name":"wp","href":"https:\/\/api.w.org\/{rel}","templated":true}]}}