{"id":9304,"date":"2024-05-12T22:43:16","date_gmt":"2024-05-13T01:43:16","guid":{"rendered":"https:\/\/www.sportchaco.com.ar\/?p=9304"},"modified":"2024-05-12T22:43:16","modified_gmt":"2024-05-13T01:43:16","slug":"el-adios-al-flaco-traverso-homenaje-del-mundo-tuerca","status":"publish","type":"post","link":"https:\/\/www.sportchaco.com.ar\/?p=9304","title":{"rendered":"El adi\u00f3s al flaco Traverso. Homenaje del mundo tuerca"},"content":{"rendered":"<header class=\"caas-header\">\n<div class=\"caas-title-wrapper\">\n<h1 id=\"caas-lead-header-2833a160-24c2-3300-91e1-2197e7d184f6\" data-test-locator=\"headline\"><\/h1>\n<\/div>\n<\/header>\n<div class=\"caas-content-byline-wrapper\">\n<div class=\"caas-attr\">\n<div class=\"caas-attr-meta\">\n<div class=\"caas-attr-time-style\"><strong>El casco sobre el f\u00e9retro en el \u00faltimo adi\u00f3 de Juan Mar\u00eda Traverso; el \u00eddolo muri\u00f3 el s\u00e1bado en Ramallo, aunque el legado es eterno\u00a0<\/strong><\/div>\n<\/div>\n<\/div>\n<div class=\"caas-content-contain-share\"><\/div>\n<\/div>\n<div class=\"caas-body-wrapper\">\n<div class=\"caas-body-inner-wrapper\">\n<div class=\"caas-body-section\">\n<div class=\"caas-content\">\n<div class=\"caas-content-wrapper\">\n<div class=\"caas-body-content\">\n<div class=\"caas-inner-body\">\n<figure class=\"caas-figure caas-cover\">\n<div class=\"caas-figure-with-pb\">\n<div class=\"caas-img-container caas-img-lightbox\" data-lightbox-src=\"https:\/\/s.yimg.com\/ny\/api\/res\/1.2\/bt7KNgtWkPJdKOGDXS0jzQ--\/YXBwaWQ9aGlnaGxhbmRlcjt3PTE1MzY7aD0xMDIyO2NmPXdlYnA-\/https:\/\/media.zenfs.com\/es\/lanacion.com.ar\/2a410a2055bffbee24a00637feedcf2b\"><strong><span class=\"caas-img-wrapper\"><br \/>\n<button class=\"link caas-lightbox\" aria-label=\"Ver imagen ampliada\" data-ylk=\"sec:image-lightbox;slk:lightbox-open;elm:expand;itc:1\" data-rapid_p=\"8\" data-v9y=\"1\"><\/button><\/span><\/strong><\/div>\n<\/div>\n<div class=\"caption-wrapper caption-aligned-with-image\">\n<div class=\"caption-wrapper caption-aligned-with-image\"><\/div>\n<\/div><figcaption class=\"caption-collapse\" data-id=\"m-0\"><\/figcaption><\/figure>\n<div class=\"caas-body\">\n<p>Carreras de autos con sonidos de motores roncos. Podios de festejos con protagonistas apagados y sin descorche de champagne. Boxes sin chispas y con mec\u00e1nicos abstra\u00eddos por una situaci\u00f3n inc\u00f3moda, de angustia. Pesadumbre, incredulidad, ojos h\u00famedos de l\u00e1grimas en el p\u00fablico que record\u00f3 hechos, an\u00e9cdotas, episodios inigualables que el personaje protagoniz\u00f3 en las pistas y fuera de la cinta asf\u00e1ltica. La desaparici\u00f3n f\u00edsica de\u00a0Juan Mar\u00eda Traverso\u00a0provoc\u00f3 toda clase de estadios:\u00a0la muerte del Flaco, en la tarde del s\u00e1bado, golpe\u00f3 al automovilismo nacional.\u00a0El \u00faltimo gran \u00eddolo, la vida del piloto que trascendi\u00f3 generaciones y marcas se extingui\u00f3 para darle espacio a la leyenda, el mito.<\/p>\n<p>En los aut\u00f3dromos, el\u00a0Turismo Carretera, la categor\u00eda en la que debut\u00f3 en 1971, en Pergamino,\u00a0rindi\u00f3 un homenaje en el circuito internacional de Termas de R\u00edo Hondo, donde desanduvo la quinta fecha del calendario a la par del Turismo Nacional. A 1136 kil\u00f3metros,\u00a0el Top Race reconoci\u00f3 en el emblem\u00e1tico Oscar y Juan G\u00e1lvez, de Buenos Aires, el escenario m\u00e1s simb\u00f3lico para un piloto argentino, a la estrella que con dotes conductivos y carisma obtuvo el respeto de los rivales y la gratitud de la gente. En Ramallo, su ciudad en el mundo, los lugare\u00f1os, amantes de las carreras, expilotos, dirigentes del automovilismo\u2026 acompa\u00f1aron a la familia en el \u00faltimo adi\u00f3s al \u00faltimo de los pilotos que sin capa fue un superh\u00e9roe de las carreras.<\/p>\n<figure class=\"caas-figure\">\n<div class=\"caas-figure-with-pb\">\n<div>\n<div class=\"caas-img-container caas-img-lightbox\" data-lightbox-src=\"https:\/\/s.yimg.com\/ny\/api\/res\/1.2\/BySaX2agQBnEV0_Vcsp9wA--\/YXBwaWQ9aGlnaGxhbmRlcjt3PTE1MzY7aD05NDI7Y2Y9d2VicA--\/https:\/\/media.zenfs.com\/es\/lanacion.com.ar\/bcd9135af5411a345557f96e3756a42a\"><span class=\"caas-img-wrapper\"><img decoding=\"async\" class=\"caas-img caas-lazy has-preview caas-loaded\" src=\"https:\/\/s.yimg.com\/ny\/api\/res\/1.2\/KDqmVN0ue_07b3qpYNJ21A--\/YXBwaWQ9aGlnaGxhbmRlcjt3PTk2MDtoPTU4OTtjZj13ZWJw\/https:\/\/media.zenfs.com\/es\/lanacion.com.ar\/bcd9135af5411a345557f96e3756a42a\" alt=\"El homenaje de los pilotos y autoridades del Turismo Carretera a Juan Mar\u00eda Traverso en el circuito de Termas de R\u00edo Hondo; el Flaco gan\u00f3 seis t\u00edtulos en la categor\u00eda: tres con Ford y tres con Chevrolet\" data-caas-lazy-loading-init=\"1\" \/><button class=\"link caas-lightbox\" aria-label=\"Ver imagen ampliada\" data-ylk=\"sec:image-lightbox;slk:lightbox-open;elm:expand;itc:1\" data-rapid_p=\"9\" data-v9y=\"1\"><\/button><\/span><\/div>\n<\/div>\n<\/div>\n<div class=\"caption-wrapper caption-aligned-with-image\">\n<div class=\"caption-wrapper caption-aligned-with-image\"><\/div>\n<\/div><figcaption class=\"caption-collapse\" data-id=\"m-1\">El homenaje de los pilotos y autoridades del Turismo Carretera a Juan Mar\u00eda Traverso en el circuito de Termas de R\u00edo Hondo; el Flaco gan\u00f3 seis t\u00edtulos en la categor\u00eda: tres con Ford y tres con Chevrolet. &#8211; Cr\u00e9ditos: @Marcelo Manera<br \/>\n<img loading=\"lazy\" decoding=\"async\" class=\"alignnone size-medium wp-image-9196\" src=\"https:\/\/www.sportchaco.com.ar\/wp-content\/uploads\/2024\/05\/gob-sube-marzo-24-1-300x300.jpeg\" alt=\"\" width=\"300\" height=\"300\" srcset=\"https:\/\/www.sportchaco.com.ar\/wp-content\/uploads\/2024\/05\/gob-sube-marzo-24-1-300x300.jpeg 300w, https:\/\/www.sportchaco.com.ar\/wp-content\/uploads\/2024\/05\/gob-sube-marzo-24-1-1024x1024.jpeg 1024w, https:\/\/www.sportchaco.com.ar\/wp-content\/uploads\/2024\/05\/gob-sube-marzo-24-1-150x150.jpeg 150w, https:\/\/www.sportchaco.com.ar\/wp-content\/uploads\/2024\/05\/gob-sube-marzo-24-1-768x768.jpeg 768w, https:\/\/www.sportchaco.com.ar\/wp-content\/uploads\/2024\/05\/gob-sube-marzo-24-1.jpeg 1080w\" sizes=\"auto, (max-width: 300px) 100vw, 300px\" \/><\/figcaption><\/figure>\n<\/div>\n<\/div>\n<\/div>\n<\/div>\n<\/div>\n<\/div>\n<\/div>\n<\/div>\n","protected":false},"excerpt":{"rendered":"<p>El casco sobre el f\u00e9retro en el \u00faltimo adi\u00f3 de Juan Mar\u00eda Traverso; el \u00eddolo muri\u00f3 el s\u00e1bado en Ramallo, aunque el legado es eterno\u00a0 Carreras de autos con sonidos de motores roncos. Podios de festejos con protagonistas apagados y sin descorche de champagne. Boxes sin chispas y con mec\u00e1nicos abstra\u00eddos por una situaci\u00f3n inc\u00f3moda, &hellip;<\/p>\n","protected":false},"author":2,"featured_media":9305,"comment_status":"open","ping_status":"open","sticky":false,"template":"","format":"standard","meta":{"footnotes":""},"categories":[2],"tags":[],"class_list":["post-9304","post","type-post","status-publish","format-standard","has-post-thumbnail","hentry","category-automovilismo"],"_links":{"self":[{"href":"https:\/\/www.sportchaco.com.ar\/index.php?rest_route=\/wp\/v2\/posts\/9304","targetHints":{"allow":["GET"]}}],"collection":[{"href":"https:\/\/www.sportchaco.com.ar\/index.php?rest_route=\/wp\/v2\/posts"}],"about":[{"href":"https:\/\/www.sportchaco.com.ar\/index.php?rest_route=\/wp\/v2\/types\/post"}],"author":[{"embeddable":true,"href":"https:\/\/www.sportchaco.com.ar\/index.php?rest_route=\/wp\/v2\/users\/2"}],"replies":[{"embeddable":true,"href":"https:\/\/www.sportchaco.com.ar\/index.php?rest_route=%2Fwp%2Fv2%2Fcomments&post=9304"}],"version-history":[{"count":1,"href":"https:\/\/www.sportchaco.com.ar\/index.php?rest_route=\/wp\/v2\/posts\/9304\/revisions"}],"predecessor-version":[{"id":9306,"href":"https:\/\/www.sportchaco.com.ar\/index.php?rest_route=\/wp\/v2\/posts\/9304\/revisions\/9306"}],"wp:featuredmedia":[{"embeddable":true,"href":"https:\/\/www.sportchaco.com.ar\/index.php?rest_route=\/wp\/v2\/media\/9305"}],"wp:attachment":[{"href":"https:\/\/www.sportchaco.com.ar\/index.php?rest_route=%2Fwp%2Fv2%2Fmedia&parent=9304"}],"wp:term":[{"taxonomy":"category","embeddable":true,"href":"https:\/\/www.sportchaco.com.ar\/index.php?rest_route=%2Fwp%2Fv2%2Fcategories&post=9304"},{"taxonomy":"post_tag","embeddable":true,"href":"https:\/\/www.sportchaco.com.ar\/index.php?rest_route=%2Fwp%2Fv2%2Ftags&post=9304"}],"curies":[{"name":"wp","href":"https:\/\/api.w.org\/{rel}","templated":true}]}}