{"id":9335,"date":"2024-05-13T19:36:04","date_gmt":"2024-05-13T22:36:04","guid":{"rendered":"https:\/\/www.sportchaco.com.ar\/?p=9335"},"modified":"2024-05-13T19:36:04","modified_gmt":"2024-05-13T22:36:04","slug":"dia-del-entrenador-de-futbol-por-que-se-celebra-el-13-de-mayo","status":"publish","type":"post","link":"https:\/\/www.sportchaco.com.ar\/?p=9335","title":{"rendered":"D\u00eda del Entrenador de F\u00fatbol: por qu\u00e9 se celebra el 13 de mayo"},"content":{"rendered":"<header class=\"news-headline\">\n<h1 class=\"news-headline__title\"><\/h1>\n<div class=\"news-headline__author-and-share-wrapper\">\n<div class=\"news-headline__author-wrapper\"><\/div>\n<\/div>\n<p>Este lunes 13 se da una jornada muy importante a nivel mundial en el \u00e1mbito futbol\u00edstico. Enterate por qu\u00e9 a continuaci\u00f3n.<\/p>\n<\/header>\n<ul class=\"suggested-news\">\n<li class=\"suggested-news__list-item\">\n<h2 class=\"suggested-news__title\"><a title=\"\u00e1mbito.com | Fue una estrella del f\u00fatbol ingl\u00e9s y ahora lucha contra el alcoholismo: Soy un borracho triste\" href=\"https:\/\/www.ambito.com\/deportes\/fue-una-estrella-del-futbol-ingles-y-ahora-lucha-contra-el-alcoholismo-soy-un-borracho-triste-n5996447\" target=\"\" rel=\"deferer follow noopener\">Fue una estrella del f\u00fatbol ingl\u00e9s y ahora lucha contra el alcoholismo: \u00abSoy un borracho triste\u00bb<\/a><\/h2>\n<\/li>\n<li class=\"suggested-news__list-item\">\n<h2 class=\"suggested-news__title\"><a title=\"\u00e1mbito.com | Un club vot\u00f3 por la privatizaci\u00f3n, el Gobierno lo celebr\u00f3 y la AFA sali\u00f3 al cruce\" href=\"https:\/\/www.ambito.com\/deportes\/un-club-voto-la-privatizacion-el-gobierno-lo-celebro-y-la-afa-salio-al-cruce-n5996970\" target=\"\" rel=\"deferer follow noopener\">Un club vot\u00f3 por la privatizaci\u00f3n, el Gobierno lo celebr\u00f3 y la AFA sali\u00f3 al cruce<\/a><\/h2>\n<\/li>\n<\/ul>\n<div class=\"detail-highlighted-multimedia content-protected-false\">\n<figure class=\"detail-highlighted-multimedia__figure\"><img loading=\"lazy\" decoding=\"async\" class=\"detail-highlighted-multimedia__figure-img img-fluid\" src=\"https:\/\/media.ambito.com\/p\/66fd4d2233694555bccd3e2e1346a602\/adjuntos\/239\/imagenes\/041\/507\/0041507343\/655x368\/smart\/ik67ydvklfeq5ni24ex3vljagujpg.jpg\" alt=\"Este lunes se celebra el D\u00eda del DT de f\u00fatbol en todo el mundo.\" width=\"1920\" height=\"1080\" \/><figcaption class=\"detail-highlighted-multimedia__figcaption\">\n<div class=\"detail-highlighted-multimedia__caption\">\n<p>Este lunes se celebra el D\u00eda del DT de f\u00fatbol en todo el mundo.<\/p>\n<\/div>\n<\/figcaption><\/figure>\n<\/div>\n<article class=\"article-body article-body--first-paragraph content-protected-false\" data-td-script-src=\"https:\/\/www.ambito.com\/td\/modulos\/encuestas\/js\/function-embeds-min-version-1714968458.js\"><strong>El 13 de mayo es el D\u00eda Internacional del Director T\u00e9cnico de f\u00fatbol:<\/strong>\u00a0en nuestro pa\u00eds existen innumerables personalidades destacadas en el \u00e1mbito deportivo para hornar en esta jornada, en donde se destacan los campeones del mundo C\u00e9sar Luis Menotti, Carlos Salvador Bilardo y Lionel Scaloni.<\/p>\n<\/article>\n<article class=\"article-body article-body--second-paragraph content-protected-false\">Los dos primeros crearon escuelas futbol\u00edsticas que inspiraron a todos los que los sucedieron en nuestro pa\u00eds, y luego fueron exportadas internacionalmente. El tercero, en tanto, lleg\u00f3 a la Albiceleste como interino y condujo al equipo a la tercera estrella en el \u00faltimo Mundial.<\/p>\n<p><img loading=\"lazy\" decoding=\"async\" class=\"alignnone size-medium wp-image-9274\" src=\"https:\/\/www.sportchaco.com.ar\/wp-content\/uploads\/2024\/05\/gob-fumicaciona-cuadradito-marzo-2-240x300.jpg\" alt=\"\" width=\"240\" height=\"300\" srcset=\"https:\/\/www.sportchaco.com.ar\/wp-content\/uploads\/2024\/05\/gob-fumicaciona-cuadradito-marzo-2-240x300.jpg 240w, https:\/\/www.sportchaco.com.ar\/wp-content\/uploads\/2024\/05\/gob-fumicaciona-cuadradito-marzo-2-819x1024.jpg 819w, https:\/\/www.sportchaco.com.ar\/wp-content\/uploads\/2024\/05\/gob-fumicaciona-cuadradito-marzo-2-768x960.jpg 768w, https:\/\/www.sportchaco.com.ar\/wp-content\/uploads\/2024\/05\/gob-fumicaciona-cuadradito-marzo-2.jpg 1080w\" sizes=\"auto, (max-width: 240px) 100vw, 240px\" \/><\/p>\n<\/article>\n","protected":false},"excerpt":{"rendered":"<p>Este lunes 13 se da una jornada muy importante a nivel mundial en el \u00e1mbito futbol\u00edstico. Enterate por qu\u00e9 a continuaci\u00f3n. Fue una estrella del f\u00fatbol ingl\u00e9s y ahora lucha contra el alcoholismo: \u00abSoy un borracho triste\u00bb Un club vot\u00f3 por la privatizaci\u00f3n, el Gobierno lo celebr\u00f3 y la AFA sali\u00f3 al cruce Este lunes &hellip;<\/p>\n","protected":false},"author":2,"featured_media":9336,"comment_status":"open","ping_status":"open","sticky":false,"template":"","format":"standard","meta":{"footnotes":""},"categories":[1],"tags":[],"class_list":["post-9335","post","type-post","status-publish","format-standard","has-post-thumbnail","hentry","category-fotos-del-recuerdo"],"_links":{"self":[{"href":"https:\/\/www.sportchaco.com.ar\/index.php?rest_route=\/wp\/v2\/posts\/9335","targetHints":{"allow":["GET"]}}],"collection":[{"href":"https:\/\/www.sportchaco.com.ar\/index.php?rest_route=\/wp\/v2\/posts"}],"about":[{"href":"https:\/\/www.sportchaco.com.ar\/index.php?rest_route=\/wp\/v2\/types\/post"}],"author":[{"embeddable":true,"href":"https:\/\/www.sportchaco.com.ar\/index.php?rest_route=\/wp\/v2\/users\/2"}],"replies":[{"embeddable":true,"href":"https:\/\/www.sportchaco.com.ar\/index.php?rest_route=%2Fwp%2Fv2%2Fcomments&post=9335"}],"version-history":[{"count":1,"href":"https:\/\/www.sportchaco.com.ar\/index.php?rest_route=\/wp\/v2\/posts\/9335\/revisions"}],"predecessor-version":[{"id":9337,"href":"https:\/\/www.sportchaco.com.ar\/index.php?rest_route=\/wp\/v2\/posts\/9335\/revisions\/9337"}],"wp:featuredmedia":[{"embeddable":true,"href":"https:\/\/www.sportchaco.com.ar\/index.php?rest_route=\/wp\/v2\/media\/9336"}],"wp:attachment":[{"href":"https:\/\/www.sportchaco.com.ar\/index.php?rest_route=%2Fwp%2Fv2%2Fmedia&parent=9335"}],"wp:term":[{"taxonomy":"category","embeddable":true,"href":"https:\/\/www.sportchaco.com.ar\/index.php?rest_route=%2Fwp%2Fv2%2Fcategories&post=9335"},{"taxonomy":"post_tag","embeddable":true,"href":"https:\/\/www.sportchaco.com.ar\/index.php?rest_route=%2Fwp%2Fv2%2Ftags&post=9335"}],"curies":[{"name":"wp","href":"https:\/\/api.w.org\/{rel}","templated":true}]}}