{"id":9338,"date":"2024-05-13T19:46:19","date_gmt":"2024-05-13T22:46:19","guid":{"rendered":"https:\/\/www.sportchaco.com.ar\/?p=9338"},"modified":"2024-05-13T21:53:54","modified_gmt":"2024-05-14T00:53:54","slug":"mariana-dure-la-chaquena-que-marca-presencia-en-el-arbitraje-del-futbol-argentino","status":"publish","type":"post","link":"https:\/\/www.sportchaco.com.ar\/?p=9338","title":{"rendered":"Mariana Dur\u00e9, la chaque\u00f1a que marca presencia en el arbitraje del f\u00fatbol argentino"},"content":{"rendered":"<div class=\"html-div xe8uvvx xdj266r x11i5rnm xat24cr x1mh8g0r xexx8yu x4uap5 x18d9i69 xkhd6sd\">\n<div class=\"html-div xe8uvvx xdj266r x11i5rnm xat24cr x1mh8g0r xexx8yu x4uap5 x18d9i69 xkhd6sd\" dir=\"auto\">\n<div id=\":r9ob:\" class=\"x1iorvi4 x1pi30zi x1l90r2v x1swvt13\" data-ad-comet-preview=\"message\" data-ad-preview=\"message\">\n<div class=\"x78zum5 xdt5ytf xz62fqu x16ldp7u\">\n<div class=\"xu06os2 x1ok221b\">\n<div class=\"xdj266r x11i5rnm xat24cr x1mh8g0r x1vvkbs x126k92a\">\n<div dir=\"auto\"><strong>13-05-2024<\/strong><\/div>\n<\/div>\n<\/div>\n<\/div>\n<\/div>\n<\/div>\n<\/div>\n<div dir=\"auto\"><\/div>\n<div dir=\"auto\">\n<p>Oriunda de Resistencia, hace dos a\u00f1os tuvo su debut en la Primera Divisi\u00f3n. Sin embargo, ya cuenta con un amplio recorrido por las distintas categor\u00edas de la AFA. \u00abMi sue\u00f1o es dirigir un Mundial Femenino y un Supercl\u00e1sico\u00bb, cont\u00f3.<\/p>\n<p>Dentro de la cancha nunca me faltaron el respeto\u00bb, dijo a Diario TAG la \u00e1rbitro chaque\u00f1a Mariana Dur\u00e9, quien tiene m\u00e1s de una d\u00e9cada recorriendo los estadios de f\u00fatbol de Chaco y casi todas las provincias del pa\u00eds.<\/p>\n<p>En 2022, tuvo su debut en la Primera Divisi\u00f3n del F\u00fatbol Argentino durante un Platense-Col\u00f3n por la Liga Profesional, en el que se convirti\u00f3 en la primera \u00e1rbitro chaque\u00f1a en llegar a la m\u00e1xima categor\u00eda. \u00abEstaba contenta, ansiosa y sorprendida\u00bb, record\u00f3 sobre aquella convocatoria.<\/p>\n<p>Sin embargo, la llegada a la Primera Divisi\u00f3n no fue m\u00e1s que un premio para la chaque\u00f1a, que ya cuenta con un amplio recorrido en la Liga Chaque\u00f1a y en las distintas divisiones del f\u00fatbol argentino. Durante los \u00faltimos a\u00f1os, mantiene una constante presencia en los partidos de la Primera Nacional y el torneo Regional Amateur.<\/p>\n<p>\u00abEn el 2020 empec\u00e9 a dirigir en la Primera Nacional, donde me va bien. Desde entonces, voy rotando entre esa divisi\u00f3n y el Federal\u00bb, expres\u00f3 y revel\u00f3 que, cuando queda libre, dirige en la Liga local.<\/p>\n<p>Sobre sus inicios en la profesi\u00f3n, cont\u00f3 que todo empez\u00f3 cuando la Liga Chaque\u00f1a sac\u00f3 la divisi\u00f3n juvenil femenina. \u00abA m\u00ed me gusta mucho el deporte y lo practicaba desde que era m\u00e1s chica, pero un d\u00eda la Liga sac\u00f3 nuestro f\u00fatbol y no pudimos seguir. Fue en el 2010 y, en ese momento, Julia Forchini, quien fue la primera \u00e1rbitro de ac\u00e1, me invit\u00f3 a entrenar con los \u00e1rbitros. Desde entonces, me empez\u00f3 a gustar cada vez m\u00e1s la profesi\u00f3n\u00bb, explic\u00f3.<\/p>\n<p>\u00abLa verdad que es una linda experiencia\u00bb, dijo y agreg\u00f3 que sus objetivos son dirigir a nivel internacional y un Supercl\u00e1sico<\/p>\n<p>Sin embargo, mencion\u00f3 que su sue\u00f1o es ir al Mundial Femenino. \u00abOtra cosa que, como a la mayor\u00eda de los \u00e1rbitros, me encantar\u00eda dirigir un partido con Messi en la cancha \u00ab, finaliz\u00f3.<\/p>\n<p><em><strong>Fuente: Por Nicol\u00e1s Ayala Cancelarich \/\/Diario TAG<\/strong><\/em><\/p>\n<\/div>\n<div class=\"html-div xe8uvvx xdj266r x11i5rnm xat24cr x1mh8g0r xexx8yu x4uap5 x18d9i69 xkhd6sd\">\n<div class=\"html-div xe8uvvx xdj266r x11i5rnm xat24cr x1mh8g0r xexx8yu x4uap5 x18d9i69 xkhd6sd\" dir=\"auto\">\n<div id=\":r9ob:\" class=\"x1iorvi4 x1pi30zi x1l90r2v x1swvt13\" data-ad-comet-preview=\"message\" data-ad-preview=\"message\">\n<div class=\"x78zum5 xdt5ytf xz62fqu x16ldp7u\">\n<div class=\"xu06os2 x1ok221b\">\n<div class=\"x11i5rnm xat24cr x1mh8g0r x1vvkbs xtlvy1s x126k92a\">\n<div dir=\"auto\"><\/div>\n<\/div>\n<\/div>\n<\/div>\n<\/div>\n<\/div>\n<div id=\":r9oc:\" class=\"html-div xe8uvvx xdj266r x11i5rnm xat24cr x1mh8g0r xexx8yu x4uap5 x18d9i69 xkhd6sd x1n2onr6\">\n<div class=\"html-div xe8uvvx xdj266r x11i5rnm xat24cr x1mh8g0r xexx8yu x4uap5 x18d9i69 xkhd6sd x1n2onr6\">\n<div class=\"x1n2onr6\">\n<div class=\"x1n2onr6\">\n<div class=\"x6ikm8r x10wlt62 x10l6tqk\">\n<div class=\"x6ikm8r x10wlt62\">\n<div class=\"xqtp20y x6ikm8r x10wlt62 x1n2onr6\">\n<div class=\"x10l6tqk x13vifvy\"><img decoding=\"async\" class=\"xz74otr x1ey2m1c xds687c x5yr21d x10l6tqk x17qophe x13vifvy xh8yej3 aligncenter\" src=\"https:\/\/scontent.fcnq2-1.fna.fbcdn.net\/v\/t39.30808-6\/436266255_884734410333409_254060630417304097_n.jpg?stp=dst-jpg_s600x600&amp;_nc_cat=102&amp;ccb=1-7&amp;_nc_sid=5f2048&amp;_nc_eui2=AeGwuPsRtjuh2N48jeVvURraG-MuJPtaI4sb4y4k-1ojiy-w3um0fsIYbQJ8k__SCHs&amp;_nc_ohc=LrVM774oQzoQ7kNvgFZ2oUY&amp;_nc_ht=scontent.fcnq2-1.fna&amp;oh=00_AYB1Ph-NYs_WMLusxAvZIH435tS8ln3A2jS1_QWnP-HXcA&amp;oe=66486B2B\" alt=\"\" \/><\/div>\n<\/div>\n<div class=\"x1nb4dca x1q0q8m5 xso031l x1exxf4d x13fuv20 x178xt8z x1ey2m1c x9f619 xds687c x47corl x10l6tqk x17qophe x13vifvy\"><\/div>\n<\/div>\n<div class=\"x1ey2m1c xds687c x17qophe xg01cxk x47corl x10l6tqk x13vifvy x1ebt8du x19991ni x1dhq9h x1o1ewxj x3x9cwd x1e5q0jg x13rtm0m\" role=\"none\" data-visualcompletion=\"ignore\"><\/div>\n<\/div>\n<div class=\"x6ikm8r x10wlt62 x10l6tqk\">\n<div class=\"x6ikm8r x10wlt62\">\n<div class=\"xqtp20y x6ikm8r x10wlt62 x1n2onr6\"><\/div>\n<\/div>\n<\/div>\n<\/div>\n<\/div>\n<\/div>\n<\/div>\n<\/div>\n<div>\n<div class=\"x168nmei x13lgxp2 x30kzoy x9jhf4c x6ikm8r x10wlt62\" data-visualcompletion=\"ignore-dynamic\">\n<div>\n<div>\n<div>\n<div class=\"x1n2onr6\">\n<div class=\"x6s0dn4 xi81zsa x78zum5 x6prxxf x13a6bvl xvq8zen xdj266r xktsk01 xat24cr x1d52u69 x889kno x4uap5 x1a8lsjc xkhd6sd xdppsyt\">\n<div class=\"x1c4vz4f x2lah0s xci0xqf\"><\/div>\n<div class=\"x9f619 x1n2onr6 x1ja2u2z x78zum5 x2lah0s x1qughib x1qjc9v5 xozqiw3 x1q0g3np xykv574 xbmpl8g x4cne27 xifccgj\"><\/div>\n<\/div>\n<\/div>\n<\/div>\n<\/div>\n<\/div>\n<\/div>\n<\/div>\n","protected":false},"excerpt":{"rendered":"<p>13-05-2024 Oriunda de Resistencia, hace dos a\u00f1os tuvo su debut en la Primera Divisi\u00f3n. Sin embargo, ya cuenta con un amplio recorrido por las distintas categor\u00edas de la AFA. \u00abMi sue\u00f1o es dirigir un Mundial Femenino y un Supercl\u00e1sico\u00bb, cont\u00f3. Dentro de la cancha nunca me faltaron el respeto\u00bb, dijo a Diario TAG la \u00e1rbitro &hellip;<\/p>\n","protected":false},"author":2,"featured_media":9340,"comment_status":"open","ping_status":"open","sticky":false,"template":"","format":"standard","meta":{"footnotes":""},"categories":[44],"tags":[],"class_list":["post-9338","post","type-post","status-publish","format-standard","has-post-thumbnail","hentry","category-varios"],"_links":{"self":[{"href":"https:\/\/www.sportchaco.com.ar\/index.php?rest_route=\/wp\/v2\/posts\/9338","targetHints":{"allow":["GET"]}}],"collection":[{"href":"https:\/\/www.sportchaco.com.ar\/index.php?rest_route=\/wp\/v2\/posts"}],"about":[{"href":"https:\/\/www.sportchaco.com.ar\/index.php?rest_route=\/wp\/v2\/types\/post"}],"author":[{"embeddable":true,"href":"https:\/\/www.sportchaco.com.ar\/index.php?rest_route=\/wp\/v2\/users\/2"}],"replies":[{"embeddable":true,"href":"https:\/\/www.sportchaco.com.ar\/index.php?rest_route=%2Fwp%2Fv2%2Fcomments&post=9338"}],"version-history":[{"count":3,"href":"https:\/\/www.sportchaco.com.ar\/index.php?rest_route=\/wp\/v2\/posts\/9338\/revisions"}],"predecessor-version":[{"id":9343,"href":"https:\/\/www.sportchaco.com.ar\/index.php?rest_route=\/wp\/v2\/posts\/9338\/revisions\/9343"}],"wp:featuredmedia":[{"embeddable":true,"href":"https:\/\/www.sportchaco.com.ar\/index.php?rest_route=\/wp\/v2\/media\/9340"}],"wp:attachment":[{"href":"https:\/\/www.sportchaco.com.ar\/index.php?rest_route=%2Fwp%2Fv2%2Fmedia&parent=9338"}],"wp:term":[{"taxonomy":"category","embeddable":true,"href":"https:\/\/www.sportchaco.com.ar\/index.php?rest_route=%2Fwp%2Fv2%2Fcategories&post=9338"},{"taxonomy":"post_tag","embeddable":true,"href":"https:\/\/www.sportchaco.com.ar\/index.php?rest_route=%2Fwp%2Fv2%2Ftags&post=9338"}],"curies":[{"name":"wp","href":"https:\/\/api.w.org\/{rel}","templated":true}]}}