{"id":9346,"date":"2024-05-13T23:16:16","date_gmt":"2024-05-14T02:16:16","guid":{"rendered":"https:\/\/www.sportchaco.com.ar\/?p=9346"},"modified":"2024-05-13T23:16:16","modified_gmt":"2024-05-14T02:16:16","slug":"la-primera-b-tambien-se-pone-al-dia","status":"publish","type":"post","link":"https:\/\/www.sportchaco.com.ar\/?p=9346","title":{"rendered":"La Primera B tambi\u00e9n se pone al d\u00eda"},"content":{"rendered":"<p><strong>13-05-2024<\/strong><\/p>\n<p><img loading=\"lazy\" decoding=\"async\" class=\" wp-image-6744 aligncenter\" src=\"https:\/\/www.sportchaco.com.ar\/wp-content\/uploads\/2024\/02\/aVISO-2-300x50.jpeg\" alt=\"\" width=\"378\" height=\"63\" srcset=\"https:\/\/www.sportchaco.com.ar\/wp-content\/uploads\/2024\/02\/aVISO-2-300x50.jpeg 300w, https:\/\/www.sportchaco.com.ar\/wp-content\/uploads\/2024\/02\/aVISO-2-1024x171.jpeg 1024w, https:\/\/www.sportchaco.com.ar\/wp-content\/uploads\/2024\/02\/aVISO-2-768x128.jpeg 768w, https:\/\/www.sportchaco.com.ar\/wp-content\/uploads\/2024\/02\/aVISO-2.jpeg 1200w\" sizes=\"auto, (max-width: 378px) 100vw, 378px\" \/><\/p>\n<p>La Liga Chaque\u00f1a de F\u00fatbol reprogram\u00f3 los partidos de la Primera B luego de un fin de semana donde solo se pudo disputar un solo encuentro por las condiciones clim\u00e1ticas.<\/p>\n<p>El mismo fue el triunfo, el d\u00eda s\u00e1bado, de Independiente Tirol sobre Deportivo Barber\u00e1n que deposit\u00f3 al \u00abmil rayitas\u00bb en lo m\u00e1s alto del torneo.<\/p>\n<p>Adem\u00e1s, Club de Amigos fue desafiliado del ente capitalino por no presentar papeles ni documentos en los \u00faltimos 6 a\u00f1os. En esta jornada deb\u00eda haber debutado ante Bariloche FC tras haber quedado libre en la 1\u00aa fecha.<\/p>\n<p>Para completar la 2\u00aa fecha del torneo habr\u00e1 partidos los d\u00edas martes, mi\u00e9rcoles y jueves.<\/p>\n<p><strong>PENDIENTES 2\u00aa FECHA<\/strong><br \/>\n<strong>Martes 14-05<\/strong><br \/>\nA las 16, Dep. Luj\u00e1n \u2013 Dep. G\u00fciraldes, en Bancarios<\/p>\n<p><strong>Mi\u00e9rcoles 15-05<\/strong><br \/>\nA las 15:45, FC Barber\u00e1n \u2013 Dep. Esperanza, en Indepte. Tirol<br \/>\nA las 15:45, V\u00e9lez SL \u2013 C. E. Comercio, en Bancarios<br \/>\nA las 15:45, Parque Patricios- Confraternidad, en Defensores<br \/>\nA las 15:45, Dep. Sameep \u2013 Chaco Hebr\u00f3n, en Regional<\/p>\n<p><strong>Jueves 16-05<\/strong><br \/>\nA las 15:45, Municipales- DEF, en San Fernando<br \/>\nA las 15:45, Tiro FC \u2013 Centauro FC, en Defensores<\/p>\n<p><strong>YA SE JUG\u00d3<\/strong><br \/>\nDogos 3 \u2013 Banfield 2, en Defensores<br \/>\nUPCP 3 \u2013 Canallas del Sur 1, en Regional<br \/>\nIndepte. Tirol 3 \u2013 Dep. Barber\u00e1n 1<br \/>\n<strong>Libre:<\/strong>\u00a0Los L\u00edricos<\/p>\n<p><b>POSICIONES<br \/>\n<\/b>Indepte. Tirol 6<br \/>\nDogos 4<br \/>\nUPCP 3<br \/>\nCentro Empleados de Comercio 3<br \/>\nTiro FC 3<br \/>\nV\u00e9lez SL 3<br \/>\nDep. G\u00fciraldes 3<br \/>\nParque Patricios 3<br \/>\nCentauro FC 3<br \/>\nFC Barber\u00e1n 3<br \/>\nConfraternidad 1<br \/>\nMunicipales 1<br \/>\nDEF 1<br \/>\nDep. Esperanza 1<br \/>\nDep. Luj\u00e1n 1<br \/>\nChaco Hebr\u00f3n 0<br \/>\nLos L\u00edricos 0<br \/>\nDep. Sameep 0<br \/>\nDep. Barber\u00e1n 0<br \/>\nBanfield 0<br \/>\nCanallas del Sur 0<br \/>\nBariloche FC 0<\/p>\n<p><img loading=\"lazy\" decoding=\"async\" class=\"size-medium wp-image-6716 aligncenter\" src=\"https:\/\/www.sportchaco.com.ar\/wp-content\/uploads\/2024\/03\/aviso-colegios-1-240x300.jpg\" alt=\"\" width=\"240\" height=\"300\" srcset=\"https:\/\/www.sportchaco.com.ar\/wp-content\/uploads\/2024\/03\/aviso-colegios-1-240x300.jpg 240w, https:\/\/www.sportchaco.com.ar\/wp-content\/uploads\/2024\/03\/aviso-colegios-1-819x1024.jpg 819w, https:\/\/www.sportchaco.com.ar\/wp-content\/uploads\/2024\/03\/aviso-colegios-1-768x960.jpg 768w, https:\/\/www.sportchaco.com.ar\/wp-content\/uploads\/2024\/03\/aviso-colegios-1.jpg 1080w\" sizes=\"auto, (max-width: 240px) 100vw, 240px\" \/><\/p>\n","protected":false},"excerpt":{"rendered":"<p>13-05-2024 La Liga Chaque\u00f1a de F\u00fatbol reprogram\u00f3 los partidos de la Primera B luego de un fin de semana donde solo se pudo disputar un solo encuentro por las condiciones clim\u00e1ticas. El mismo fue el triunfo, el d\u00eda s\u00e1bado, de Independiente Tirol sobre Deportivo Barber\u00e1n que deposit\u00f3 al \u00abmil rayitas\u00bb en lo m\u00e1s alto del &hellip;<\/p>\n","protected":false},"author":3,"featured_media":8320,"comment_status":"open","ping_status":"open","sticky":false,"template":"","format":"standard","meta":{"footnotes":""},"categories":[5],"tags":[],"class_list":["post-9346","post","type-post","status-publish","format-standard","has-post-thumbnail","hentry","category-futbol"],"_links":{"self":[{"href":"https:\/\/www.sportchaco.com.ar\/index.php?rest_route=\/wp\/v2\/posts\/9346","targetHints":{"allow":["GET"]}}],"collection":[{"href":"https:\/\/www.sportchaco.com.ar\/index.php?rest_route=\/wp\/v2\/posts"}],"about":[{"href":"https:\/\/www.sportchaco.com.ar\/index.php?rest_route=\/wp\/v2\/types\/post"}],"author":[{"embeddable":true,"href":"https:\/\/www.sportchaco.com.ar\/index.php?rest_route=\/wp\/v2\/users\/3"}],"replies":[{"embeddable":true,"href":"https:\/\/www.sportchaco.com.ar\/index.php?rest_route=%2Fwp%2Fv2%2Fcomments&post=9346"}],"version-history":[{"count":2,"href":"https:\/\/www.sportchaco.com.ar\/index.php?rest_route=\/wp\/v2\/posts\/9346\/revisions"}],"predecessor-version":[{"id":10018,"href":"https:\/\/www.sportchaco.com.ar\/index.php?rest_route=\/wp\/v2\/posts\/9346\/revisions\/10018"}],"wp:featuredmedia":[{"embeddable":true,"href":"https:\/\/www.sportchaco.com.ar\/index.php?rest_route=\/wp\/v2\/media\/8320"}],"wp:attachment":[{"href":"https:\/\/www.sportchaco.com.ar\/index.php?rest_route=%2Fwp%2Fv2%2Fmedia&parent=9346"}],"wp:term":[{"taxonomy":"category","embeddable":true,"href":"https:\/\/www.sportchaco.com.ar\/index.php?rest_route=%2Fwp%2Fv2%2Fcategories&post=9346"},{"taxonomy":"post_tag","embeddable":true,"href":"https:\/\/www.sportchaco.com.ar\/index.php?rest_route=%2Fwp%2Fv2%2Ftags&post=9346"}],"curies":[{"name":"wp","href":"https:\/\/api.w.org\/{rel}","templated":true}]}}