{"id":9347,"date":"2024-05-13T23:17:42","date_gmt":"2024-05-14T02:17:42","guid":{"rendered":"https:\/\/www.sportchaco.com.ar\/?p=9347"},"modified":"2024-05-13T23:17:42","modified_gmt":"2024-05-14T02:17:42","slug":"al-ittihad-despidio-a-marcelo-gallardo","status":"publish","type":"post","link":"https:\/\/www.sportchaco.com.ar\/?p=9347","title":{"rendered":"Al-Ittihad despidi\u00f3 a Marcelo Gallardo"},"content":{"rendered":"<p>13\/05\/2024<\/p>\n<p>&nbsp;<\/p>\n<p>&nbsp;<\/p>\n<p>&nbsp;<\/p>\n<p><strong>Al-Ittihad ech\u00f3 a Marcelo Gallardo de su cargo como entrenador de\u00a0luego de una serie de\u00a0malos resultados en la Liga Profesional Saud\u00ed de F\u00fatbol\u00a0y quedar sin chances de clasificar a la pr\u00f3xima edici\u00f3n de la AFC Champions League.\u00a0<\/strong><\/p>\n<p>&nbsp;<\/p>\n<p>El equipo del Mu\u00f1eco ven\u00eda de sufrir varios golpazos en las \u00faltimas semanas: fue eliminado en la\u00a0semifinal de la Copa del Rey de Campeones\u00a0por Al-Hilal (el mejor equipo de Arabia Saudita de la mano de Jorge Jes\u00fas, la bestia negra de \u00eddolo de River) y arrastraba\u00a0tres derrotas al hilo\u00a0en el torneo local (cuatro en total), donde marchaba en la\u00a0quinta colocaci\u00f3n.<\/p>\n<p>Gallardo asumi\u00f3 al frente del elenco aurinegro en el pasado mes de noviembre, ciclo que inici\u00f3 con\u00a0grandes expectativas debido a la posibilidad de dirigir a figuras de talla mundial como Karim Benzema o N&#8217;Golo Kant\u00e9\u00a0pero\u00a0los resultados no acompa\u00f1aron y tampoco ayud\u00f3 su enfrentamiento p\u00fablico con el ganador del Bal\u00f3n de Oro 2022\u00a0a principios del 2024. El elenco del Mu\u00f1eco\u00a0cay\u00f3 en seis de sus \u00faltimas diez presentaciones (con cuatro de ellas de manera consecutiva) y el 5-0 sufrido a manos de Al-Ettifaq parece haber sido\u00a0la gota que colm\u00f3 el vaso\u00a0de\u00a0la dirigencia del club ar\u00e1bigo, que tom\u00f3 este lunes la dr\u00e1stica decisi\u00f3n de despedir a\u00a0<em>Napole\u00f3n<\/em>, pese a los pocos partidos que quedaban en el calendario.<\/p>\n<p>El ex-River contaba con contrato hasta junio del 2025\u00a0(con una clausula por otro a\u00f1o y medio m\u00e1s en caso de haber acuerdo entre las partes), por lo que\u00a0resta definir su \u00e9xodo desde el plano econ\u00f3mico. Ya desde este martes quien estar\u00e1 a cargo del equipo ser\u00e1 un<\/p>\n<h1 style=\"line-height: 1.38462;\"><\/h1>\n<p>entrenador interino mientras inicia la b\u00fasqueda por un reemplazante, por lo que el ciclo de Gallardo en Medio Oriente definitivamente a llegado a su fin.<\/p>\n<p><strong>Los n\u00fameros finales de Marcelo Gallardo en Al-Ittihad<\/strong><\/p>\n<ul>\n<li>Partidos: 30<\/li>\n<li>Victorias: 14<\/li>\n<li>Empates: 3<\/li>\n<li>Derrotas: 13<\/li>\n<\/ul>\n<h1>Milan, a la carga por Marcelo Gallardo<\/h1>\n<p class=\"description\">Horas despu\u00e9s de conocerse la noticia de que el Mu\u00f1eco fue despedido de Al-Ittihad, desde Italia resurgi\u00f3 el inter\u00e9s por el entrenador argentino. \u00bfYa tiene nuevo destino?<\/p>\n<div class=\"article-info\">\n<div class=\"article-info-left\">\n<div class=\"article-autor-info\"><\/div>\n<\/div>\n<\/div>\n<figure class=\"rat16x9\"><\/figure>\n<p class=\"capital\">A<span style=\"color: #000000;\">penas horas despu\u00e9s de conocerse la noticia de que\u00a0<a style=\"color: #000000;\" href=\"https:\/\/www.tycsports.com\/futbol-internacional\/bombazo-marcelo-gallardo-fue-despedido-de-al-ittihad-id584276.html\" target=\"_blank\" rel=\"noopener\">Marcelo Gallardo<\/a><a style=\"color: #000000;\" href=\"https:\/\/www.tycsports.com\/futbol-internacional\/bombazo-marcelo-gallardo-fue-despedido-de-al-ittihad-id584276.html\" target=\"_blank\" rel=\"noopener\">\u00a0fue despedido como entrenador de\u00a0<\/a><a style=\"color: #000000;\" href=\"https:\/\/www.tycsports.com\/futbol-internacional\/bombazo-marcelo-gallardo-fue-despedido-de-al-ittihad-id584276.html\" target=\"_blank\" rel=\"noopener\">Al-Ittihad<\/a>, desde Italia surgi\u00f3 un rumor que\u00a0pone a Milan al frente de la carrera para hacerse con los servicios del argentino. As\u00ed, el\u00a0<i>Mu\u00f1eco<\/i>\u00a0podr\u00eda tener nuevo destino pr\u00e1cticamente sin siquiera haber pasado un d\u00eda en el mercado.<\/span><\/p>\n<div class=\"watchto-wrap\">\n<div class=\"watchto\">\n<div class=\"watchto-text\"><\/div>\n<div class=\"watchto-btn-view\"><\/div>\n<\/div>\n<\/div>\n<p><span style=\"color: #000000;\">Si bien todav\u00eda\u00a0restan definirse detalles para que la desvinculaci\u00f3n de Gallardo sea oficial, lo cierto es que\u00a0la decisi\u00f3n en Arabia Saudita est\u00e1 tomada, luego de que\u00a0<a style=\"color: #000000;\" href=\"https:\/\/www.tycsports.com\/futbol-internacional\/marcelo-gallardo-despedido-al-ittihad-numeros-que-explica-la-decision-id584281.html\" target=\"_blank\" rel=\"noopener\">los\u00a0<\/a><a style=\"color: #000000;\" href=\"https:\/\/www.tycsports.com\/futbol-internacional\/marcelo-gallardo-despedido-al-ittihad-numeros-que-explica-la-decision-id584281.html\" target=\"_blank\" rel=\"noopener\">resultados deportivos y su pelea con Karim Benzema<\/a><a style=\"color: #000000;\" href=\"https:\/\/www.tycsports.com\/futbol-internacional\/marcelo-gallardo-despedido-al-ittihad-numeros-que-explica-la-decision-id584281.html\" target=\"_blank\" rel=\"noopener\">\u00a0sellen su destino en el club<\/a>. Ante esto, la prensa italiana hizo eco de la posibilidad de que\u00a0<a style=\"color: #000000;\" href=\"https:\/\/www.tycsports.com\/serie-a\/marcelo-gallardo-suena-grande-italia-se-viene-esperado-salto-europa-id579142.html\" target=\"_blank\" rel=\"noopener\">Milan entable negociaciones con el argentino<\/a><a style=\"color: #000000;\" href=\"https:\/\/www.tycsports.com\/serie-a\/marcelo-gallardo-suena-grande-italia-se-viene-esperado-salto-europa-id579142.html\" target=\"_blank\" rel=\"noopener\">, luego de haberlo tenido en carpeta en abril, cuando todav\u00eda dirig\u00eda al conjunto \u00e1rabe.<\/a><\/span><\/p>\n<figure class=\"w-100\"><span style=\"color: #000000;\"><img decoding=\"async\" title=\"Gallardo Al Ittihad\" src=\"https:\/\/media.tycsports.com\/files\/2024\/04\/30\/711089\/gallardo-al-ittihad_w416.webp\" srcset=\"https:\/\/media.tycsports.com\/files\/2024\/04\/30\/711089\/gallardo-al-ittihad_w416.webp 480w, https:\/\/media.tycsports.com\/files\/2024\/04\/30\/711089\/gallardo-al-ittihad_w862.webp 1080w\" alt=\"Gallardo Al Ittihad\" data-src=\"https:\/\/media.tycsports.com\/files\/2024\/04\/30\/711089\/gallardo-al-ittihad_w416.webp\" data-srcset=\"https:\/\/media.tycsports.com\/files\/2024\/04\/30\/711089\/gallardo-al-ittihad_w416.webp 480w, https:\/\/media.tycsports.com\/files\/2024\/04\/30\/711089\/gallardo-al-ittihad_w862.webp 1080w\" \/><\/span><\/figure>\n<p><span style=\"color: #000000;\">En concreto, fue el periodista italiano\u00a0Gianluca DiMarzio\u00a0quien asegur\u00f3 que Milan\u00a0\u00ab<i>sigue de cerca la situaci\u00f3n de Gallardo<\/i>\u00ab, en medio de su desvinculaci\u00f3n de Al-Ittihad. As\u00ed, habr\u00e1 que ver si, una vez resuelta su salida, los italianos\u00a0aceleran por el exentrenador de River y \u00e9ste da el paso hacia Europa.<\/span><\/p>\n<p><span style=\"color: #000000;\">Cabe mencionar que la dirigencia de Milan hab\u00eda pensado en\u00a0Julen\u00a0Lopetegui\u00a0como reemplazante de\u00a0Stefano\u00a0Pioli. Sin embargo,\u00a0<a style=\"color: #000000;\" href=\"https:\/\/www.tycsports.com\/serie-a\/milan-queria-a-lopetegui-pero-sus-hinchas-lo-bajaron-reaparece-gallardo-en-el-radar-id581590.html\" target=\"_blank\" rel=\"noopener\">sus hinchas le bajaron el pulgar al espa\u00f1ol con una campa\u00f1a en redes sociales: \u00ab<\/a><i><a style=\"color: #000000;\" href=\"https:\/\/www.tycsports.com\/serie-a\/milan-queria-a-lopetegui-pero-sus-hinchas-lo-bajaron-reaparece-gallardo-en-el-radar-id581590.html\" target=\"_blank\" rel=\"noopener\">#Nopetegui<\/a><\/i><a style=\"color: #000000;\" href=\"https:\/\/www.tycsports.com\/serie-a\/milan-queria-a-lopetegui-pero-sus-hinchas-lo-bajaron-reaparece-gallardo-en-el-radar-id581590.html\" target=\"_blank\" rel=\"noopener\">\u00ab.<\/a><\/span><\/p>\n<p><span style=\"color: #000000;\">Tal fue el impacto de esa negativa por parte de los hinchas que la c\u00fapula dirigencial se vio obligada a descartar la opci\u00f3n del espa\u00f1ol y volver a analizar a otros candidatos para el puesto que supieron estar en el radar en el inicio de este proceso para reemplazar al mandam\u00e1s que logr\u00f3 la Serie A 2021\/22 y alcanz\u00f3 las semifinales de la Champions League 2022\/23. Seg\u00fan\u00a0<i>La Gazzetta dello Sport<\/i>, los principales DTs que gustaban tanto a la Comisi\u00f3n Directiva como a sus hinchas eran\u00a0Antonio Conte, Roberto De Zerbi y Thiago Motta; con\u00a0Paulo Fonseca\u00a0tambi\u00e9n en la \u00f3rbita pero sin generar consenso entre los fan\u00e1ticos.<\/span><\/p>\n<p><span style=\"color: #000000;\">En concreto, el club europeo que m\u00e1s cerca estuvo de hacerse con los servicios del\u00a0<i>Mu\u00f1eco<\/i>\u00a0fue\u00a0Olympique de Marsella, a mediados de 2023. Aquella vez, estaba todo dado para que el argentino desembarque en el conjunto franc\u00e9s como reemplazante de\u00a0Igor Tudor. Sin embargo,\u00a0<a style=\"color: #000000;\" href=\"https:\/\/www.tycsports.com\/francia\/ligue-1\/marcelo-gallardo-oferta-olympique-de-marsella-francia-ligue-1-river-id518417.html\" target=\"_blank\" rel=\"noopener\">Gallardo\u00a0<\/a><a style=\"color: #000000;\" href=\"https:\/\/www.tycsports.com\/francia\/ligue-1\/marcelo-gallardo-oferta-olympique-de-marsella-francia-ligue-1-river-id518417.html\" target=\"_blank\" rel=\"noopener\">rechaz\u00f3 el ofrecimiento argumentando que no se sent\u00eda al 100 por ciento para asumir<\/a>, y el cargo fue finalmente para Marcelino Garc\u00eda Toral.<\/span><\/p>\n<div class=\"watchto-wrap\">\n<div class=\"watchto\"><a class=\"imgwrap\" title=\"Marcelo Gallardo fue despedido en Al-Ittihad: los p\u00e9simos n\u00fameros que explican la decisi\u00f3n\" href=\"https:\/\/www.tycsports.com\/futbol-internacional\/marcelo-gallardo-despedido-al-ittihad-numeros-que-explica-la-decision-id584281.html\"><picture><source srcset=\"https:\/\/media.tycsports.com\/files\/2024\/05\/03\/712260\/marcelo-gallardo_267x150.webp\" media=\"(min-width: 721px)\" \/><source srcset=\"https:\/\/media.tycsports.com\/files\/2024\/05\/03\/712260\/marcelo-gallardo_267x356.webp\" media=\"(max-width: 721px)\" \/><\/picture><\/a><\/p>\n<div class=\"watchto-btn-view\"><a href=\"https:\/\/www.tycsports.com\/futbol-internacional\/marcelo-gallardo-despedido-al-ittihad-numeros-que-explica-la-decision-id584281.html\">Ver ahora<\/a><\/div>\n<\/div>\n<\/div>\n<h2>La floja campa\u00f1a de Gallardo en Al-Ittihad que desencaden\u00f3 su salida<\/h2>\n<p>En total, dirigi\u00f3\u00a0<b>30 partidos, de los cuales gan\u00f3 14, empat\u00f3 3 y perdi\u00f3 13<\/b>. Su contrato era hasta junio de 2025, pero la dirigencia del conjunto \u00e1rabe decidi\u00f3\u00a0<b>finalizarlo poco m\u00e1s de un a\u00f1o antes de que termine.<\/b><\/p>\n<p>En cuanto a resultados en competencias,\u00a0<b>no logr\u00f3 t\u00edtulos<\/b>:<\/p>\n<ul>\n<li>Eliminado en cuartos de final del Mundial de Clubes<\/li>\n<li>Eliminado en cuartos de final de la Champions de Asia<\/li>\n<li>Eliminado en semifinales de la Copa del Rey de Campeones de Arabia Saudita<\/li>\n<li>Subcampe\u00f3n de la Supercopa de Arabia Saudita<\/li>\n<li>Quinto puesto en la Superliga Saud\u00ed<\/li>\n<\/ul>\n<p><img loading=\"lazy\" decoding=\"async\" class=\"alignnone size-medium wp-image-9350\" src=\"https:\/\/www.sportchaco.com.ar\/wp-content\/uploads\/2024\/05\/gob-fumicaciona-cuadradito-marzo-3-240x300.jpg\" alt=\"\" width=\"240\" height=\"300\" srcset=\"https:\/\/www.sportchaco.com.ar\/wp-content\/uploads\/2024\/05\/gob-fumicaciona-cuadradito-marzo-3-240x300.jpg 240w, https:\/\/www.sportchaco.com.ar\/wp-content\/uploads\/2024\/05\/gob-fumicaciona-cuadradito-marzo-3-819x1024.jpg 819w, https:\/\/www.sportchaco.com.ar\/wp-content\/uploads\/2024\/05\/gob-fumicaciona-cuadradito-marzo-3-768x960.jpg 768w, https:\/\/www.sportchaco.com.ar\/wp-content\/uploads\/2024\/05\/gob-fumicaciona-cuadradito-marzo-3.jpg 1080w\" sizes=\"auto, (max-width: 240px) 100vw, 240px\" \/><\/p>\n","protected":false},"excerpt":{"rendered":"<p>13\/05\/2024 &nbsp; &nbsp; &nbsp; Al-Ittihad ech\u00f3 a Marcelo Gallardo de su cargo como entrenador de\u00a0luego de una serie de\u00a0malos resultados en la Liga Profesional Saud\u00ed de F\u00fatbol\u00a0y quedar sin chances de clasificar a la pr\u00f3xima edici\u00f3n de la AFC Champions League.\u00a0 &nbsp; El equipo del Mu\u00f1eco ven\u00eda de sufrir varios golpazos en las \u00faltimas semanas: &hellip;<\/p>\n","protected":false},"author":2,"featured_media":9349,"comment_status":"open","ping_status":"open","sticky":false,"template":"","format":"standard","meta":{"footnotes":""},"categories":[6],"tags":[],"class_list":["post-9347","post","type-post","status-publish","format-standard","has-post-thumbnail","hentry","category-internacionales"],"_links":{"self":[{"href":"https:\/\/www.sportchaco.com.ar\/index.php?rest_route=\/wp\/v2\/posts\/9347","targetHints":{"allow":["GET"]}}],"collection":[{"href":"https:\/\/www.sportchaco.com.ar\/index.php?rest_route=\/wp\/v2\/posts"}],"about":[{"href":"https:\/\/www.sportchaco.com.ar\/index.php?rest_route=\/wp\/v2\/types\/post"}],"author":[{"embeddable":true,"href":"https:\/\/www.sportchaco.com.ar\/index.php?rest_route=\/wp\/v2\/users\/2"}],"replies":[{"embeddable":true,"href":"https:\/\/www.sportchaco.com.ar\/index.php?rest_route=%2Fwp%2Fv2%2Fcomments&post=9347"}],"version-history":[{"count":1,"href":"https:\/\/www.sportchaco.com.ar\/index.php?rest_route=\/wp\/v2\/posts\/9347\/revisions"}],"predecessor-version":[{"id":9351,"href":"https:\/\/www.sportchaco.com.ar\/index.php?rest_route=\/wp\/v2\/posts\/9347\/revisions\/9351"}],"wp:featuredmedia":[{"embeddable":true,"href":"https:\/\/www.sportchaco.com.ar\/index.php?rest_route=\/wp\/v2\/media\/9349"}],"wp:attachment":[{"href":"https:\/\/www.sportchaco.com.ar\/index.php?rest_route=%2Fwp%2Fv2%2Fmedia&parent=9347"}],"wp:term":[{"taxonomy":"category","embeddable":true,"href":"https:\/\/www.sportchaco.com.ar\/index.php?rest_route=%2Fwp%2Fv2%2Fcategories&post=9347"},{"taxonomy":"post_tag","embeddable":true,"href":"https:\/\/www.sportchaco.com.ar\/index.php?rest_route=%2Fwp%2Fv2%2Ftags&post=9347"}],"curies":[{"name":"wp","href":"https:\/\/api.w.org\/{rel}","templated":true}]}}