{"id":9367,"date":"2024-05-14T12:46:20","date_gmt":"2024-05-14T15:46:20","guid":{"rendered":"https:\/\/www.sportchaco.com.ar\/?p=9367"},"modified":"2024-05-14T12:46:20","modified_gmt":"2024-05-14T15:46:20","slug":"murio-fabian-cancelarich-exarquero-de-belgrano-y-ferro","status":"publish","type":"post","link":"https:\/\/www.sportchaco.com.ar\/?p=9367","title":{"rendered":"Muri\u00f3 Fabi\u00e1n Cancelarich, exarquero de Belgrano y Ferro"},"content":{"rendered":"<p>14-05-2024<\/p>\n<p>&nbsp;<\/p>\n<p>&nbsp;<\/p>\n<p><strong>El exarquero de Ferro y Belgrano, Fabi\u00e1n Cancelarich, muri\u00f3 a los 58 a\u00f1os tras sufrir un infarto durante el entrenamiento del primer equipo de Ferrocarril Oeste, donde ejerc\u00eda como entrenador de arqueros.<\/strong><\/p>\n<p>La noticia fue confirmada por V\u00edctor Marchesini a Cadena 3, otro exjugador de la instituci\u00f3n que trabaja actualmente en el club. Cancelarich sufri\u00f3 un infarto y all\u00ed fue trasladado por examen de urgencia hasta el Hospital Dur\u00e1n de la Ciudad Aut\u00f3noma de Buenos Aires, donde no pudieron reanimarlo.<\/p>\n<p>Naci\u00f3 en Los Nogales, Santa Fe, el 30 de diciembre de 1965 y fue parte del equipo seleccionado por Carlos Bilardo.<\/p>\n<p>Cancelarich se destac\u00f3 como uno de los tres arqueros que Bilardo llev\u00f3 al Mundial de Italia en 1990 junto a \u00abNery\u00bb Pumpido y Sergio Goycochea. Tras la lesi\u00f3n de Pumpido, Goycochea asumi\u00f3 la titularidad mientras que Cancelarich qued\u00f3 como tercer arquero.<\/p>\n<p>Empez\u00f3 su carrera en Ferro, club al que volvi\u00f3 luego para trabajar como entrenador de arqueros y luego jug\u00f3 dos a\u00f1os en Belgrano, club donde los hinchas lo aman y recuerdan con much\u00edsimo cari\u00f1o.<\/p>\n<p>Adem\u00e1s del Mundial de Italia 1990, Cancelarich tuvo una destacada trayectoria, incluyendo ser campe\u00f3n con la Selecci\u00f3n Argentina en la Copa Am\u00e9rica e integrante del plantel para la Copa Rey Fahd.<\/p>\n<p>&nbsp;<\/p>\n","protected":false},"excerpt":{"rendered":"<p>14-05-2024 &nbsp; &nbsp; El exarquero de Ferro y Belgrano, Fabi\u00e1n Cancelarich, muri\u00f3 a los 58 a\u00f1os tras sufrir un infarto durante el entrenamiento del primer equipo de Ferrocarril Oeste, donde ejerc\u00eda como entrenador de arqueros. La noticia fue confirmada por V\u00edctor Marchesini a Cadena 3, otro exjugador de la instituci\u00f3n que trabaja actualmente en el &hellip;<\/p>\n","protected":false},"author":2,"featured_media":9368,"comment_status":"open","ping_status":"open","sticky":false,"template":"","format":"standard","meta":{"footnotes":""},"categories":[47],"tags":[],"class_list":["post-9367","post","type-post","status-publish","format-standard","has-post-thumbnail","hentry","category-nacionales"],"_links":{"self":[{"href":"https:\/\/www.sportchaco.com.ar\/index.php?rest_route=\/wp\/v2\/posts\/9367","targetHints":{"allow":["GET"]}}],"collection":[{"href":"https:\/\/www.sportchaco.com.ar\/index.php?rest_route=\/wp\/v2\/posts"}],"about":[{"href":"https:\/\/www.sportchaco.com.ar\/index.php?rest_route=\/wp\/v2\/types\/post"}],"author":[{"embeddable":true,"href":"https:\/\/www.sportchaco.com.ar\/index.php?rest_route=\/wp\/v2\/users\/2"}],"replies":[{"embeddable":true,"href":"https:\/\/www.sportchaco.com.ar\/index.php?rest_route=%2Fwp%2Fv2%2Fcomments&post=9367"}],"version-history":[{"count":1,"href":"https:\/\/www.sportchaco.com.ar\/index.php?rest_route=\/wp\/v2\/posts\/9367\/revisions"}],"predecessor-version":[{"id":9369,"href":"https:\/\/www.sportchaco.com.ar\/index.php?rest_route=\/wp\/v2\/posts\/9367\/revisions\/9369"}],"wp:featuredmedia":[{"embeddable":true,"href":"https:\/\/www.sportchaco.com.ar\/index.php?rest_route=\/wp\/v2\/media\/9368"}],"wp:attachment":[{"href":"https:\/\/www.sportchaco.com.ar\/index.php?rest_route=%2Fwp%2Fv2%2Fmedia&parent=9367"}],"wp:term":[{"taxonomy":"category","embeddable":true,"href":"https:\/\/www.sportchaco.com.ar\/index.php?rest_route=%2Fwp%2Fv2%2Fcategories&post=9367"},{"taxonomy":"post_tag","embeddable":true,"href":"https:\/\/www.sportchaco.com.ar\/index.php?rest_route=%2Fwp%2Fv2%2Ftags&post=9367"}],"curies":[{"name":"wp","href":"https:\/\/api.w.org\/{rel}","templated":true}]}}