{"id":9398,"date":"2024-05-15T12:10:16","date_gmt":"2024-05-15T15:10:16","guid":{"rendered":"https:\/\/www.sportchaco.com.ar\/?p=9398"},"modified":"2024-05-15T12:17:49","modified_gmt":"2024-05-15T15:17:49","slug":"el-caso-valentini-toca-a-la-seleccion","status":"publish","type":"post","link":"https:\/\/www.sportchaco.com.ar\/?p=9398","title":{"rendered":"El caso Valentini toca a la Selecci\u00f3n"},"content":{"rendered":"<h1><span style=\"font-size: 16px; font-weight: 400;\">15\/05\/2024<\/span><\/h1>\n<p class=\"description\">Nicol\u00e1s Valentini est\u00e1 colgado en Boca en pleno conflicto por la renovaci\u00f3n de su contrato: AFA determin\u00f3 que los jugadores en esa situaci\u00f3n no ser\u00e1n citados para disputar Par\u00eds 2024 con la Selecci\u00f3n Argentina Sub 23.<\/p>\n<div class=\"article-info\">\n<div class=\"article-info-left\">\n<div class=\"article-autor-info\">\n<div class=\"article-autor-name\"><\/div>\n<\/div>\n<\/div>\n<\/div>\n<figure class=\"rat16x9\"><img decoding=\"async\" title=\"Nicol\u00e1s Valentini\" src=\"https:\/\/media.tycsports.com\/files\/2024\/03\/28\/696188\/nicolas-valentini_416x234.webp?v=1\" srcset=\"https:\/\/media.tycsports.com\/files\/2024\/03\/28\/696188\/nicolas-valentini_416x234.webp?v=1 480w ,https:\/\/media.tycsports.com\/files\/2024\/03\/28\/696188\/nicolas-valentini_862x485.webp?v=1 1080w \" alt=\"Nicol\u00e1s Valentini\" \/><figcaption>Nicol\u00e1s Valentini, en su primera convocatoria con la Selecci\u00f3n Argentina Mayor (@nicoovalentini)<\/figcaption><\/figure>\n<p class=\"capital\">Nicol\u00e1s Valentini\u00a0est\u00e1 cerca de ser descartado para los\u00a0Juegos Ol\u00edmpicos de Par\u00eds 2024. El defensor fue colgado en\u00a0Boca\u00a0en pleno conflicto por la renovaci\u00f3n de su contrato y la\u00a0AFA\u00a0decidi\u00f3 que los jugadores que est\u00e9n en esa situaci\u00f3n con sus clubes no ser\u00e1n citados para la\u00a0Selecci\u00f3n Argentina Sub 23.<\/p>\n<div class=\"watchto-wrap\">\n<div class=\"watchto\"><\/div>\n<\/div>\n<p>El joven zaguero -quien fue titular en el equipo de Javier Mascherano en el Preol\u00edmpico- ya corr\u00eda riesgo de quedarse afuera de la cita ol\u00edmpica porque llegar\u00eda sin ritmo.\u00a0Su \u00faltimo partido fue la victoria ante Sportivo Trinidense en la Bombonera, por Copa Sudamericana, el pasado 9 de abril, antes de que la dirigencia del Xeneize decidiera colgarlo.<\/p>\n<p>&nbsp;<\/p>\n<p><span style=\"color: #000000;\">En este contexto,\u00a0la AFA decidi\u00f3 que los jugadores que est\u00e9n en conflicto por renovaci\u00f3n de contrato no ser\u00e1n citados por Javier Mascherano para los Juegos Ol\u00edmpicos de Par\u00eds 2024: Nicol\u00e1s Valentini qued\u00f3 pr\u00e1cticamente descartado para la Selecci\u00f3n Argentina Sub 23.<\/span><\/p>\n<p><span style=\"color: #000000;\">El joven defensor de Boca fue una fija en la Albiceleste en el Preol\u00edmpico de Venezuela: disput\u00f3 seis de los siete partidos como titular. A su vez,\u00a0<a style=\"color: #000000;\" href=\"https:\/\/www.tycsports.com\/boca-juniors\/sorpresa-nicolas-valentini-convocado-para-la-seleccion-argentina-id568734.html\" target=\"_blank\" rel=\"noopener\">fue convocado de urgencia por Lionel Scaloni para la gira de amistosos de la Mayor en marzo en Estados Unidos<\/a>, en reemplazo de Marcos Senesi (baja por lesi\u00f3n).<\/span><\/p>\n<p>&nbsp;<\/p>\n<p>&nbsp;<\/p>\n<figure class=\"w-100\"><img decoding=\"async\" title=\"Riquelme Valentini\" src=\"https:\/\/media.tycsports.com\/files\/2024\/04\/21\/707169\/riquelme-valentini_w416.webp\" srcset=\"https:\/\/media.tycsports.com\/files\/2024\/04\/21\/707169\/riquelme-valentini_w416.webp 480w, https:\/\/media.tycsports.com\/files\/2024\/04\/21\/707169\/riquelme-valentini_w862.webp 1080w\" alt=\"Riquelme Valentini\" data-src=\"https:\/\/media.tycsports.com\/files\/2024\/04\/21\/707169\/riquelme-valentini_w416.webp\" data-srcset=\"https:\/\/media.tycsports.com\/files\/2024\/04\/21\/707169\/riquelme-valentini_w416.webp 480w, https:\/\/media.tycsports.com\/files\/2024\/04\/21\/707169\/riquelme-valentini_w862.webp 1080w\" \/><figcaption>Juan Rom\u00e1n Riquelme, presidente de Boca, decidi\u00f3 colgar a Valentini en pleno conflicto por la renovaci\u00f3n del contrato.<\/figcaption><\/figure>\n<p>&nbsp;<\/p>\n<h2>El conflicto de Valentini con la dirigencia de Boca<\/h2>\n<p>&nbsp;<\/p>\n<p>Nicol\u00e1s Valentini reclama que, hasta la fecha. est\u00e1 cobrando el salario correspondiente a su primer contrato. Por eso,\u00a0<b>el futbolista pretende que el club le pague un retroactivo desde enero de 2023.<\/b>\u00a0Boca, por su parte, le ofrece que \u00e9ste sea desde enero de 2024.<\/p>\n<p>El otro punto conflictivo de las negociaciones es la cl\u00e1usula de recisi\u00f3n. La idea del defensor es mantenerla en 10 millones de d\u00f3lares. Por otro lado,\u00a0el Consejo de F\u00fatbol pretende subirla, como suele suceder cuando hay un aumento de sueldo, con la intenci\u00f3n de que, en caso de que un club del exterior quiera comprarlo, se le haga m\u00e1s dif\u00edcil: buscan evitar lo que pas\u00f3 con Valent\u00edn Barco y su pase al Brighton de Inglaterra.<\/p>\n<p>\u00abLos familiares son los m\u00e1s complicados en las negociaciones. Se hace muy dif\u00edcil porque en muchas de las reuniones, sobre todo con los juveniles, siempre van y participan; y eso a veces es dif\u00edcil porque uno entiende que el familiar est\u00e1 defendiendo a su hijo o a su hermano, entonces por ah\u00ed se mezclan los sentimientos, pero siempre buscamos llegar a un final feliz. Es el objetivo\u00bb, afirm\u00f3 Chicho Serna, integrante del Consejo de F\u00fatbol, en una entrevista con Infobae hace unas semanas.<\/p>\n<p>\u00abNunca buscamos chocar por m\u00e1s que se presenta y es parte de todo este mundo del f\u00fatbol, de lo medi\u00e1tico que se maneja hoy.\u00a0Tratamos de llevarlo de la mejor manera\u00bb, agreg\u00f3 en aquella oportunidad sobre su tarea de negociaciones en Boca y la constante puja entre los representantes y los dirigentes. Fuente TyC Sports<\/p>\n<p><img loading=\"lazy\" decoding=\"async\" class=\"alignnone size-medium wp-image-9400\" src=\"https:\/\/www.sportchaco.com.ar\/wp-content\/uploads\/2024\/05\/gob-clausula-gatillo-1080x1350-1-240x300.jpg\" alt=\"\" width=\"240\" height=\"300\" srcset=\"https:\/\/www.sportchaco.com.ar\/wp-content\/uploads\/2024\/05\/gob-clausula-gatillo-1080x1350-1-240x300.jpg 240w, https:\/\/www.sportchaco.com.ar\/wp-content\/uploads\/2024\/05\/gob-clausula-gatillo-1080x1350-1-819x1024.jpg 819w, https:\/\/www.sportchaco.com.ar\/wp-content\/uploads\/2024\/05\/gob-clausula-gatillo-1080x1350-1-768x960.jpg 768w, https:\/\/www.sportchaco.com.ar\/wp-content\/uploads\/2024\/05\/gob-clausula-gatillo-1080x1350-1.jpg 1080w\" sizes=\"auto, (max-width: 240px) 100vw, 240px\" \/><\/p>\n","protected":false},"excerpt":{"rendered":"<p>15\/05\/2024 Nicol\u00e1s Valentini est\u00e1 colgado en Boca en pleno conflicto por la renovaci\u00f3n de su contrato: AFA determin\u00f3 que los jugadores en esa situaci\u00f3n no ser\u00e1n citados para disputar Par\u00eds 2024 con la Selecci\u00f3n Argentina Sub 23. Nicol\u00e1s Valentini, en su primera convocatoria con la Selecci\u00f3n Argentina Mayor (@nicoovalentini) Nicol\u00e1s Valentini\u00a0est\u00e1 cerca de ser descartado &hellip;<\/p>\n","protected":false},"author":2,"featured_media":9399,"comment_status":"open","ping_status":"open","sticky":false,"template":"","format":"standard","meta":{"footnotes":""},"categories":[47],"tags":[],"class_list":["post-9398","post","type-post","status-publish","format-standard","has-post-thumbnail","hentry","category-nacionales"],"_links":{"self":[{"href":"https:\/\/www.sportchaco.com.ar\/index.php?rest_route=\/wp\/v2\/posts\/9398","targetHints":{"allow":["GET"]}}],"collection":[{"href":"https:\/\/www.sportchaco.com.ar\/index.php?rest_route=\/wp\/v2\/posts"}],"about":[{"href":"https:\/\/www.sportchaco.com.ar\/index.php?rest_route=\/wp\/v2\/types\/post"}],"author":[{"embeddable":true,"href":"https:\/\/www.sportchaco.com.ar\/index.php?rest_route=\/wp\/v2\/users\/2"}],"replies":[{"embeddable":true,"href":"https:\/\/www.sportchaco.com.ar\/index.php?rest_route=%2Fwp%2Fv2%2Fcomments&post=9398"}],"version-history":[{"count":1,"href":"https:\/\/www.sportchaco.com.ar\/index.php?rest_route=\/wp\/v2\/posts\/9398\/revisions"}],"predecessor-version":[{"id":9401,"href":"https:\/\/www.sportchaco.com.ar\/index.php?rest_route=\/wp\/v2\/posts\/9398\/revisions\/9401"}],"wp:featuredmedia":[{"embeddable":true,"href":"https:\/\/www.sportchaco.com.ar\/index.php?rest_route=\/wp\/v2\/media\/9399"}],"wp:attachment":[{"href":"https:\/\/www.sportchaco.com.ar\/index.php?rest_route=%2Fwp%2Fv2%2Fmedia&parent=9398"}],"wp:term":[{"taxonomy":"category","embeddable":true,"href":"https:\/\/www.sportchaco.com.ar\/index.php?rest_route=%2Fwp%2Fv2%2Fcategories&post=9398"},{"taxonomy":"post_tag","embeddable":true,"href":"https:\/\/www.sportchaco.com.ar\/index.php?rest_route=%2Fwp%2Fv2%2Ftags&post=9398"}],"curies":[{"name":"wp","href":"https:\/\/api.w.org\/{rel}","templated":true}]}}