{"id":9472,"date":"2024-05-16T18:44:21","date_gmt":"2024-05-16T21:44:21","guid":{"rendered":"https:\/\/www.sportchaco.com.ar\/?p=9472"},"modified":"2024-05-16T18:44:21","modified_gmt":"2024-05-16T21:44:21","slug":"cinta-de-capitanes-para-las-formativas-de-sarmiento","status":"publish","type":"post","link":"https:\/\/www.sportchaco.com.ar\/?p=9472","title":{"rendered":"Cinta de capitanes para las formativas de Sarmiento"},"content":{"rendered":"<p>Durante el a\u00f1o 2024, los capitanes de las divisiones inferiores llevaran la cinta dise\u00f1ada con el logo de nuestro torneo Infanto juvenil \u00abEL DECANITO\u00bb, que fue creado en el a\u00f1o 2018, su lra edici\u00f3n tuvo amplia convocatoria de clubes del Gran Resistencia, interior del Chaco y de Corrientes capital.<br \/>\nEste a\u00f1o celebraremos el encuentro N\u00b0 4, esperando contar con la presencia de clubes y escuelitas de f\u00fatbol, tanto masculina, como femenina.<br \/>\nEl objetivo es fomentar el deporte y la diversi\u00f3n, compartiendo experiencias y buenas costumbres entre los ni\u00f1os y ni\u00f1as.<\/p>\n<p>Exjugadores, exdirigentes y exutileros:<\/p>\n<p><img loading=\"lazy\" decoding=\"async\" class=\"alignnone size-medium wp-image-9473\" src=\"https:\/\/www.sportchaco.com.ar\/wp-content\/uploads\/2024\/05\/Sto-decanito-Urbina-240x300.jpeg\" alt=\"\" width=\"240\" height=\"300\" srcset=\"https:\/\/www.sportchaco.com.ar\/wp-content\/uploads\/2024\/05\/Sto-decanito-Urbina-240x300.jpeg 240w, https:\/\/www.sportchaco.com.ar\/wp-content\/uploads\/2024\/05\/Sto-decanito-Urbina-819x1024.jpeg 819w, https:\/\/www.sportchaco.com.ar\/wp-content\/uploads\/2024\/05\/Sto-decanito-Urbina-768x960.jpeg 768w, https:\/\/www.sportchaco.com.ar\/wp-content\/uploads\/2024\/05\/Sto-decanito-Urbina.jpeg 1080w\" sizes=\"auto, (max-width: 240px) 100vw, 240px\" \/> \u00a0<img loading=\"lazy\" decoding=\"async\" class=\"alignnone size-medium wp-image-9475\" src=\"https:\/\/www.sportchaco.com.ar\/wp-content\/uploads\/2024\/05\/sto-decanito-Pichon-240x300.jpeg\" alt=\"\" width=\"240\" height=\"300\" srcset=\"https:\/\/www.sportchaco.com.ar\/wp-content\/uploads\/2024\/05\/sto-decanito-Pichon-240x300.jpeg 240w, https:\/\/www.sportchaco.com.ar\/wp-content\/uploads\/2024\/05\/sto-decanito-Pichon-819x1024.jpeg 819w, https:\/\/www.sportchaco.com.ar\/wp-content\/uploads\/2024\/05\/sto-decanito-Pichon-768x960.jpeg 768w, https:\/\/www.sportchaco.com.ar\/wp-content\/uploads\/2024\/05\/sto-decanito-Pichon.jpeg 1080w\" sizes=\"auto, (max-width: 240px) 100vw, 240px\" \/><\/p>\n<p><strong>Foto portada: Hugo Falc\u00f3n, en las siguientes Urbina y Pich\u00f3n Barrientos<\/strong><\/p>\n<p>RA\u00daL \u00abPICHON\u00bb BARRIENTOS.<br \/>\nHUGO FALC\u00d3N.<br \/>\nROLANDO \u00abCACHO\u00bb CAZAFUS.<br \/>\nABEL LINARES.<br \/>\nERIBERTO B\u00c1EZ.<br \/>\nSERGIO VILLORDO.<br \/>\nERIC ACOSTA.<br \/>\nCELSO OJEDA.<br \/>\nCAYETANO RIVERO.<br \/>\nSAPIR\u00d3 INSAURRALDE.<br \/>\nERNESTO LAVIA.<br \/>\nDANIEL AZULA.<br \/>\nTOTITO RAMIREZ.<br \/>\nCARLOS COPETTI.<br \/>\nJUAN PABLO CARBALLA.<br \/>\nPACHA RAMIREZ.<br \/>\nGRINGO DE MARCHI.<br \/>\nPEREZ.<\/p>\n<p>Jugadores, Dirigentes, Colaboradores y Secretarios:<br \/>\nJUAN MANUEL RAMIREZ.<br \/>\nSANTIAGO LEBUS.<br \/>\nCAMILO ROL\u00d3N<br \/>\nPUMA RODRIGUEZ.<br \/>\nMARIO DE LUCCHI.<br \/>\nMIGUEL URBINA.<br \/>\nOMAR INSAURRALDE.<br \/>\nMARIELA \u00c1VALOS.<\/p>\n<p>&nbsp;<\/p>\n<p><img loading=\"lazy\" decoding=\"async\" class=\"alignnone size-medium wp-image-9466\" src=\"https:\/\/www.sportchaco.com.ar\/wp-content\/uploads\/2024\/05\/Nachec1-300x600-1-150x300.gif\" alt=\"\" width=\"150\" height=\"300\" \/><\/p>\n","protected":false},"excerpt":{"rendered":"<p>Durante el a\u00f1o 2024, los capitanes de las divisiones inferiores llevaran la cinta dise\u00f1ada con el logo de nuestro torneo Infanto juvenil \u00abEL DECANITO\u00bb, que fue creado en el a\u00f1o 2018, su lra edici\u00f3n tuvo amplia convocatoria de clubes del Gran Resistencia, interior del Chaco y de Corrientes capital. Este a\u00f1o celebraremos el encuentro N\u00b0 &hellip;<\/p>\n","protected":false},"author":2,"featured_media":9474,"comment_status":"open","ping_status":"open","sticky":false,"template":"","format":"standard","meta":{"footnotes":""},"categories":[1],"tags":[],"class_list":["post-9472","post","type-post","status-publish","format-standard","has-post-thumbnail","hentry","category-fotos-del-recuerdo"],"_links":{"self":[{"href":"https:\/\/www.sportchaco.com.ar\/index.php?rest_route=\/wp\/v2\/posts\/9472","targetHints":{"allow":["GET"]}}],"collection":[{"href":"https:\/\/www.sportchaco.com.ar\/index.php?rest_route=\/wp\/v2\/posts"}],"about":[{"href":"https:\/\/www.sportchaco.com.ar\/index.php?rest_route=\/wp\/v2\/types\/post"}],"author":[{"embeddable":true,"href":"https:\/\/www.sportchaco.com.ar\/index.php?rest_route=\/wp\/v2\/users\/2"}],"replies":[{"embeddable":true,"href":"https:\/\/www.sportchaco.com.ar\/index.php?rest_route=%2Fwp%2Fv2%2Fcomments&post=9472"}],"version-history":[{"count":1,"href":"https:\/\/www.sportchaco.com.ar\/index.php?rest_route=\/wp\/v2\/posts\/9472\/revisions"}],"predecessor-version":[{"id":9476,"href":"https:\/\/www.sportchaco.com.ar\/index.php?rest_route=\/wp\/v2\/posts\/9472\/revisions\/9476"}],"wp:featuredmedia":[{"embeddable":true,"href":"https:\/\/www.sportchaco.com.ar\/index.php?rest_route=\/wp\/v2\/media\/9474"}],"wp:attachment":[{"href":"https:\/\/www.sportchaco.com.ar\/index.php?rest_route=%2Fwp%2Fv2%2Fmedia&parent=9472"}],"wp:term":[{"taxonomy":"category","embeddable":true,"href":"https:\/\/www.sportchaco.com.ar\/index.php?rest_route=%2Fwp%2Fv2%2Fcategories&post=9472"},{"taxonomy":"post_tag","embeddable":true,"href":"https:\/\/www.sportchaco.com.ar\/index.php?rest_route=%2Fwp%2Fv2%2Ftags&post=9472"}],"curies":[{"name":"wp","href":"https:\/\/api.w.org\/{rel}","templated":true}]}}