{"id":9519,"date":"2024-05-17T12:42:48","date_gmt":"2024-05-17T15:42:48","guid":{"rendered":"https:\/\/www.sportchaco.com.ar\/?p=9519"},"modified":"2024-05-17T12:43:07","modified_gmt":"2024-05-17T15:43:07","slug":"despues-de-platense-se-va-tevez-del-rojo","status":"publish","type":"post","link":"https:\/\/www.sportchaco.com.ar\/?p=9519","title":{"rendered":"Despu\u00e9s de Platense, se va Tevez del rojo"},"content":{"rendered":"<h1><span style=\"font-size: 16px; font-weight: 400;\">17\/05\/2024\u00a0<\/span><\/h1>\n<p class=\"description\">El director t\u00e9cnico ya le comunic\u00f3 al presidente N\u00e9stor Grindetti que dar\u00e1 un paso al costado tras el duelo del domingo ante Platense.<strong> Fuente TyC Sports<\/strong><\/p>\n<div class=\"article-info\">\n<div class=\"article-info-left\">\n<div class=\"article-autor-info\">\n<div class=\"article-autor-name\"><\/div>\n<\/div>\n<\/div>\n<\/div>\n<figure class=\"rat16x9\"><img decoding=\"async\" title=\"Carlos Tevez Independiente\" src=\"https:\/\/media.tycsports.com\/files\/2024\/05\/17\/718370\/carlos-tevez-independiente_416x234.webp?v=1\" srcset=\"https:\/\/media.tycsports.com\/files\/2024\/05\/17\/718370\/carlos-tevez-independiente_416x234.webp?v=1 480w ,https:\/\/media.tycsports.com\/files\/2024\/05\/17\/718370\/carlos-tevez-independiente_862x485.webp?v=1 1080w \" alt=\"Carlos Tevez Independiente\" \/><figcaption>Carlos Tevez dejar\u00e1 de ser el director t\u00e9cnico de Independiente. (Gustavo Garello\/Jam Media\/Getty Images)<\/figcaption><\/figure>\n<p class=\"capital\">Cuando las aguas parec\u00edan haberse calmado un poco, una bomba sacudi\u00f3 al mundo\u00a0Independiente\u00a0en la ma\u00f1ana del viernes:\u00a0Carlos Tevez dejar\u00e1 de ser el director t\u00e9cinco. El<a href=\"https:\/\/www.tycsports.com\/independiente\/independiente-vs-talleres-en-vivo-hora-donde-ver-y-formaciones-id577788.html\" target=\"_blank\" rel=\"noopener\">\u00a0mal cierre de la\u00a0<\/a><a href=\"https:\/\/www.tycsports.com\/independiente\/independiente-vs-talleres-en-vivo-hora-donde-ver-y-formaciones-id577788.html\" target=\"_blank\" rel=\"noopener\">Copa de la Liga<\/a><a href=\"https:\/\/www.tycsports.com\/independiente\/independiente-vs-talleres-en-vivo-hora-donde-ver-y-formaciones-id577788.html\" target=\"_blank\" rel=\"noopener\">,\u00a0<\/a>sumado a\u00a0<a href=\"https:\/\/www.tycsports.com\/independiente\/independiente-vs-talleres-en-vivo-hora-donde-ver-y-formaciones-id583378.html\" target=\"_blank\" rel=\"noopener\">la derrota en el arranque en la\u00a0<\/a><a href=\"https:\/\/www.tycsports.com\/independiente\/independiente-vs-talleres-en-vivo-hora-donde-ver-y-formaciones-id583378.html\" target=\"_blank\" rel=\"noopener\">Liga Profesional<\/a>\u00a0que gener\u00f3 el repudio de los hinchas,\u00a0llevaron a Carlitos a tomar la decisi\u00f3n de dar un paso al costado\u00a0luego del duelo del pr\u00f3ximo domingo a las 15.30 como visitante de\u00a0Platense\u00a0por la segunda fecha.\u00a0Ya se lo comunic\u00f3 al presidente N\u00e9stor Grindetti.<\/p>\n<div class=\"watchto-wrap\">\n<div class=\"watchto\"><\/div>\n<\/div>\n<p>El Apache lleg\u00f3 al Rojo en agosto de 2023 luego de ciclo de\u00a0Ricardo Zielinski\u00a0y consigui\u00f3 hacer un buen cierre de campa\u00f1a, donde\u00a0dej\u00f3 de pelear el descenso y qued\u00f3 al borde de la clasificaci\u00f3n en la Copa de la Liga. Sin embargo,\u00a0las aspiraciones para 2024 ya eran otras y no logr\u00f3 cumplir las expectativas. Sin competencia internacional,\u00a0no logr\u00f3 meterse en la segunda fase de la Copa LPF\u00a0con\u00a0el incre\u00edble empate como local frente a Talleres,\u00a0equipo que tambi\u00e9n le amarg\u00f3 el debut liguero.<\/p>\n<p>&nbsp;<\/p>\n<p>&nbsp;<\/p>\n<p>&nbsp;<\/p>\n<section class=\"fluidMedia\">\n<div id=\"video-genoa-718372\" class=\"player-nota-wrapper genoa-async lazycontainer\" data-contentid=\"1620310\" data-share=\"https:\/\/www.tycsports.com\/independiente\/bomba-en-independiente-se-va-carlos-tevez-id585176.html\">\n<div class=\"player-nota-overlay\"><\/div>\n<\/div>\n<\/section>\n<p><span style=\"color: #000000;\">En ma\u00f1ana del lunes, antes de la pr\u00e1ctica,\u00a0<a style=\"color: #000000;\" href=\"https:\/\/www.tycsports.com\/independiente\/la-reunion-de-carlos-tevez-y-nestor-grindetti-en-la-practica-de-independiente-id584426.html\" target=\"_blank\" rel=\"noopener\">mantuvo una reuni\u00f3n con el m\u00e1ximo mandatario<\/a>\u00a0del club y\u00a0comenz\u00f3 a circular el rumor de una posible salida, que hab\u00eda quedado descartado en un principio pero que finalmente se volvi\u00f3 realidad y\u00a0este viernes se confirm\u00f3 que, tras el encuentro ante el Calamar, m\u00e1s all\u00e1 del resultado, se ir\u00e1 del club.<\/span><\/p>\n<div class=\"watchto-wrap\">\n<div class=\"watchto\">\n<p><a class=\"imgwrap\" title=\"La nueva inhibici\u00f3n que est\u00e1 al caer en Independiente\" href=\"https:\/\/www.tycsports.com\/independiente\/la-nueva-inhibicion-que-esta-al-caer-en-independiente-id584636.html\"><picture><source srcset=\"https:\/\/media.tycsports.com\/files\/2024\/05\/15\/717354\/nestor-grindetti-independiente_267x150.webp?v=1\" media=\"(min-width: 721px)\" \/><source srcset=\"https:\/\/media.tycsports.com\/files\/2024\/05\/15\/717354\/nestor-grindetti-independiente_267x356.webp?v=1\" media=\"(max-width: 721px)\" \/><img decoding=\"async\" src=\"https:\/\/media.tycsports.com\/files\/2024\/05\/15\/717354\/nestor-grindetti-independiente_267x150.webp?v=1\" alt=\"Foto: La nueva inhibici\u00f3n que est\u00e1 al caer en Independiente\" data-src=\"https:\/\/media.tycsports.com\/files\/2024\/05\/15\/717354\/nestor-grindetti-independiente_267x150.webp?v=1\" \/><\/picture><\/a><\/p>\n<div class=\"watchto-text\"><\/div>\n<div class=\"watchto-btn-view\">Presidente de Independiente<\/div>\n<\/div>\n<\/div>\n<h2>Monz\u00f3n o Tocalli, los interinos en Independiente<\/h2>\n<p>El domingo ante\u00a0Platense\u00a0ser\u00e1 el \u00faltimo d\u00eda de\u00a0Carlos Tevez\u00a0en\u00a0Independiente. Mientras el Rojo busca su reemplazante, el lunes deber\u00e1 volver a los entrenamientos y hay dos posibles candidatos para quedar moment\u00e1neamente como interino:\u00a0Pedro Monz\u00f3n,\u00a0entrenador de la Reserva, y\u00a0Hugo Tocalli,\u00a0coordinador de inferiores del club.<\/p>\n<figure class=\"w-100\"><img decoding=\"async\" title=\"Pedro Monz\u00f3n, DT de la Reserva de Independiente\" src=\"https:\/\/media.tycsports.com\/files\/2024\/05\/03\/712218\/pedro-monzon-dt-de-la-reserva-de-independiente_w416.webp\" srcset=\"https:\/\/media.tycsports.com\/files\/2024\/05\/03\/712218\/pedro-monzon-dt-de-la-reserva-de-independiente_w416.webp 480w, https:\/\/media.tycsports.com\/files\/2024\/05\/03\/712218\/pedro-monzon-dt-de-la-reserva-de-independiente_w862.webp 1080w\" alt=\"Pedro Monz\u00f3n, DT de la Reserva de Independiente\" data-src=\"https:\/\/media.tycsports.com\/files\/2024\/05\/03\/712218\/pedro-monzon-dt-de-la-reserva-de-independiente_w416.webp\" data-srcset=\"https:\/\/media.tycsports.com\/files\/2024\/05\/03\/712218\/pedro-monzon-dt-de-la-reserva-de-independiente_w416.webp 480w, https:\/\/media.tycsports.com\/files\/2024\/05\/03\/712218\/pedro-monzon-dt-de-la-reserva-de-independiente_w862.webp 1080w\" \/><figcaption>Pedro Monz\u00f3n, DT de la Reserva de Independiente (@Independiente)<\/figcaption><\/figure>\n<h2>Vaccari, el plan A de Independiente para reemplazar a Tevez<\/h2>\n<p>Tras la salida de\u00a0Carlos Tevez, comenz\u00f3 la danza de nombres y el principal apuntado por la dirigencia de\u00a0Independiente\u00a0es\u00a0Julio\u00a0Vaccari, que renunci\u00f3 d\u00edas atr\u00e1s a\u00a0Defensa y Justicia.\u00a0Un escal\u00f3n atr\u00e1s figuran\u00a0Lucas Pusineri, que ya tuvo un paso por el Rojo entre fines de 2019 y comienzos de 2021, y\u00a0Rub\u00e9n Dar\u00edo Ins\u00faa.<\/p>\n<figure class=\"w-100\"><img decoding=\"async\" title=\"Julio Vaccari - Defensa y Justicia\" src=\"https:\/\/media.tycsports.com\/files\/2024\/05\/11\/715849\/julio-vaccari-defensa-y-justicia_w416.webp\" srcset=\"https:\/\/media.tycsports.com\/files\/2024\/05\/11\/715849\/julio-vaccari-defensa-y-justicia_w416.webp 480w, https:\/\/media.tycsports.com\/files\/2024\/05\/11\/715849\/julio-vaccari-defensa-y-justicia_w862.webp 1080w\" alt=\"Julio Vaccari - Defensa y Justicia\" data-src=\"https:\/\/media.tycsports.com\/files\/2024\/05\/11\/715849\/julio-vaccari-defensa-y-justicia_w416.webp\" data-srcset=\"https:\/\/media.tycsports.com\/files\/2024\/05\/11\/715849\/julio-vaccari-defensa-y-justicia_w416.webp 480w, https:\/\/media.tycsports.com\/files\/2024\/05\/11\/715849\/julio-vaccari-defensa-y-justicia_w862.webp 1080w\" \/><figcaption>Julio Vaccari durante su paso por Defensa y Justicia. (Fotobaires)<\/figcaption><\/figure>\n<p>&nbsp;<\/p>\n<h2>Los n\u00fameros del ciclo de Carlos Tevez en Independiente<\/h2>\n<p>Desde agosto de 2023, el Apache dirigi\u00f3 al Rojo en 31 partidos.\u00a0En total, gan\u00f3 14, empat\u00f3 11 y perdi\u00f3 6: una eficacia del 56,9 %. Tras la salida de Ricardo Zielinski, el entrenador asumi\u00f3 en un contexto muy complejo, con el equipo muy comprometido en la lucha por la permanencia en Primera Divisi\u00f3n.\u00a0Carlitos revirti\u00f3 la historia y sum\u00f3 un buen colch\u00f3n de puntos que ilusion\u00f3 a los fan\u00e1ticos. El equipo fue muy irregular: por momentos representaba el paladar del hincha y en otros se derrumbaba futbol\u00edsticamente. Adem\u00e1s, su etapa est\u00e1 marcada por\u00a0las dos dolorosas eliminaciones consecutivas en la fase regular del torneo local (por muy poco y en la \u00faltima fecha).<\/p>\n<p>&nbsp;<\/p>\n<figure class=\"w-100\"><img decoding=\"async\" title=\"tevez dominico\" src=\"https:\/\/media.tycsports.com\/files\/2024\/04\/17\/704889\/tevez-dominico_w416.webp\" srcset=\"https:\/\/media.tycsports.com\/files\/2024\/04\/17\/704889\/tevez-dominico_w416.webp 480w, https:\/\/media.tycsports.com\/files\/2024\/04\/17\/704889\/tevez-dominico_w862.webp 1080w\" alt=\"tevez dominico\" data-src=\"https:\/\/media.tycsports.com\/files\/2024\/04\/17\/704889\/tevez-dominico_w416.webp\" data-srcset=\"https:\/\/media.tycsports.com\/files\/2024\/04\/17\/704889\/tevez-dominico_w416.webp 480w, https:\/\/media.tycsports.com\/files\/2024\/04\/17\/704889\/tevez-dominico_w862.webp 1080w\" \/><figcaption>Carlos Tevez\u00a0 no seguir\u00e1 en Independiente.<\/figcaption><\/figure>\n<p>&nbsp;<\/p>\n<h2><\/h2>\n<p>Carlos Tevez\u00a0disput\u00f3 dos cl\u00e1sicos de Avellaneda con\u00a0Independiente:\u00a0gan\u00f3 de visitante y perdi\u00f3 de local.\u00a0En su primer encuentro,\u00a0el Rojo se impuso por 2-0 a Racing en el Cilindro,\u00a0en septiembre de 2023, en el encuentro que\u00a0le puso fin al ciclo de Fernando Gago.\u00a0En el \u00faltimo cruce,\u00a0el equipo de Gustavo Costas gan\u00f3 por 1-0 en el Libertadores de Am\u00e9rica.<\/p>\n<p><img loading=\"lazy\" decoding=\"async\" class=\"alignnone size-medium wp-image-9466\" src=\"https:\/\/www.sportchaco.com.ar\/wp-content\/uploads\/2024\/05\/Nachec1-300x600-1-150x300.gif\" alt=\"\" width=\"150\" height=\"300\" \/><\/p>\n","protected":false},"excerpt":{"rendered":"<p>17\/05\/2024\u00a0 El director t\u00e9cnico ya le comunic\u00f3 al presidente N\u00e9stor Grindetti que dar\u00e1 un paso al costado tras el duelo del domingo ante Platense. Fuente TyC Sports Carlos Tevez dejar\u00e1 de ser el director t\u00e9cnico de Independiente. (Gustavo Garello\/Jam Media\/Getty Images) Cuando las aguas parec\u00edan haberse calmado un poco, una bomba sacudi\u00f3 al mundo\u00a0Independiente\u00a0en la &hellip;<\/p>\n","protected":false},"author":2,"featured_media":9521,"comment_status":"open","ping_status":"open","sticky":false,"template":"","format":"standard","meta":{"footnotes":""},"categories":[47],"tags":[],"class_list":["post-9519","post","type-post","status-publish","format-standard","has-post-thumbnail","hentry","category-nacionales"],"_links":{"self":[{"href":"https:\/\/www.sportchaco.com.ar\/index.php?rest_route=\/wp\/v2\/posts\/9519","targetHints":{"allow":["GET"]}}],"collection":[{"href":"https:\/\/www.sportchaco.com.ar\/index.php?rest_route=\/wp\/v2\/posts"}],"about":[{"href":"https:\/\/www.sportchaco.com.ar\/index.php?rest_route=\/wp\/v2\/types\/post"}],"author":[{"embeddable":true,"href":"https:\/\/www.sportchaco.com.ar\/index.php?rest_route=\/wp\/v2\/users\/2"}],"replies":[{"embeddable":true,"href":"https:\/\/www.sportchaco.com.ar\/index.php?rest_route=%2Fwp%2Fv2%2Fcomments&post=9519"}],"version-history":[{"count":2,"href":"https:\/\/www.sportchaco.com.ar\/index.php?rest_route=\/wp\/v2\/posts\/9519\/revisions"}],"predecessor-version":[{"id":9522,"href":"https:\/\/www.sportchaco.com.ar\/index.php?rest_route=\/wp\/v2\/posts\/9519\/revisions\/9522"}],"wp:featuredmedia":[{"embeddable":true,"href":"https:\/\/www.sportchaco.com.ar\/index.php?rest_route=\/wp\/v2\/media\/9521"}],"wp:attachment":[{"href":"https:\/\/www.sportchaco.com.ar\/index.php?rest_route=%2Fwp%2Fv2%2Fmedia&parent=9519"}],"wp:term":[{"taxonomy":"category","embeddable":true,"href":"https:\/\/www.sportchaco.com.ar\/index.php?rest_route=%2Fwp%2Fv2%2Fcategories&post=9519"},{"taxonomy":"post_tag","embeddable":true,"href":"https:\/\/www.sportchaco.com.ar\/index.php?rest_route=%2Fwp%2Fv2%2Ftags&post=9519"}],"curies":[{"name":"wp","href":"https:\/\/api.w.org\/{rel}","templated":true}]}}