{"id":9550,"date":"2024-05-17T23:29:48","date_gmt":"2024-05-18T02:29:48","guid":{"rendered":"https:\/\/www.sportchaco.com.ar\/?p=9550"},"modified":"2024-05-17T23:29:48","modified_gmt":"2024-05-18T02:29:48","slug":"benedetto-de-cumple-no-viaja-a-santiago-del-estero","status":"publish","type":"post","link":"https:\/\/www.sportchaco.com.ar\/?p=9550","title":{"rendered":"Benedetto de cumple no viaja a Santiago del Estero"},"content":{"rendered":"<h1><span style=\"font-size: 16px; font-weight: 400;\">17\/05\/2024<\/span><\/h1>\n<p class=\"description\"><strong>Despu\u00e9s de los festejos de cumplea\u00f1os del Pipa el jueves por la noche, ambos futbolistas no entrenaron el viernes y fueron enviados de regreso a sus casas. Para colmo, no fueron citados vs. Central C\u00f3rdoba. Fuente TyC Sports<\/strong><\/p>\n<div class=\"article-info\">\n<div class=\"article-info-left\">\n<div class=\"article-autor-info\">\n<div class=\"article-autor-name\"><\/div>\n<\/div>\n<\/div>\n<\/div>\n<figure class=\"rat16x9\"><\/figure>\n<p class=\"capital\"><span style=\"color: #000000;\">Despu\u00e9s de lo que fue el duro golpe del empate con sabor a derrota ante\u00a0Fortaleza\u00a0en la\u00a0Copa Sudamericana\u00a0y en la antesala de lo que ser\u00e1 el duelo ante\u00a0Central C\u00f3rdoba (SdE)\u00a0por la\u00a0Liga Profesional,\u00a0<a style=\"color: #000000;\" href=\"https:\/\/www.tycsports.com\/boca-juniors\/boca-convocados-vs-central-cordoba-juveniles-ausencias-de-peso-id585396.html\" target=\"_blank\" rel=\"noopener\">el plantel de\u00a0<\/a><a style=\"color: #000000;\" href=\"https:\/\/www.tycsports.com\/boca-juniors\/boca-convocados-vs-central-cordoba-juveniles-ausencias-de-peso-id585396.html\" target=\"_blank\" rel=\"noopener\">Boca<\/a><a style=\"color: #000000;\" href=\"https:\/\/www.tycsports.com\/boca-juniors\/boca-convocados-vs-central-cordoba-juveniles-ausencias-de-peso-id585396.html\" target=\"_blank\" rel=\"noopener\">\u00a0ya present\u00f3 su n\u00f3mina de citados para el viaje a Santiago del Estero<\/a>. Entre los convocados,\u00a0las ausencias de Dar\u00edo Benedetto\u00a0y\u00a0Norberto Briasco\u00a0sorprendieron a muchos, aunque la explicaci\u00f3n estar\u00eda en\u00a0un festejo de cumplea\u00f1os que deriv\u00f3 en que ambos jugadores no participen del entrenamiento del viernes y se vuelvan a sus casas.<\/span><\/p>\n<div class=\"watchto-wrap\">\n<div class=\"watchto\"><a class=\"imgwrap\" title=\"El rompecabezas que tendr\u00e1 Boca para rearmar la defensa ante Central C\u00f3rdoba\" href=\"https:\/\/www.tycsports.com\/boca-juniors\/el-rompecabezas-que-tendra-boca-para-rearmar-la-defensa-ante-central-cordoba-id584875.html\"><picture><source srcset=\"https:\/\/media.tycsports.com\/files\/2024\/05\/16\/717985\/martinez_267x150.webp\" media=\"(min-width: 721px)\" \/><source srcset=\"https:\/\/media.tycsports.com\/files\/2024\/05\/16\/717985\/martinez_267x356.webp?v=3\" media=\"(max-width: 721px)\" \/><img decoding=\"async\" src=\"https:\/\/media.tycsports.com\/files\/2024\/05\/16\/717985\/martinez_267x150.webp\" alt=\"Foto: El rompecabezas que tendr\u00e1 Boca para rearmar la defensa ante Central C\u00f3rdoba\" data-src=\"https:\/\/media.tycsports.com\/files\/2024\/05\/16\/717985\/martinez_267x150.webp\" \/><\/picture><\/a><\/p>\n<div class=\"watchto-text\"><\/div>\n<div class=\"watchto-btn-view\"><\/div>\n<\/div>\n<\/div>\n<p>Sabido es que\u00a0hoy es el cumplea\u00f1os del\u00a0Pipa, aunque el festejo se dio\u00a0en la noche del jueves, seg\u00fan comparti\u00f3 el propio delantero en sus redes sociales. All\u00ed, se pueden ver\u00a0varios videos y fotos de las celebraciones, en las que estuvieron presentes varios jugadores de Boca.<\/p>\n<figure class=\"w-100\"><img decoding=\"async\" title=\"Cumplea\u00f1os Benedetto \" src=\"https:\/\/media.tycsports.com\/files\/2024\/05\/17\/718747\/cumpleanos-benedetto-_w416.webp\" srcset=\"https:\/\/media.tycsports.com\/files\/2024\/05\/17\/718747\/cumpleanos-benedetto-_w416.webp 480w, https:\/\/media.tycsports.com\/files\/2024\/05\/17\/718747\/cumpleanos-benedetto-_w862.webp 1080w\" alt=\"Cumplea\u00f1os Benedetto \" data-src=\"https:\/\/media.tycsports.com\/files\/2024\/05\/17\/718747\/cumpleanos-benedetto-_w416.webp\" data-srcset=\"https:\/\/media.tycsports.com\/files\/2024\/05\/17\/718747\/cumpleanos-benedetto-_w416.webp 480w, https:\/\/media.tycsports.com\/files\/2024\/05\/17\/718747\/cumpleanos-benedetto-_w862.webp 1080w\" \/><figcaption>Equi Fern\u00e1ndez, Nicol\u00e1s Valentini y Cristian Lema, detr\u00e1s de Dar\u00edo Benedetto en su festejo de cumplea\u00f1os.<\/figcaption><\/figure>\n<p>Lo cierto es que\u00a0todos los que estuvieron presentes en el festejo participaron del entrenamiento del viernes en Boca Predio, a excepci\u00f3n de Benedetto y Briasco, quienes fueron\u00a0enviados de regreso a sus casas y no fueron citados para el partido del domingo.<\/p>\n<section class=\"fluidMedia\">\n<div id=\"video-genoa-718741\" class=\"player-nota-wrapper genoa-async lazycontainer\" data-contentid=\"1620702\" data-share=\"https:\/\/www.tycsports.com\/boca-juniors\/de-la-fiesta-a-no-concentrar-en-boca-que-paso-con-benedetto-y-briasco-id585412.html\">\n<div class=\"player-nota-overlay\">\n<h3>De la fiesta a no concentrar en Boca:<\/h3>\n<h3>qu\u00e9 pas\u00f3 con Benedetto y Briasco<\/h3>\n<\/div>\n<\/div>\n<\/section>\n<p><span style=\"color: #000000;\">En las \u00faltimas horas,\u00a0varios videos del festejo fueron viralizados\u00a0y se puede ver como jugadores como\u00a0<i>Equi\u00a0<\/i>Fern\u00e1ndez y Nicol\u00e1s Valentini\u00a0estuvieron en el cumplea\u00f1os, aunque en el caso del mediocampista -ya que el defensor sigue apartado-,\u00a0no existieron inconvenientes a la hora de participar del entrenamiento. Los defensores\u00a0Marcos Rojo\u00a0y\u00a0Cristian Lema\u00a0tambi\u00e9n fueron grabados en los festejos, aunque cabe mencionar que,\u00a0<a style=\"color: #000000;\" href=\"https:\/\/www.tycsports.com\/boca-juniors\/boca-rojo-benedetto-sportivo-trinidense-id582368.html\" target=\"_blank\" rel=\"noopener\">mientras el primero se recupera de una \u00ab<\/a><i><a style=\"color: #000000;\" href=\"https:\/\/www.tycsports.com\/boca-juniors\/boca-rojo-benedetto-sportivo-trinidense-id582368.html\" target=\"_blank\" rel=\"noopener\">l<\/a><a style=\"color: #000000;\" href=\"https:\/\/www.tycsports.com\/boca-juniors\/boca-rojo-benedetto-sportivo-trinidense-id582368.html\" target=\"_blank\" rel=\"noopener\">esi\u00f3n muscular grado 2 en el isquiotibial izquierdo<\/a><\/i>\u00ab, el segundo se hizo\u00a0<a style=\"color: #000000;\" href=\"https:\/\/www.tycsports.com\/boca-juniors\/boca-cristian-lema-lesion-duda-central-cordoba-id585239.html\" target=\"_blank\" rel=\"noopener\">estudios este viernes que revelaron una\u00a0<\/a><a style=\"color: #000000;\" href=\"https:\/\/www.tycsports.com\/boca-juniors\/boca-cristian-lema-lesion-duda-central-cordoba-id585239.html\" target=\"_blank\" rel=\"noopener\">distensi\u00f3n muscular<\/a><a style=\"color: #000000;\" href=\"https:\/\/www.tycsports.com\/boca-juniors\/boca-cristian-lema-lesion-duda-central-cordoba-id585239.html\" target=\"_blank\" rel=\"noopener\">.<\/a><\/span><\/p>\n<section class=\"fluidMedia\">\n<div id=\"video-genoa-718742\" class=\"player-nota-wrapper genoa-async lazycontainer\" data-contentid=\"1620703\" data-share=\"https:\/\/www.tycsports.com\/boca-juniors\/de-la-fiesta-a-no-concentrar-en-boca-que-paso-con-benedetto-y-briasco-id585412.html\">\n<div class=\"player-nota-overlay\">\n<h3>Marcos Rojo y Cristian Lema, presentes en el cumplea\u00f1os de Dar\u00edo Benedetto<\/h3>\n<\/div>\n<\/div>\n<\/section>\n<p>&nbsp;<\/p>\n<h2>Los convocados para enfrentar a Central C\u00f3rdoba (SdE)<\/h2>\n<p>&nbsp;<\/p>\n<p>Al margen de la situaci\u00f3n de\u00a0<b>Dar\u00edo Benedetto<\/b>\u00a0y\u00a0<b>Norberto Briasco<\/b>, lo cierto es que\u00a0<b>Diego Mart\u00ednez<\/b>\u00a0tendr\u00e1 que armar un verdadero rompecabezas en defensa ante\u00a0<b>la gran cantidad de jugadores lesionados que tiene Boca en ese sector del campo de juego<\/b>. As\u00ed, no debe sorprender que\u00a0<b>la lista de convocados presente a varios nombres inesperados provenientes de la Reserva del club<\/b>.<\/p>\n<p>Los juveniles\u00a0<b>Mateo Mend\u00eda<\/b>\u00a0y\u00a0<b>Ariel Molas<\/b>\u00a0son las dos novedades en defensa, ante las ausencias de\u00a0<b>Nicol\u00e1s Figal, Marcos Rojo y Cristian Lema<\/b>. El primero de ellos\u00a0<b>seguramente sea titular junto a Lautaro Di Lollo<\/b>, mientas que Molas -quien firm\u00f3 su contrato esta misma semana-, ser\u00e1 el suplente.<\/p>\n<p>Con\u00a0<b>Edinson Cavani<\/b>\u00a0afuera para descansar y la ausencia antes mencionada de Benedetto, Mart\u00ednez\u00a0<b>decidi\u00f3 incluir a dos puntas de la Reserva que comanda Mariano Herr\u00f3n: Iker Zufiaurre<\/b>\u00a0-que debut\u00f3 ante\u00a0<b>Nacional de Potos\u00ed<\/b>&#8211;<b>\u00a0e Ignacio Rodr\u00edguez<\/b>\u00a0-goleador de la Tercera-.<\/p>\n<p>&nbsp;<\/p>\n<figure class=\"w-100\"><img decoding=\"async\" title=\"convocados Boca\" src=\"https:\/\/media.tycsports.com\/files\/2024\/05\/17\/718722\/convocados-boca_w416.webp\" srcset=\"https:\/\/media.tycsports.com\/files\/2024\/05\/17\/718722\/convocados-boca_w416.webp 480w, https:\/\/media.tycsports.com\/files\/2024\/05\/17\/718722\/convocados-boca_w862.webp 1080w\" alt=\"convocados Boca\" data-src=\"https:\/\/media.tycsports.com\/files\/2024\/05\/17\/718722\/convocados-boca_w416.webp\" data-srcset=\"https:\/\/media.tycsports.com\/files\/2024\/05\/17\/718722\/convocados-boca_w416.webp 480w, https:\/\/media.tycsports.com\/files\/2024\/05\/17\/718722\/convocados-boca_w862.webp 1080w\" \/><\/figure>\n<p>Junto a ellos tambi\u00e9n viajar\u00e1\u00a0<b>Juan Cruz Payal<\/b>, volante ofensivo que es una pieza fija en Reserva, y reaparece\u00a0<b>Juan Ram\u00edrez<\/b>, que no ven\u00eda siendo parte de los convocados y su destino parece estar fuera de La Ribera m\u00e1s all\u00e1 de junio.<\/p>\n<p>Adem\u00e1s de los mencionados, afuera de la n\u00f3mina quedaron\u00a0<b>Ezequiel Bullaude<\/b>, que terminar\u00e1 su pr\u00e9stamo a mitad de a\u00f1o y ya no es considerado,\u00a0<b>Cristian Medina<\/b>, que sufri\u00f3 una contusi\u00f3n pulmonar ante los brasile\u00f1os, y los dem\u00e1s lesionados:\u00a0<b>Lema<\/b>,\u00a0<b>Marcos<\/b>\u00a0<b>Rojo<\/b>,\u00a0<b>Aaron Anselmino<\/b>\u00a0y\u00a0<b>Nicol\u00e1s Figal<\/b>. En tanto,\u00a0<b>Nicol\u00e1s Valentini contin\u00faa marginado por no haber aceptado la propuesta para renovar su contrato.<\/b><\/p>\n<p>&nbsp;<\/p>\n<p><img loading=\"lazy\" decoding=\"async\" class=\"wp-image-9548 aligncenter\" src=\"https:\/\/www.sportchaco.com.ar\/wp-content\/uploads\/2024\/05\/gob-marzo-2-apaisado-fumigo-300x29.jpg\" alt=\"\" width=\"372\" height=\"36\" srcset=\"https:\/\/www.sportchaco.com.ar\/wp-content\/uploads\/2024\/05\/gob-marzo-2-apaisado-fumigo-300x29.jpg 300w, https:\/\/www.sportchaco.com.ar\/wp-content\/uploads\/2024\/05\/gob-marzo-2-apaisado-fumigo-768x74.jpg 768w, https:\/\/www.sportchaco.com.ar\/wp-content\/uploads\/2024\/05\/gob-marzo-2-apaisado-fumigo.jpg 940w\" sizes=\"auto, (max-width: 372px) 100vw, 372px\" \/><\/p>\n","protected":false},"excerpt":{"rendered":"<p>17\/05\/2024 Despu\u00e9s de los festejos de cumplea\u00f1os del Pipa el jueves por la noche, ambos futbolistas no entrenaron el viernes y fueron enviados de regreso a sus casas. Para colmo, no fueron citados vs. Central C\u00f3rdoba. Fuente TyC Sports Despu\u00e9s de lo que fue el duro golpe del empate con sabor a derrota ante\u00a0Fortaleza\u00a0en la\u00a0Copa &hellip;<\/p>\n","protected":false},"author":2,"featured_media":9551,"comment_status":"open","ping_status":"open","sticky":false,"template":"","format":"standard","meta":{"footnotes":""},"categories":[47],"tags":[],"class_list":["post-9550","post","type-post","status-publish","format-standard","has-post-thumbnail","hentry","category-nacionales"],"_links":{"self":[{"href":"https:\/\/www.sportchaco.com.ar\/index.php?rest_route=\/wp\/v2\/posts\/9550","targetHints":{"allow":["GET"]}}],"collection":[{"href":"https:\/\/www.sportchaco.com.ar\/index.php?rest_route=\/wp\/v2\/posts"}],"about":[{"href":"https:\/\/www.sportchaco.com.ar\/index.php?rest_route=\/wp\/v2\/types\/post"}],"author":[{"embeddable":true,"href":"https:\/\/www.sportchaco.com.ar\/index.php?rest_route=\/wp\/v2\/users\/2"}],"replies":[{"embeddable":true,"href":"https:\/\/www.sportchaco.com.ar\/index.php?rest_route=%2Fwp%2Fv2%2Fcomments&post=9550"}],"version-history":[{"count":1,"href":"https:\/\/www.sportchaco.com.ar\/index.php?rest_route=\/wp\/v2\/posts\/9550\/revisions"}],"predecessor-version":[{"id":9552,"href":"https:\/\/www.sportchaco.com.ar\/index.php?rest_route=\/wp\/v2\/posts\/9550\/revisions\/9552"}],"wp:featuredmedia":[{"embeddable":true,"href":"https:\/\/www.sportchaco.com.ar\/index.php?rest_route=\/wp\/v2\/media\/9551"}],"wp:attachment":[{"href":"https:\/\/www.sportchaco.com.ar\/index.php?rest_route=%2Fwp%2Fv2%2Fmedia&parent=9550"}],"wp:term":[{"taxonomy":"category","embeddable":true,"href":"https:\/\/www.sportchaco.com.ar\/index.php?rest_route=%2Fwp%2Fv2%2Fcategories&post=9550"},{"taxonomy":"post_tag","embeddable":true,"href":"https:\/\/www.sportchaco.com.ar\/index.php?rest_route=%2Fwp%2Fv2%2Ftags&post=9550"}],"curies":[{"name":"wp","href":"https:\/\/api.w.org\/{rel}","templated":true}]}}