{"id":9555,"date":"2024-05-18T16:50:19","date_gmt":"2024-05-18T19:50:19","guid":{"rendered":"https:\/\/www.sportchaco.com.ar\/?p=9555"},"modified":"2024-05-18T16:50:19","modified_gmt":"2024-05-18T19:50:19","slug":"con-una-duda-for-ever-visita-a-el-lider-colon-en-el-cementerio-de-los-elefantes","status":"publish","type":"post","link":"https:\/\/www.sportchaco.com.ar\/?p=9555","title":{"rendered":"Con una duda, For Ever visita a el l\u00edder Col\u00f3n en el \u00abcementerio de los elefantes\u00bb"},"content":{"rendered":"<p><strong>18-05-2024<\/strong><\/p>\n<p><img loading=\"lazy\" decoding=\"async\" class=\" wp-image-9548 aligncenter\" src=\"https:\/\/www.sportchaco.com.ar\/wp-content\/uploads\/2024\/05\/gob-marzo-2-apaisado-fumigo-300x29.jpg\" alt=\"\" width=\"352\" height=\"34\" srcset=\"https:\/\/www.sportchaco.com.ar\/wp-content\/uploads\/2024\/05\/gob-marzo-2-apaisado-fumigo-300x29.jpg 300w, https:\/\/www.sportchaco.com.ar\/wp-content\/uploads\/2024\/05\/gob-marzo-2-apaisado-fumigo-768x74.jpg 768w, https:\/\/www.sportchaco.com.ar\/wp-content\/uploads\/2024\/05\/gob-marzo-2-apaisado-fumigo.jpg 940w\" sizes=\"auto, (max-width: 352px) 100vw, 352px\" \/><\/p>\n<p>For Ever visitar\u00e1 a Col\u00f3n de Santa Fe este domingo desde las 15:45 horas en el partido v\u00e1lido por la 16\u00aa fecha de la zona B de la Primera Nacional.<\/p>\n<p>El equipo de Ra\u00fal Valdez se mide ante el l\u00edder del grupo con el objetivo de sumar y conseguir su primer triunfo fuera de Resistencia.<\/p>\n<p>Desde lo futbol\u00edstico, el DT mantiene una duda en la mitad de cancha. La duda es si le mantiene la titularidad a Daniel Gonz\u00e1lez o se mete en el equipo Javier Iritier, quien se recuper\u00f3 de su dolencia y vuelve a ser considerado tras su ausencia en el \u00faltimo partido que fue empate ante Almirante Brown en el \u00abgigante\u00bb de la avenida.<\/p>\n<p>Por parte del \u00absabalero\u00bb, viene de caer ante Defensores de Belgrano, uno de sus escoltas, y sum\u00f3 su segunda derrota en el a\u00f1o, ambas de visitante. Iv\u00e1n Delfino, DT de Col\u00f3n, utilizar\u00eda el mismo \u00ab11\u00bb que cay\u00f3 ante el \u00abdrag\u00f3n\u00bb.<\/p>\n<p>Ser\u00e1 el duelo n\u00famero 16 entre chaque\u00f1os y santafesinos, donde el \u00abnegro\u00bb manda el historial con 8 triunfos, hay dos empates y 5 victorias \u00absabaleras\u00bb. Aunque en Santa Fe, For Ever gan\u00f3 una sola vez hasta aqu\u00ed.<\/p>\n<p><strong>Probables formaciones<\/strong><br \/>\n<strong>COL\u00d3N: <\/strong>Manuel Vicentini; Ezequiel Herrera, Paolo Goltz, Hern\u00e1n L\u00f3pes y Facundo Castet; Federico Jourdan, Sebasti\u00e1n Prediger, Braian Guille y Ignacio Lago; Nicol\u00e1s Talpone y Javier Toledo. <strong>DT:<\/strong> Iv\u00e1n Delfino.<br \/>\n<strong>FOR EVER:<\/strong> Gast\u00f3n Canuto; Agust\u00edn Bellone, David Valdez, Milton Leyendeker y Mathias Silvera; Brian Nievas, Santiago Valenzuela y Daniel Gonz\u00e1lez o Javier Iritier; Gonzalo Ca\u00f1ete, Genaro Rossi y Gast\u00f3n Novero. <strong>DT:<\/strong> Ra\u00fal Valdez.<br \/>\n<strong>\u00c1rbitro:<\/strong> Hern\u00e1n Mastr\u00e1ngelo. <strong>Asistentes:<\/strong> Gabriel Chade y Gonzalo Ferrari. <strong>Cuarto \u00e1rbitro:<\/strong> Guillermo Gonz\u00e1lez. <strong>Estadio: <\/strong>\u00abBrigadier General Estanislao L\u00f3pez\u00bb, de Col\u00f3n. <strong>Hora:<\/strong> 15:45. <strong>TV:<\/strong> TyC Sports.<\/p>\n<p><img loading=\"lazy\" decoding=\"async\" class=\"size-medium wp-image-9489 aligncenter\" src=\"https:\/\/www.sportchaco.com.ar\/wp-content\/uploads\/2024\/05\/gob-sube-marzo-24-2-300x300.jpeg\" alt=\"\" width=\"300\" height=\"300\" srcset=\"https:\/\/www.sportchaco.com.ar\/wp-content\/uploads\/2024\/05\/gob-sube-marzo-24-2-300x300.jpeg 300w, https:\/\/www.sportchaco.com.ar\/wp-content\/uploads\/2024\/05\/gob-sube-marzo-24-2-1024x1024.jpeg 1024w, https:\/\/www.sportchaco.com.ar\/wp-content\/uploads\/2024\/05\/gob-sube-marzo-24-2-150x150.jpeg 150w, https:\/\/www.sportchaco.com.ar\/wp-content\/uploads\/2024\/05\/gob-sube-marzo-24-2-768x768.jpeg 768w, https:\/\/www.sportchaco.com.ar\/wp-content\/uploads\/2024\/05\/gob-sube-marzo-24-2.jpeg 1080w\" sizes=\"auto, (max-width: 300px) 100vw, 300px\" \/><\/p>\n","protected":false},"excerpt":{"rendered":"<p>18-05-2024 For Ever visitar\u00e1 a Col\u00f3n de Santa Fe este domingo desde las 15:45 horas en el partido v\u00e1lido por la 16\u00aa fecha de la zona B de la Primera Nacional. El equipo de Ra\u00fal Valdez se mide ante el l\u00edder del grupo con el objetivo de sumar y conseguir su primer triunfo fuera de &hellip;<\/p>\n","protected":false},"author":3,"featured_media":9556,"comment_status":"open","ping_status":"open","sticky":false,"template":"","format":"standard","meta":{"footnotes":""},"categories":[5],"tags":[],"class_list":["post-9555","post","type-post","status-publish","format-standard","has-post-thumbnail","hentry","category-futbol"],"_links":{"self":[{"href":"https:\/\/www.sportchaco.com.ar\/index.php?rest_route=\/wp\/v2\/posts\/9555","targetHints":{"allow":["GET"]}}],"collection":[{"href":"https:\/\/www.sportchaco.com.ar\/index.php?rest_route=\/wp\/v2\/posts"}],"about":[{"href":"https:\/\/www.sportchaco.com.ar\/index.php?rest_route=\/wp\/v2\/types\/post"}],"author":[{"embeddable":true,"href":"https:\/\/www.sportchaco.com.ar\/index.php?rest_route=\/wp\/v2\/users\/3"}],"replies":[{"embeddable":true,"href":"https:\/\/www.sportchaco.com.ar\/index.php?rest_route=%2Fwp%2Fv2%2Fcomments&post=9555"}],"version-history":[{"count":1,"href":"https:\/\/www.sportchaco.com.ar\/index.php?rest_route=\/wp\/v2\/posts\/9555\/revisions"}],"predecessor-version":[{"id":9557,"href":"https:\/\/www.sportchaco.com.ar\/index.php?rest_route=\/wp\/v2\/posts\/9555\/revisions\/9557"}],"wp:featuredmedia":[{"embeddable":true,"href":"https:\/\/www.sportchaco.com.ar\/index.php?rest_route=\/wp\/v2\/media\/9556"}],"wp:attachment":[{"href":"https:\/\/www.sportchaco.com.ar\/index.php?rest_route=%2Fwp%2Fv2%2Fmedia&parent=9555"}],"wp:term":[{"taxonomy":"category","embeddable":true,"href":"https:\/\/www.sportchaco.com.ar\/index.php?rest_route=%2Fwp%2Fv2%2Fcategories&post=9555"},{"taxonomy":"post_tag","embeddable":true,"href":"https:\/\/www.sportchaco.com.ar\/index.php?rest_route=%2Fwp%2Fv2%2Ftags&post=9555"}],"curies":[{"name":"wp","href":"https:\/\/api.w.org\/{rel}","templated":true}]}}