{"id":9563,"date":"2024-05-18T17:05:02","date_gmt":"2024-05-18T20:05:02","guid":{"rendered":"https:\/\/www.sportchaco.com.ar\/?p=9563"},"modified":"2024-05-18T17:05:02","modified_gmt":"2024-05-18T20:05:02","slug":"formula-2-franco-colapinto-hizo-historia","status":"publish","type":"post","link":"https:\/\/www.sportchaco.com.ar\/?p=9563","title":{"rendered":"F\u00f3rmula 2: Franco Colapinto hizo historia"},"content":{"rendered":"<div class=\"section-2-col article-header\">\n<div class=\"col 2-col\">\n<h1><\/h1>\n<\/div>\n<p>&nbsp;<\/p>\n<div class=\"col 2-col\">\n<h6 class=\"h3 ff-20px-w400\">El piloto argentino de la academia Williams\u00a0se sube por primera vez a lo m\u00e1s alto del podio luego de transitar resultados dispares en las seis carreras previas.<\/h6>\n<div class=\"author\">\n<div class=\"author-inner\"><\/div>\n<\/div>\n<\/div>\n<\/div>\n<div class=\"section-2-col article-main-image\">\n<div class=\"col 1-col hide-on-mobile\">\n<div class=\"article-info \">\n<div class=\"sidebar-separator\">\n<div class=\"date modification-date ff-14px\"><\/div>\n<\/div>\n<\/div>\n<\/div>\n<div class=\"col 2-col\">\n<div class=\"article-main-media-image__container\">\n<div class=\"image-wrapper\">\n<figure>\n<figure class=\"object-fit-block--contain intrinsic-container intrinsic-container-3x2\"><\/figure><figcaption><\/figcaption><\/figure>\n<\/div>\n<\/div>\n<\/div>\n<\/div>\n<div class=\"section-2-col article-main-content\">\n<div class=\"col 1-col cxense-articles\"><\/div>\n<div class=\"col 2-col\">\n<div class=\"article-main-content article-text  \">\n<p>El\u00a0<b>piloto argentino de la academia Williams, Franco Colapinto<\/b>, hizo historia y gan\u00f3 la\u00a0<b>carrera sprint<\/b>\u00a0en el\u00a0<b>Gran Premio de Imola<\/b>, con un final incre\u00edble en la \u00faltima vuelta.<\/p>\n<p>En la vuelta al ruedo de la categor\u00eda, el pilarense de 20 a\u00f1os consigui\u00f3 su primera victoria en F\u00f3rmula 2 pero lo que quedar\u00e1 seguramente en el compacto de sus mejores maniobras fue el sobrepaso que hizo en el giro final de la carrera Sprint del GP de Imola para\u00a0<b>arrebatarle el primer lugar al estonio Paul Aron de Envision Racing<\/b>.<\/p>\n<p>La carrera comenz\u00f3 con un accidente en la segunda vuelta que tuvo como consecuencia el abandono de seis pilotos y, en ese momento, Colapinto cay\u00f3 al tercer lugar, atr\u00e1s del belga Amaury Cordeel, de Van Amersfoort Racing. A partir de ah\u00ed, el argentino se ubic\u00f3 en la segunda plaza por casi 20 vueltas.<\/p>\n<p>Entrada la \u00faltima vuelta, el pilarense se encontraba a medio segundo de Aron y, en la primer curva despu\u00e9s de la recta con el aler\u00f3n trasero m\u00f3vil, arriesg\u00f3 con una maniobra brillante por el lado de adentro y tras un paralelo en la siguiente curva logr\u00f3 alcanzar el primer lugar. Adem\u00e1s hizo el r\u00e9cord de vuelta, por lo que sum\u00f3 11 puntos.<\/p>\n<div id=\"talkFireEvent\"><\/div>\n<div class=\"slot-available\"><\/div>\n<h2>El mejor homenaje al Flaco Traverso a una semana de su muerte<\/h2>\n<p>Franco no solo llev\u00f3 el nombre de Juan Mar\u00eda Traverso en el monoplaza azul de MP Motorsport. Sino que lo conmemor\u00f3 con un brillante ataque sobre el corredor estonio de 20 a\u00f1os, al mejor estilo del Flaco.<\/p>\n<p>En un raid para el infarto, el argentino fue por afuera cuando ya quedaban los kil\u00f3metros finales y su contrincante mantuvo la postura a bordo del Hitech Pulse-Eight que comand\u00f3. Rueda a rueda, sin levantar el pie del acelerador, ambos mantuvieron un duelo electrizante que termin\u00f3 con el argentino por delante para celebrar segundos m\u00e1s tarde la victoria.<\/p>\n<p><b>Colapinto se sube por primera vez a lo m\u00e1s alto del podio en esta F\u00f3rmula 2, luego de transitar resultados dispares en las seis carreras previas.\u00a0<\/b>Hab\u00eda tenido malos rendimientos en las qualys de los tres primeros Grandes Premios, que lo obligaron a remontar desde atr\u00e1s.<\/p>\n<p>Hab\u00eda quedado 15\u00b0 en la clasificaci\u00f3n del GP de Sakhir en el arranque del calendario, luego fue 13\u00b0 en Jeddah y repiti\u00f3 ese lugar en el GP de Melbourne: firm\u00f3 un 4\u00b0 lugar en la Sprint de Australia, un 6\u00b0 lugar en la Feature de Bar\u00e9in, un 11\u00b0 en la Sprint de Arabia Saudita y un 18\u00b0 en la sprint de Sakhir. Luego tuvo un abandono en la Feature en Arabia Saudita y tambi\u00e9n fue excluido por reglamento en Australia.<\/p><\/div>\n<\/div>\n<\/div>\n<p>https:\/\/media.tycsports.com\/files\/2024\/05\/18\/718774\/colapinto_416x234.webp<\/p>\n<section class=\"fluidMedia\">\n<div id=\"video-genoa-718774\" class=\"player-nota-wrapper genoa-async lazycontainer\" data-contentid=\"1620764\" data-share=\"https:\/\/www.tycsports.com\/automovilismo\/franco-colapinto-en-la-f2-en-imola-horario-de-la-carrera-y-donde-ver-en-vivo-id584495.html\"><img loading=\"lazy\" decoding=\"async\" class=\"\" src=\"https:\/\/media.tycsports.com\/files\/2024\/05\/18\/718774\/colapinto_416x234.webp\" alt=\"La maniobra de Colapinto para ganar\" width=\"894\" height=\"503\" data-src=\"https:\/\/media.tycsports.com\/files\/2024\/05\/18\/718774\/colapinto_416x234.webp\" \/><\/div>\n<\/section>\n<div class=\"watchto-wrap\">\n<div class=\"watchto\"><a class=\"imgwrap\" title=\"Calendario F2 2024: resultados y las fechas de cada GP\" href=\"https:\/\/www.tycsports.com\/automovilismo\/calendario-f2-2024-cuando-empieza-y-las-fechas-de-cada-gp-id567220.html\"><picture><source srcset=\"https:\/\/media.tycsports.com\/files\/2024\/03\/08\/687694\/franco-colapinto_267x150.webp?v=1\" media=\"(min-width: 721px)\" \/><source srcset=\"https:\/\/media.tycsports.com\/files\/2024\/03\/08\/687694\/franco-colapinto_267x356.webp\" media=\"(max-width: 721px)\" \/><img decoding=\"async\" src=\"https:\/\/media.tycsports.com\/files\/2024\/03\/08\/687694\/franco-colapinto_267x150.webp?v=1\" alt=\"Foto: Calendario F2 2024: resultados y las fechas de cada GP\" data-src=\"https:\/\/media.tycsports.com\/files\/2024\/03\/08\/687694\/franco-colapinto_267x150.webp?v=1\" \/><\/picture><\/a><\/p>\n<div class=\"watchto-text\"><\/div>\n<\/div>\n<\/div>\n<section class=\"lbp-wrap\">\n<div class=\"lbp-item\">\n<div class=\"lbp-item-time\"><\/div>\n<h2 id=\"lbp_a0\">Suena el himno argentino en el podio<\/h2>\n<\/div>\n<\/section>\n<p>https:\/\/media.tycsports.com\/files\/2024\/05\/18\/718779\/himno-argentino-en-el-podio_416x234.webp<\/p>\n<p>&nbsp;<\/p>\n<p><img loading=\"lazy\" decoding=\"async\" class=\"alignnone size-medium wp-image-9548 aligncenter\" src=\"https:\/\/www.sportchaco.com.ar\/wp-content\/uploads\/2024\/05\/gob-marzo-2-apaisado-fumigo-300x29.jpg\" alt=\"\" width=\"300\" height=\"29\" srcset=\"https:\/\/www.sportchaco.com.ar\/wp-content\/uploads\/2024\/05\/gob-marzo-2-apaisado-fumigo-300x29.jpg 300w, https:\/\/www.sportchaco.com.ar\/wp-content\/uploads\/2024\/05\/gob-marzo-2-apaisado-fumigo-768x74.jpg 768w, https:\/\/www.sportchaco.com.ar\/wp-content\/uploads\/2024\/05\/gob-marzo-2-apaisado-fumigo.jpg 940w\" sizes=\"auto, (max-width: 300px) 100vw, 300px\" \/><\/p>\n","protected":false},"excerpt":{"rendered":"<p>&nbsp; El piloto argentino de la academia Williams\u00a0se sube por primera vez a lo m\u00e1s alto del podio luego de transitar resultados dispares en las seis carreras previas. El\u00a0piloto argentino de la academia Williams, Franco Colapinto, hizo historia y gan\u00f3 la\u00a0carrera sprint\u00a0en el\u00a0Gran Premio de Imola, con un final incre\u00edble en la \u00faltima vuelta. En &hellip;<\/p>\n","protected":false},"author":2,"featured_media":9564,"comment_status":"open","ping_status":"open","sticky":false,"template":"","format":"standard","meta":{"footnotes":""},"categories":[2],"tags":[],"class_list":["post-9563","post","type-post","status-publish","format-standard","has-post-thumbnail","hentry","category-automovilismo"],"_links":{"self":[{"href":"https:\/\/www.sportchaco.com.ar\/index.php?rest_route=\/wp\/v2\/posts\/9563","targetHints":{"allow":["GET"]}}],"collection":[{"href":"https:\/\/www.sportchaco.com.ar\/index.php?rest_route=\/wp\/v2\/posts"}],"about":[{"href":"https:\/\/www.sportchaco.com.ar\/index.php?rest_route=\/wp\/v2\/types\/post"}],"author":[{"embeddable":true,"href":"https:\/\/www.sportchaco.com.ar\/index.php?rest_route=\/wp\/v2\/users\/2"}],"replies":[{"embeddable":true,"href":"https:\/\/www.sportchaco.com.ar\/index.php?rest_route=%2Fwp%2Fv2%2Fcomments&post=9563"}],"version-history":[{"count":1,"href":"https:\/\/www.sportchaco.com.ar\/index.php?rest_route=\/wp\/v2\/posts\/9563\/revisions"}],"predecessor-version":[{"id":9565,"href":"https:\/\/www.sportchaco.com.ar\/index.php?rest_route=\/wp\/v2\/posts\/9563\/revisions\/9565"}],"wp:featuredmedia":[{"embeddable":true,"href":"https:\/\/www.sportchaco.com.ar\/index.php?rest_route=\/wp\/v2\/media\/9564"}],"wp:attachment":[{"href":"https:\/\/www.sportchaco.com.ar\/index.php?rest_route=%2Fwp%2Fv2%2Fmedia&parent=9563"}],"wp:term":[{"taxonomy":"category","embeddable":true,"href":"https:\/\/www.sportchaco.com.ar\/index.php?rest_route=%2Fwp%2Fv2%2Fcategories&post=9563"},{"taxonomy":"post_tag","embeddable":true,"href":"https:\/\/www.sportchaco.com.ar\/index.php?rest_route=%2Fwp%2Fv2%2Ftags&post=9563"}],"curies":[{"name":"wp","href":"https:\/\/api.w.org\/{rel}","templated":true}]}}