{"id":9568,"date":"2024-05-18T18:59:54","date_gmt":"2024-05-18T21:59:54","guid":{"rendered":"https:\/\/www.sportchaco.com.ar\/?p=9568"},"modified":"2024-05-18T23:44:29","modified_gmt":"2024-05-19T02:44:29","slug":"el-gobernador-zdero-recibio-al-circulo-de-periodistas-deportivos","status":"publish","type":"post","link":"https:\/\/www.sportchaco.com.ar\/?p=9568","title":{"rendered":"El gobernador Zdero recibi\u00f3 al C\u00edrculo de Periodistas Deportivos"},"content":{"rendered":"<p><strong>18-05-2024<\/strong><\/p>\n<p>El gobernador Leandro Zdero recibi\u00f3 en el mediod\u00eda del s\u00e1bado a miembros de comisi\u00f3n directiva del C\u00edrculo de Periodistas Deportivos del Chaco<strong>.<\/strong><\/p>\n<p>En el marco de una audiencia celebrada en el despacho del primer mandatario en casa de gobierno, estuvieron presentes el presidente de Loter\u00eda Chaque\u00f1a, Lucas Apud Mas\u00edn y el titular del Instituto del Deporte Chaque\u00f1o, Fabio V\u00e1zquez, mientras que la entidad que nuclea a los periodistas estuvo representada por Edison Omar Rodr\u00edguez (hijo) (vicepresidente), Juan Jos\u00e9 Godoy (secretario) y Carlos Bernasconi (vicepresidente de la Federaci\u00f3n Argentina de Periodistas Deportivos)<\/p>\n<p>El encuentro de car\u00e1cter protocolar sirvi\u00f3 para interiorizar a Zdero sobre las iniciativas llevadas adelante por el C\u00edrculo de Periodistas, la relaci\u00f3n mantenida hace a\u00f1os con la comunidad deportiva y los objetivos de los pr\u00f3ximos meses, adem\u00e1s de un evento que se encuentra en plena etapa de gesti\u00f3n y resta definir para concretarlo en nuestra capital. Se record\u00f3 que la entidad, reci\u00e9n cumpli\u00f3 51 a\u00f1os de vida institucional, cumpli\u00f3 otra de las metas con la puesta en marcha del dictado de la Tecnicatura Superior de Periodismo Deportivo tras firmar convenio de reciprocidad con la Unidad Educativa de Gesti\u00f3n Privada N\u00b0157, actualmente con 40 alumnos cursando las materias de la primera etapa.<br \/>\nDurante la amena conversaci\u00f3n, se abord\u00f3 el presente del deporte chaque\u00f1o en un contexto de complicaciones por el factor econ\u00f3mico, que tambi\u00e9n afecta a los dem\u00e1s sectores, sobre los programas a poner en marcha y el acompa\u00f1amiento a las instituciones impulsoras de las actividades deportivas en toda la provincia. Otra coincidencia fue la redoblar la inversi\u00f3n en infraestructura en la mayor\u00eda de los escenarios porque sirven de contenci\u00f3n y a los atletas para trabajar en mejores condiciones con la posibilidad de proyectarse mediante el logro de buenos resultados.<\/p>\n<p>Las partes se comprometieron a trabajar en conjunto apuntando a organizar capacitaciones destinadas a dirigentes, deportistas y periodistas. Por otra parte, la Fiesta Anual, organizada por el C\u00edrculo de Periodistas, prevista en el mes de diciembre, fue confirmada.<\/p>\n<p><img loading=\"lazy\" decoding=\"async\" class=\"size-medium wp-image-9569 aligncenter\" src=\"https:\/\/www.sportchaco.com.ar\/wp-content\/uploads\/2024\/05\/Circulo-18-05-24-300x200.jpg\" alt=\"\" width=\"300\" height=\"200\" srcset=\"https:\/\/www.sportchaco.com.ar\/wp-content\/uploads\/2024\/05\/Circulo-18-05-24-300x200.jpg 300w, https:\/\/www.sportchaco.com.ar\/wp-content\/uploads\/2024\/05\/Circulo-18-05-24-1024x682.jpg 1024w, https:\/\/www.sportchaco.com.ar\/wp-content\/uploads\/2024\/05\/Circulo-18-05-24-768x512.jpg 768w, https:\/\/www.sportchaco.com.ar\/wp-content\/uploads\/2024\/05\/Circulo-18-05-24-1536x1023.jpg 1536w, https:\/\/www.sportchaco.com.ar\/wp-content\/uploads\/2024\/05\/Circulo-18-05-24.jpg 1600w\" sizes=\"auto, (max-width: 300px) 100vw, 300px\" \/><\/p>\n<p><img loading=\"lazy\" decoding=\"async\" class=\"size-full wp-image-9571 aligncenter\" src=\"https:\/\/www.sportchaco.com.ar\/wp-content\/uploads\/2024\/05\/gob-salud-marzo-apaisado-2-1.gif\" alt=\"\" width=\"250\" height=\"250\" \/><\/p>\n","protected":false},"excerpt":{"rendered":"<p>18-05-2024 El gobernador Leandro Zdero recibi\u00f3 en el mediod\u00eda del s\u00e1bado a miembros de comisi\u00f3n directiva del C\u00edrculo de Periodistas Deportivos del Chaco. En el marco de una audiencia celebrada en el despacho del primer mandatario en casa de gobierno, estuvieron presentes el presidente de Loter\u00eda Chaque\u00f1a, Lucas Apud Mas\u00edn y el titular del Instituto &hellip;<\/p>\n","protected":false},"author":2,"featured_media":9570,"comment_status":"open","ping_status":"open","sticky":false,"template":"","format":"standard","meta":{"footnotes":""},"categories":[8],"tags":[],"class_list":["post-9568","post","type-post","status-publish","format-standard","has-post-thumbnail","hentry","category-sport-nea"],"_links":{"self":[{"href":"https:\/\/www.sportchaco.com.ar\/index.php?rest_route=\/wp\/v2\/posts\/9568","targetHints":{"allow":["GET"]}}],"collection":[{"href":"https:\/\/www.sportchaco.com.ar\/index.php?rest_route=\/wp\/v2\/posts"}],"about":[{"href":"https:\/\/www.sportchaco.com.ar\/index.php?rest_route=\/wp\/v2\/types\/post"}],"author":[{"embeddable":true,"href":"https:\/\/www.sportchaco.com.ar\/index.php?rest_route=\/wp\/v2\/users\/2"}],"replies":[{"embeddable":true,"href":"https:\/\/www.sportchaco.com.ar\/index.php?rest_route=%2Fwp%2Fv2%2Fcomments&post=9568"}],"version-history":[{"count":3,"href":"https:\/\/www.sportchaco.com.ar\/index.php?rest_route=\/wp\/v2\/posts\/9568\/revisions"}],"predecessor-version":[{"id":10221,"href":"https:\/\/www.sportchaco.com.ar\/index.php?rest_route=\/wp\/v2\/posts\/9568\/revisions\/10221"}],"wp:featuredmedia":[{"embeddable":true,"href":"https:\/\/www.sportchaco.com.ar\/index.php?rest_route=\/wp\/v2\/media\/9570"}],"wp:attachment":[{"href":"https:\/\/www.sportchaco.com.ar\/index.php?rest_route=%2Fwp%2Fv2%2Fmedia&parent=9568"}],"wp:term":[{"taxonomy":"category","embeddable":true,"href":"https:\/\/www.sportchaco.com.ar\/index.php?rest_route=%2Fwp%2Fv2%2Fcategories&post=9568"},{"taxonomy":"post_tag","embeddable":true,"href":"https:\/\/www.sportchaco.com.ar\/index.php?rest_route=%2Fwp%2Fv2%2Ftags&post=9568"}],"curies":[{"name":"wp","href":"https:\/\/api.w.org\/{rel}","templated":true}]}}