{"id":9597,"date":"2024-05-19T23:27:35","date_gmt":"2024-05-20T02:27:35","guid":{"rendered":"https:\/\/www.sportchaco.com.ar\/?p=9597"},"modified":"2024-05-19T23:27:21","modified_gmt":"2024-05-20T02:27:21","slug":"9597","status":"publish","type":"post","link":"https:\/\/www.sportchaco.com.ar\/?p=9597","title":{"rendered":"Efem\u00e9rides del 20 de mayo"},"content":{"rendered":"<p><strong>Esta es la Efem\u00e9rides del Deporte en el Chaco de un 20 de mayo del periodista Luis Dar\u00edo Molodezky.<\/strong><\/p>\n<p><img loading=\"lazy\" decoding=\"async\" class=\"alignnone size-medium wp-image-9598\" src=\"https:\/\/www.sportchaco.com.ar\/wp-content\/uploads\/2024\/05\/Molodezky-Luis-11-05-24-2-300x225.jpg\" alt=\"\" width=\"300\" height=\"225\" srcset=\"https:\/\/www.sportchaco.com.ar\/wp-content\/uploads\/2024\/05\/Molodezky-Luis-11-05-24-2-300x225.jpg 300w, https:\/\/www.sportchaco.com.ar\/wp-content\/uploads\/2024\/05\/Molodezky-Luis-11-05-24-2-1024x768.jpg 1024w, https:\/\/www.sportchaco.com.ar\/wp-content\/uploads\/2024\/05\/Molodezky-Luis-11-05-24-2-768x576.jpg 768w, https:\/\/www.sportchaco.com.ar\/wp-content\/uploads\/2024\/05\/Molodezky-Luis-11-05-24-2-1536x1153.jpg 1536w, https:\/\/www.sportchaco.com.ar\/wp-content\/uploads\/2024\/05\/Molodezky-Luis-11-05-24-2.jpg 1599w\" sizes=\"auto, (max-width: 300px) 100vw, 300px\" \/><\/p>\n<p>&nbsp;<\/p>\n<p>&nbsp;<\/p>\n<p><strong>1949 <\/strong>\/ Naci\u00f3 en Villa \u00c1ngela, Segundo Benicio Sosa, Kid Gallito. Fue campe\u00f3n argentino de los gallos. En su carrera gan\u00f3 61 peleas (28KO), perdi\u00f3 16 (6ko) y empat\u00f3 6 combates.<\/p>\n<p><strong>1977 <\/strong>\/ Naci\u00f3 en Resistencia el boxeador Javier Osvaldo \u00c1lvarez. Como profesional disput\u00f3 35 combates (16 KO), 8 derrotas (4 KO) y 1 empate. El 11 de febrero del 2005 gan\u00f3 el t\u00edtulo mundial UMB al vencer por KO en 6 asaltos a Michael G\u00f3mez, en Manchester (Inglaterra).<\/p>\n<p><strong>1979 <\/strong>\/ Jos\u00e9 de la Corte es consagrado presidente de Hind\u00fa Club. Lo acompa\u00f1an como vice Ricardo Molina, secretario \u00c1ngel Carballo, prosecretario C\u00e9sar Chiesa, secretario de actas Carlos Broner, tesorero Eduardo Ledesma y protesorero Nicanor Garc\u00eda. Bajo su mando el club tuvo un crecimiento extraordinario destac\u00e1ndose el polideportivo de la Nicol\u00e1s Avellaneda.<\/p>\n<p><strong>2000 <\/strong>\/ El equipo de Jos\u00e9 Mar\u00eda Paz (El Nacional), cosech\u00f3 su primer punto desde su incursi\u00f3n en la Liga Chaque\u00f1a de F\u00fatbol, m\u00e1s precisamente en la divisional \u201cB\u201d. El resultado final fue 3 a 3 y el rival de turno fue Defensores de Vilelas, en partido correspondiente a la quinta fecha de la categor\u00eda. As\u00ed form\u00f3 Jos\u00e9 Mar\u00eda Paz: Troisi; Trejo (St 39\u2019 Daniel Gim\u00e9nez), Guidini, Paiva y Guasti; Garc\u00eda Ojeda, Jorge Jim\u00e9nez (St 72\u2019 Esquivel) y Ricardone; Voiquevichi, Garc\u00eda Arias y Chait. D.T: Marcos Goicochea. Suplente: Gonz\u00e1lez. Los goles fueron convertidos por Paiva, Ricardone y Garc\u00eda Arias.<\/p>\n<p>&nbsp;<\/p>\n<p>&nbsp;<\/p>\n<p><strong>Foto portada con Jos\u00e9 de la Corte con el trofeo en sus manos<\/strong><\/p>\n<p><img loading=\"lazy\" decoding=\"async\" class=\"alignnone size-full wp-image-9591\" src=\"https:\/\/www.sportchaco.com.ar\/wp-content\/uploads\/2024\/05\/gob-salud-marzo-apaisado-2-2.gif\" alt=\"\" width=\"250\" height=\"250\" \/><\/p>\n","protected":false},"excerpt":{"rendered":"<p>Esta es la Efem\u00e9rides del Deporte en el Chaco de un 20 de mayo del periodista Luis Dar\u00edo Molodezky. &nbsp; &nbsp; 1949 \/ Naci\u00f3 en Villa \u00c1ngela, Segundo Benicio Sosa, Kid Gallito. Fue campe\u00f3n argentino de los gallos. En su carrera gan\u00f3 61 peleas (28KO), perdi\u00f3 16 (6ko) y empat\u00f3 6 combates. 1977 \/ Naci\u00f3 &hellip;<\/p>\n","protected":false},"author":2,"featured_media":9600,"comment_status":"open","ping_status":"open","sticky":false,"template":"","format":"standard","meta":{"footnotes":""},"categories":[45,35],"tags":[],"class_list":["post-9597","post","type-post","status-publish","format-standard","has-post-thumbnail","hentry","category-efemerides-dia-por-dia","category-mayo"],"_links":{"self":[{"href":"https:\/\/www.sportchaco.com.ar\/index.php?rest_route=\/wp\/v2\/posts\/9597","targetHints":{"allow":["GET"]}}],"collection":[{"href":"https:\/\/www.sportchaco.com.ar\/index.php?rest_route=\/wp\/v2\/posts"}],"about":[{"href":"https:\/\/www.sportchaco.com.ar\/index.php?rest_route=\/wp\/v2\/types\/post"}],"author":[{"embeddable":true,"href":"https:\/\/www.sportchaco.com.ar\/index.php?rest_route=\/wp\/v2\/users\/2"}],"replies":[{"embeddable":true,"href":"https:\/\/www.sportchaco.com.ar\/index.php?rest_route=%2Fwp%2Fv2%2Fcomments&post=9597"}],"version-history":[{"count":2,"href":"https:\/\/www.sportchaco.com.ar\/index.php?rest_route=\/wp\/v2\/posts\/9597\/revisions"}],"predecessor-version":[{"id":9629,"href":"https:\/\/www.sportchaco.com.ar\/index.php?rest_route=\/wp\/v2\/posts\/9597\/revisions\/9629"}],"wp:featuredmedia":[{"embeddable":true,"href":"https:\/\/www.sportchaco.com.ar\/index.php?rest_route=\/wp\/v2\/media\/9600"}],"wp:attachment":[{"href":"https:\/\/www.sportchaco.com.ar\/index.php?rest_route=%2Fwp%2Fv2%2Fmedia&parent=9597"}],"wp:term":[{"taxonomy":"category","embeddable":true,"href":"https:\/\/www.sportchaco.com.ar\/index.php?rest_route=%2Fwp%2Fv2%2Fcategories&post=9597"},{"taxonomy":"post_tag","embeddable":true,"href":"https:\/\/www.sportchaco.com.ar\/index.php?rest_route=%2Fwp%2Fv2%2Ftags&post=9597"}],"curies":[{"name":"wp","href":"https:\/\/api.w.org\/{rel}","templated":true}]}}