{"id":9602,"date":"2024-05-19T19:36:04","date_gmt":"2024-05-19T22:36:04","guid":{"rendered":"https:\/\/www.sportchaco.com.ar\/?p=9602"},"modified":"2024-05-19T19:37:01","modified_gmt":"2024-05-19T22:37:01","slug":"for-ever-perdio-en-la-casa-del-lider","status":"publish","type":"post","link":"https:\/\/www.sportchaco.com.ar\/?p=9602","title":{"rendered":"For Ever perdi\u00f3 en la casa del l\u00edder"},"content":{"rendered":"<hr \/>\n<p>Por la 16\u00b0 fecha de la zona B del campeonato de la Primera Nacional, For Ever cay\u00f3 en Santa Fe ante Col\u00f3n por 1 a 0. El \u00fanico gol lo marc\u00f3 Javier Toledo de penal. En la siguiente fecha, el \u00abnegro\u00bb recibir\u00e1 a Estudiantes de R\u00edo Cuarto.<\/p>\n<p>El partido tuvo un arranque de Col\u00f3n con protagonismo y tenencia de pelota. For Ever fue m\u00e1s ordenado y prolijo. La disputa se daba en la mitad de cancha.<\/p>\n<p>El \u00absabalero\u00bb tuvo las aproximaciones que la visita no consigui\u00f3, pero ninguno de los arqueros tuvo grandes intervenciones.<\/p>\n<p>Al descanso se marcharon sin sacarse diferencias y For Ever con un cambio por la lesi\u00f3n de Ca\u00f1ete que fue reemplazado por Lucero.<\/p>\n<p>El complemento favoreci\u00f3 desde el juego, otra vez al \u00absabalero\u00bb que con m\u00e1s ganas que ideas lo llev\u00f3 a For Ever contra el arco de Canuto.<\/p>\n<p>Tuvo sus ocasiones la visita con algunos contragolpes que se fueron diluyendo al llegar sobre el arco de Vicentini.<\/p>\n<p>Parec\u00eda un partido parejo de 0-0, pero a minutos del final, Lucero cerr\u00f3 un avance del local con la mano y el \u00e1rbitro Mastr\u00e1ngelo sancion\u00f3 penal. De la pena m\u00e1xima se hizo cargo Javier Toledo y marc\u00f3 el \u00fanico gol del partido.<\/p>\n<p style=\"text-align: left;\">Fue derrota nuevamente de For Ever en condiciones de visitante y en la siguiente fecha recibir\u00e1 en el \u00abgigante\u00bb a Estudiantes de R\u00edo Cuarto.<\/p>\n","protected":false},"excerpt":{"rendered":"<p>Por la 16\u00b0 fecha de la zona B del campeonato de la Primera Nacional, For Ever cay\u00f3 en Santa Fe ante Col\u00f3n por 1 a 0. El \u00fanico gol lo marc\u00f3 Javier Toledo de penal. En la siguiente fecha, el \u00abnegro\u00bb recibir\u00e1 a Estudiantes de R\u00edo Cuarto. El partido tuvo un arranque de Col\u00f3n con &hellip;<\/p>\n","protected":false},"author":5,"featured_media":9603,"comment_status":"open","ping_status":"open","sticky":false,"template":"","format":"standard","meta":{"footnotes":""},"categories":[5],"tags":[],"class_list":["post-9602","post","type-post","status-publish","format-standard","has-post-thumbnail","hentry","category-futbol"],"_links":{"self":[{"href":"https:\/\/www.sportchaco.com.ar\/index.php?rest_route=\/wp\/v2\/posts\/9602","targetHints":{"allow":["GET"]}}],"collection":[{"href":"https:\/\/www.sportchaco.com.ar\/index.php?rest_route=\/wp\/v2\/posts"}],"about":[{"href":"https:\/\/www.sportchaco.com.ar\/index.php?rest_route=\/wp\/v2\/types\/post"}],"author":[{"embeddable":true,"href":"https:\/\/www.sportchaco.com.ar\/index.php?rest_route=\/wp\/v2\/users\/5"}],"replies":[{"embeddable":true,"href":"https:\/\/www.sportchaco.com.ar\/index.php?rest_route=%2Fwp%2Fv2%2Fcomments&post=9602"}],"version-history":[{"count":2,"href":"https:\/\/www.sportchaco.com.ar\/index.php?rest_route=\/wp\/v2\/posts\/9602\/revisions"}],"predecessor-version":[{"id":9605,"href":"https:\/\/www.sportchaco.com.ar\/index.php?rest_route=\/wp\/v2\/posts\/9602\/revisions\/9605"}],"wp:featuredmedia":[{"embeddable":true,"href":"https:\/\/www.sportchaco.com.ar\/index.php?rest_route=\/wp\/v2\/media\/9603"}],"wp:attachment":[{"href":"https:\/\/www.sportchaco.com.ar\/index.php?rest_route=%2Fwp%2Fv2%2Fmedia&parent=9602"}],"wp:term":[{"taxonomy":"category","embeddable":true,"href":"https:\/\/www.sportchaco.com.ar\/index.php?rest_route=%2Fwp%2Fv2%2Fcategories&post=9602"},{"taxonomy":"post_tag","embeddable":true,"href":"https:\/\/www.sportchaco.com.ar\/index.php?rest_route=%2Fwp%2Fv2%2Ftags&post=9602"}],"curies":[{"name":"wp","href":"https:\/\/api.w.org\/{rel}","templated":true}]}}