{"id":9617,"date":"2024-05-19T22:58:26","date_gmt":"2024-05-20T01:58:26","guid":{"rendered":"https:\/\/www.sportchaco.com.ar\/?p=9617"},"modified":"2024-05-20T10:51:09","modified_gmt":"2024-05-20T13:51:09","slug":"9617","status":"publish","type":"post","link":"https:\/\/www.sportchaco.com.ar\/?p=9617","title":{"rendered":"El arquero Ederson fuera de la Copa Am\u00e9rica"},"content":{"rendered":"<h6>19\/05\/2024<\/h6>\n<h1><\/h1>\n<p class=\"description\"><strong>El entrenador de la Canarinha desafect\u00f3 al arquero, que sufri\u00f3 una fractura en la cuenca del ojo en su choque con Cuti Romero, y convoc\u00f3 no solo a su reemplazo sino tambi\u00e9n a tres jugadores m\u00e1s gracias a la ampliaci\u00f3n de las listas.<\/strong><\/p>\n<div class=\"article-info\">\n<div class=\"article-info-left\">\n<div class=\"article-autor-info\">\n<div class=\"article-autor-name\"><\/div>\n<\/div>\n<\/div>\n<\/div>\n<figure class=\"rat16x9\"><img decoding=\"async\" title=\"Ederson - Manchester City\" src=\"https:\/\/media.tycsports.com\/files\/2024\/05\/19\/719443\/ederson-manchester-city_416x234.webp?v=1\" srcset=\"https:\/\/media.tycsports.com\/files\/2024\/05\/19\/719443\/ederson-manchester-city_416x234.webp?v=1 480w ,https:\/\/media.tycsports.com\/files\/2024\/05\/19\/719443\/ederson-manchester-city_862x485.webp?v=1 1080w \" alt=\"Ederson - Manchester City\" \/><figcaption>Ederson se pierde la Copa Am\u00e9rica debido la grave lesi\u00f3n que sufri\u00f3 al chocar con Cristian \u00abCuti\u00bb Romero. (Visionhaus\/Getty Images)<\/figcaption><\/figure>\n<p class=\"capital\"><span style=\"color: #000000;\">La<a style=\"color: #000000;\" href=\"https:\/\/www.tycsports.com\/premier-league\/se-confirmo-la-lesion-que-cristian-romero-le-provoco-a-ederson-en-tottenham-vs-manchester-city-id584866.html\" target=\"_blank\" rel=\"noopener\">\u00a0grave lesi\u00f3n que\u00a0Ederson\u00a0sufri\u00f3 tras su\u00a0duro cruce con Cristian \u00abCuti\u00bb Romero<\/a>\u00a0no solamente no le permitir\u00e1 estar en la\u00a0final de la FA Cup con Manchester City\u00a0sino\u00a0Dorival J\u00fanior confirm\u00f3 que tampoco estar\u00e1 disponible para la Copa Am\u00e9rica 2024, noticia que el propio entrenador de la\u00a0Selecci\u00f3n de Brasil\u00a0dio a conocer al protagonizar un\u00a0video confirmando que\u00a0desafectaba al arquero y convocaba a su reemplazo\u00a0en la lista ahora de 26 jugadores.<\/span><\/p>\n<div class=\"watchto-wrap\">\n<div class=\"watchto\"><\/div>\n<\/div>\n<p><span style=\"color: #000000;\">El ex-entrenador de San Pablo dio a conocer que\u00a0el guardametas de 30 a\u00f1os dejaba de ser parte de la convocatoria, tras sufrir la\u00a0fractura en la cuenca del ojo derecho\u00a0al chocar fuertemente con el zaguero central de Tottenham y la Selecci\u00f3n Argentina, y convoc\u00f3 en su lugar a\u00a0Rafael, de San Pablo.<\/span><\/p>\n<section class=\"fluidMedia\">\n<div id=\"video-genoa-717124\" class=\"player-nota-wrapper genoa-async lazycontainer\" data-contentid=\"1618889\" data-share=\"https:\/\/www.tycsports.com\/copa-america\/dura-baja-para-brasil-dorival-junior-bajo-a-ederson-de-la-copa-america-id585650.html\">\n<div class=\"player-nota-overlay\"><\/div>\n<\/div>\n<\/section>\n<p><span style=\"color: #000000;\">Ederson fue titular durante la Copa Am\u00e9rica 2021 como tambi\u00e9n durante las Eliminatorias Sudamericanas 2026\u00a0salvo en las dos \u00faltimas presentaciones, donde no fue convocado por lesi\u00f3n y su lugar fue ocupado por\u00a0Alisson Becker. Justamente tambi\u00e9n por un inconveniente f\u00edsico\u00a0tampoco pudo estar presente en la doble fecha FIFA de marzo, donde tampoco su par de Liverpool estuvo en la convocatoria y\u00a0Bento\u00a0(de Athletico Paranaense) debi\u00f3 ocupar el lugar vacante bajo los tres palos.\u00a0<\/span><\/p>\n<p><span style=\"color: #000000;\">A su vez,\u00a0Dorival Junior aprovech\u00f3 que Conmebol permiti\u00f3 a las selecciones convocar a 26 jugadores, en vez de la cifra inicial de 23, y\u00a0sum\u00f3 a Bremer (Juventus), \u00c9derson (Atalanta) y Pep\u00ea (Porto)\u00a0para completar la lista que ir\u00e1 por su d\u00e9cima Copa Am\u00e9rica.\u00a0<\/span><\/p>\n<section class=\"fluidMedia\">\n<div id=\"video-genoa-719448\" class=\"player-nota-wrapper genoa-async lazycontainer\" data-contentid=\"1621232\" data-share=\"https:\/\/www.tycsports.com\/copa-america\/dura-baja-para-brasil-dorival-junior-bajo-a-ederson-de-la-copa-america-id585650.html\">\n<div class=\"player-nota-overlay\"><\/div>\n<p><img loading=\"lazy\" decoding=\"async\" class=\"\" src=\"https:\/\/media.tycsports.com\/files\/2024\/05\/19\/719448\/dorival-junior-desafecta-por-lesion-a-ederson-y-amplia-la-lista-de-la-seleccion-de-brasil-a-26-jugadores_416x234.webp\" alt=\"Dorival Junior desafecta por lesi\u00f3n a Ederson y ampl\u00eda la lista de la Selecci\u00f3n de Brasil a 26 jugadores\" width=\"894\" height=\"503\" data-src=\"https:\/\/media.tycsports.com\/files\/2024\/05\/19\/719448\/dorival-junior-desafecta-por-lesion-a-ederson-y-amplia-la-lista-de-la-seleccion-de-brasil-a-26-jugadores_416x234.webp\" \/><\/p>\n<\/div>\n<\/section>\n<p>&nbsp;<\/p>\n<h2>La lista de Brasil para la Copa Am\u00e9rica 2024<\/h2>\n<ul>\n<li><b><u>Arqueros<\/u><\/b>: Alisson (Liverpool), Bento (Athletico Paranaense) y Rafael (San Pablo).<\/li>\n<li><u><b>Defensores<\/b><\/u>: Danilo (Juventus), Yan Couto (Girona), Guilherme Arana (Atl\u00e9tico Mineiro), Wendell (Porto), Beraldo (PSG), \u00c9der Milit\u00e3o (Real Madrid), Gabriel Magalh\u00e3es (Arsenal), Marquinhos (PSG) y Bremer (Juventus).<\/li>\n<li><u><b>Mediocampistas<\/b><\/u>: Andreas Pereira (Fulham), Bruno Guimar\u00e3es (Newcastle), Douglas Luiz (Aston Villa), Jo\u00e3o Gomes (Wolverhampton), Lucas Paqueta (West Ham) y \u00c9derson (Atalanta).<\/li>\n<li><b><u>Delanteros<\/u><\/b>: Endrick (Palmeiras), Evanilson (Porto), Gabriel Martinelli (Arsenal), Raphinha (Barcelona), Rodrygo Goes (Real Madrid, Savinho (Girona), Vin\u00edcius J\u00fanior (Real Madrid) y Pep\u00ea (Porto).<strong> Fuente TyC Sports<\/strong><\/li>\n<\/ul>\n<p><img loading=\"lazy\" decoding=\"async\" class=\"alignnone size-full wp-image-9571\" src=\"https:\/\/www.sportchaco.com.ar\/wp-content\/uploads\/2024\/05\/gob-salud-marzo-apaisado-2-1.gif\" alt=\"\" width=\"250\" height=\"250\" \/><\/p>\n","protected":false},"excerpt":{"rendered":"<p>19\/05\/2024 El entrenador de la Canarinha desafect\u00f3 al arquero, que sufri\u00f3 una fractura en la cuenca del ojo en su choque con Cuti Romero, y convoc\u00f3 no solo a su reemplazo sino tambi\u00e9n a tres jugadores m\u00e1s gracias a la ampliaci\u00f3n de las listas. Ederson se pierde la Copa Am\u00e9rica debido la grave lesi\u00f3n que &hellip;<\/p>\n","protected":false},"author":2,"featured_media":9618,"comment_status":"open","ping_status":"open","sticky":false,"template":"","format":"standard","meta":{"footnotes":""},"categories":[6],"tags":[],"class_list":["post-9617","post","type-post","status-publish","format-standard","has-post-thumbnail","hentry","category-internacionales"],"_links":{"self":[{"href":"https:\/\/www.sportchaco.com.ar\/index.php?rest_route=\/wp\/v2\/posts\/9617","targetHints":{"allow":["GET"]}}],"collection":[{"href":"https:\/\/www.sportchaco.com.ar\/index.php?rest_route=\/wp\/v2\/posts"}],"about":[{"href":"https:\/\/www.sportchaco.com.ar\/index.php?rest_route=\/wp\/v2\/types\/post"}],"author":[{"embeddable":true,"href":"https:\/\/www.sportchaco.com.ar\/index.php?rest_route=\/wp\/v2\/users\/2"}],"replies":[{"embeddable":true,"href":"https:\/\/www.sportchaco.com.ar\/index.php?rest_route=%2Fwp%2Fv2%2Fcomments&post=9617"}],"version-history":[{"count":3,"href":"https:\/\/www.sportchaco.com.ar\/index.php?rest_route=\/wp\/v2\/posts\/9617\/revisions"}],"predecessor-version":[{"id":9637,"href":"https:\/\/www.sportchaco.com.ar\/index.php?rest_route=\/wp\/v2\/posts\/9617\/revisions\/9637"}],"wp:featuredmedia":[{"embeddable":true,"href":"https:\/\/www.sportchaco.com.ar\/index.php?rest_route=\/wp\/v2\/media\/9618"}],"wp:attachment":[{"href":"https:\/\/www.sportchaco.com.ar\/index.php?rest_route=%2Fwp%2Fv2%2Fmedia&parent=9617"}],"wp:term":[{"taxonomy":"category","embeddable":true,"href":"https:\/\/www.sportchaco.com.ar\/index.php?rest_route=%2Fwp%2Fv2%2Fcategories&post=9617"},{"taxonomy":"post_tag","embeddable":true,"href":"https:\/\/www.sportchaco.com.ar\/index.php?rest_route=%2Fwp%2Fv2%2Ftags&post=9617"}],"curies":[{"name":"wp","href":"https:\/\/api.w.org\/{rel}","templated":true}]}}