{"id":9658,"date":"2024-05-20T19:51:07","date_gmt":"2024-05-20T22:51:07","guid":{"rendered":"https:\/\/www.sportchaco.com.ar\/?p=9658"},"modified":"2024-05-20T19:51:07","modified_gmt":"2024-05-20T22:51:07","slug":"el-femenino-puso-primera-en-sus-dos-categorias","status":"publish","type":"post","link":"https:\/\/www.sportchaco.com.ar\/?p=9658","title":{"rendered":"El femenino puso primera en sus dos categor\u00edas"},"content":{"rendered":"<p><strong>20-05-2024<\/strong><\/p>\n<p><img loading=\"lazy\" decoding=\"async\" class=\"size-medium wp-image-9468 aligncenter\" src=\"https:\/\/www.sportchaco.com.ar\/wp-content\/uploads\/2024\/05\/Nachec-728x90-2-300x37.gif\" alt=\"\" width=\"300\" height=\"37\" \/><\/p>\n<p>La Liga Chaque\u00f1a de F\u00fatbol dio inicio a los campeonatos femeninos de Primera A y B.<\/p>\n<p>Todos los encuentros se disputaron el d\u00eda domingo. En la categor\u00eda de ascenso, se dio de baja el equipo de Juventud de Tirol con lo cual el equipo que en principio iba a tener fecha libre, ocupar\u00e1 su lugar en el fixture.<\/p>\n<p><strong>PRIMERA A<\/strong><br \/>\n<strong>1\u00aa fecha<\/strong><br \/>\nBariloche FC 0 \u2013 Villa Alvear 12, en Chaco Hebr\u00f3n<br \/>\nDefensores 2 \u2013 Don Orione 0<br \/>\nSarmiento 4 \u2013 Parque Independencia 0, cancha aux. 1 de Sarmiento<br \/>\nFor Ever 1 \u2013 San Fernando 3, en C. E. de Comercio<\/p>\n<p><strong>POSICIONES<\/strong><br \/>\nVilla Alvear 3<br \/>\nSarmiento 3<br \/>\nSan Fernando 3<br \/>\nDefensores 3<br \/>\nDon Orione 0<br \/>\nFor Ever 0<br \/>\nParque Independencia 0<br \/>\nBariloche FC 0<\/p>\n<p><strong>PR\u00d3XIMA FECHA (2\u00aa)<\/strong><br \/>\nVilla Alvear &#8211; Don Orione<br \/>\nParque Independencia &#8211; Defensores<br \/>\nSan Fernando &#8211; Sarmiento<br \/>\nBariloche FC &#8211; For Ever<\/p>\n<p><img loading=\"lazy\" decoding=\"async\" class=\"size-medium wp-image-9548 aligncenter\" src=\"https:\/\/www.sportchaco.com.ar\/wp-content\/uploads\/2024\/05\/gob-marzo-2-apaisado-fumigo-300x29.jpg\" alt=\"\" width=\"300\" height=\"29\" srcset=\"https:\/\/www.sportchaco.com.ar\/wp-content\/uploads\/2024\/05\/gob-marzo-2-apaisado-fumigo-300x29.jpg 300w, https:\/\/www.sportchaco.com.ar\/wp-content\/uploads\/2024\/05\/gob-marzo-2-apaisado-fumigo-768x74.jpg 768w, https:\/\/www.sportchaco.com.ar\/wp-content\/uploads\/2024\/05\/gob-marzo-2-apaisado-fumigo.jpg 940w\" sizes=\"auto, (max-width: 300px) 100vw, 300px\" \/><\/p>\n<p><strong>PRIMERA B<\/strong><br \/>\n<strong>1\u00aa fecha<\/strong><br \/>\nC. E. de Comercio 2 \u2013 V\u00e9lez SL 1<br \/>\nIndependiente Tirol 1 \u2013 Atlas del Sur 0<br \/>\nChaco Hebr\u00f3n 3 \u2013 San Mart\u00edn (MB) 5<br \/>\nDep. Rafael Fontana 3 \u2013 Regional 1, en Indepte. Tirol<\/p>\n<p><strong>POSICIONES<\/strong><br \/>\nSan Mart\u00edn (MB) 3<br \/>\nDep. Rafael Fontana 3<br \/>\nIndependiente Tirol 3<br \/>\nC. E. de Comercio 3<br \/>\nV\u00e9lez SL 0<br \/>\nAtlas del Sur 0<br \/>\nRegional 0<br \/>\nChaco Hebr\u00f3n 0<\/p>\n<p><strong>PR\u00d3XIMA FECHA (2\u00aa)<\/strong><br \/>\nRegional &#8211; Indepte. Tirol<br \/>\nSan Mart\u00edn (MB) &#8211; Dep. Rafael Fontana<br \/>\nV\u00e9lez SL &#8211; Chaco Hebr\u00f3n<br \/>\nAtlas del Sur &#8211; C. E. de Comercio<\/p>\n<p><img loading=\"lazy\" decoding=\"async\" class=\"size-medium wp-image-9489 aligncenter\" src=\"https:\/\/www.sportchaco.com.ar\/wp-content\/uploads\/2024\/05\/gob-sube-marzo-24-2-300x300.jpeg\" alt=\"\" width=\"300\" height=\"300\" srcset=\"https:\/\/www.sportchaco.com.ar\/wp-content\/uploads\/2024\/05\/gob-sube-marzo-24-2-300x300.jpeg 300w, https:\/\/www.sportchaco.com.ar\/wp-content\/uploads\/2024\/05\/gob-sube-marzo-24-2-1024x1024.jpeg 1024w, https:\/\/www.sportchaco.com.ar\/wp-content\/uploads\/2024\/05\/gob-sube-marzo-24-2-150x150.jpeg 150w, https:\/\/www.sportchaco.com.ar\/wp-content\/uploads\/2024\/05\/gob-sube-marzo-24-2-768x768.jpeg 768w, https:\/\/www.sportchaco.com.ar\/wp-content\/uploads\/2024\/05\/gob-sube-marzo-24-2.jpeg 1080w\" sizes=\"auto, (max-width: 300px) 100vw, 300px\" \/><\/p>\n","protected":false},"excerpt":{"rendered":"<p>20-05-2024 La Liga Chaque\u00f1a de F\u00fatbol dio inicio a los campeonatos femeninos de Primera A y B. Todos los encuentros se disputaron el d\u00eda domingo. En la categor\u00eda de ascenso, se dio de baja el equipo de Juventud de Tirol con lo cual el equipo que en principio iba a tener fecha libre, ocupar\u00e1 su &hellip;<\/p>\n","protected":false},"author":3,"featured_media":9659,"comment_status":"open","ping_status":"open","sticky":false,"template":"","format":"standard","meta":{"footnotes":""},"categories":[5],"tags":[],"class_list":["post-9658","post","type-post","status-publish","format-standard","has-post-thumbnail","hentry","category-futbol"],"_links":{"self":[{"href":"https:\/\/www.sportchaco.com.ar\/index.php?rest_route=\/wp\/v2\/posts\/9658","targetHints":{"allow":["GET"]}}],"collection":[{"href":"https:\/\/www.sportchaco.com.ar\/index.php?rest_route=\/wp\/v2\/posts"}],"about":[{"href":"https:\/\/www.sportchaco.com.ar\/index.php?rest_route=\/wp\/v2\/types\/post"}],"author":[{"embeddable":true,"href":"https:\/\/www.sportchaco.com.ar\/index.php?rest_route=\/wp\/v2\/users\/3"}],"replies":[{"embeddable":true,"href":"https:\/\/www.sportchaco.com.ar\/index.php?rest_route=%2Fwp%2Fv2%2Fcomments&post=9658"}],"version-history":[{"count":1,"href":"https:\/\/www.sportchaco.com.ar\/index.php?rest_route=\/wp\/v2\/posts\/9658\/revisions"}],"predecessor-version":[{"id":9660,"href":"https:\/\/www.sportchaco.com.ar\/index.php?rest_route=\/wp\/v2\/posts\/9658\/revisions\/9660"}],"wp:featuredmedia":[{"embeddable":true,"href":"https:\/\/www.sportchaco.com.ar\/index.php?rest_route=\/wp\/v2\/media\/9659"}],"wp:attachment":[{"href":"https:\/\/www.sportchaco.com.ar\/index.php?rest_route=%2Fwp%2Fv2%2Fmedia&parent=9658"}],"wp:term":[{"taxonomy":"category","embeddable":true,"href":"https:\/\/www.sportchaco.com.ar\/index.php?rest_route=%2Fwp%2Fv2%2Fcategories&post=9658"},{"taxonomy":"post_tag","embeddable":true,"href":"https:\/\/www.sportchaco.com.ar\/index.php?rest_route=%2Fwp%2Fv2%2Ftags&post=9658"}],"curies":[{"name":"wp","href":"https:\/\/api.w.org\/{rel}","templated":true}]}}