{"id":9663,"date":"2024-05-20T23:27:36","date_gmt":"2024-05-21T02:27:36","guid":{"rendered":"https:\/\/www.sportchaco.com.ar\/?p=9663"},"modified":"2024-05-20T23:27:18","modified_gmt":"2024-05-21T02:27:18","slug":"9663","status":"publish","type":"post","link":"https:\/\/www.sportchaco.com.ar\/?p=9663","title":{"rendered":"Efem\u00e9rides del 21 de mayo"},"content":{"rendered":"<p><strong>Esta es la Efem\u00e9rides del Deporte en el Chaco de un 21 de mayo del periodista Luis Dar\u00edo Molodezky.<\/strong><\/p>\n<p>&nbsp;<\/p>\n<p><img loading=\"lazy\" decoding=\"async\" class=\"alignnone size-medium wp-image-9598\" src=\"https:\/\/www.sportchaco.com.ar\/wp-content\/uploads\/2024\/05\/Molodezky-Luis-11-05-24-2-300x225.jpg\" alt=\"\" width=\"300\" height=\"225\" srcset=\"https:\/\/www.sportchaco.com.ar\/wp-content\/uploads\/2024\/05\/Molodezky-Luis-11-05-24-2-300x225.jpg 300w, https:\/\/www.sportchaco.com.ar\/wp-content\/uploads\/2024\/05\/Molodezky-Luis-11-05-24-2-1024x768.jpg 1024w, https:\/\/www.sportchaco.com.ar\/wp-content\/uploads\/2024\/05\/Molodezky-Luis-11-05-24-2-768x576.jpg 768w, https:\/\/www.sportchaco.com.ar\/wp-content\/uploads\/2024\/05\/Molodezky-Luis-11-05-24-2-1536x1153.jpg 1536w, https:\/\/www.sportchaco.com.ar\/wp-content\/uploads\/2024\/05\/Molodezky-Luis-11-05-24-2.jpg 1599w\" sizes=\"auto, (max-width: 300px) 100vw, 300px\" \/><\/p>\n<p>&nbsp;<\/p>\n<p><strong>1928 <\/strong>\/ Naci\u00f3 en Vera, Santa Fe, el periodista Ra\u00fal Delfino Berneri, aunque muy chico se radic\u00f3 en Charadai con su padre ferroviario. En 1941 se incorpor\u00f3 a El Territorio en la secci\u00f3n deportes. En 1956 fue nombrado jefe de la Agencia T\u00e9lam. En 1948 se sum\u00f3 a LT5 para transmitir automovilismo, para incorporase inmediatamente como Jefe de informativo hasta 1963. Colabor\u00f3 luego con la provincia, Norte y El Diario, y tambi\u00e9n en TV, aunque ya fuera del deporte. Falleci\u00f3 en marzo del 2000 con el r\u00f3tulo del Decano de los periodistas chaque\u00f1os.<\/p>\n<p>&nbsp;<\/p>\n<p><strong>2007 <\/strong>\/ El Seleccionado de Nordeste de Rugby, perdi\u00f3 el ascenso en la \u00fanica plaza disponible, al perder por 21 puntos en Mar del Plata. En la ida gan\u00f3 18 a 12 y en la vuelta cay\u00f3 31 a 10.<\/p>\n<p>&nbsp;<\/p>\n<p><img loading=\"lazy\" decoding=\"async\" class=\"alignnone size-medium wp-image-9468\" src=\"https:\/\/www.sportchaco.com.ar\/wp-content\/uploads\/2024\/05\/Nachec-728x90-2-300x37.gif\" alt=\"\" width=\"300\" height=\"37\" \/><img loading=\"lazy\" decoding=\"async\" class=\"alignnone size-medium wp-image-9466\" src=\"https:\/\/www.sportchaco.com.ar\/wp-content\/uploads\/2024\/05\/Nachec1-300x600-1-150x300.gif\" alt=\"\" width=\"150\" height=\"300\" \/><\/p>\n<p><strong>Foto portada de Ra\u00fal Delfino Berneri<\/strong><\/p>\n","protected":false},"excerpt":{"rendered":"<p>Esta es la Efem\u00e9rides del Deporte en el Chaco de un 21 de mayo del periodista Luis Dar\u00edo Molodezky. &nbsp; &nbsp; 1928 \/ Naci\u00f3 en Vera, Santa Fe, el periodista Ra\u00fal Delfino Berneri, aunque muy chico se radic\u00f3 en Charadai con su padre ferroviario. En 1941 se incorpor\u00f3 a El Territorio en la secci\u00f3n deportes. &hellip;<\/p>\n","protected":false},"author":2,"featured_media":9664,"comment_status":"open","ping_status":"open","sticky":false,"template":"","format":"standard","meta":{"footnotes":""},"categories":[45,35],"tags":[],"class_list":["post-9663","post","type-post","status-publish","format-standard","has-post-thumbnail","hentry","category-efemerides-dia-por-dia","category-mayo"],"_links":{"self":[{"href":"https:\/\/www.sportchaco.com.ar\/index.php?rest_route=\/wp\/v2\/posts\/9663","targetHints":{"allow":["GET"]}}],"collection":[{"href":"https:\/\/www.sportchaco.com.ar\/index.php?rest_route=\/wp\/v2\/posts"}],"about":[{"href":"https:\/\/www.sportchaco.com.ar\/index.php?rest_route=\/wp\/v2\/types\/post"}],"author":[{"embeddable":true,"href":"https:\/\/www.sportchaco.com.ar\/index.php?rest_route=\/wp\/v2\/users\/2"}],"replies":[{"embeddable":true,"href":"https:\/\/www.sportchaco.com.ar\/index.php?rest_route=%2Fwp%2Fv2%2Fcomments&post=9663"}],"version-history":[{"count":2,"href":"https:\/\/www.sportchaco.com.ar\/index.php?rest_route=\/wp\/v2\/posts\/9663\/revisions"}],"predecessor-version":[{"id":9666,"href":"https:\/\/www.sportchaco.com.ar\/index.php?rest_route=\/wp\/v2\/posts\/9663\/revisions\/9666"}],"wp:featuredmedia":[{"embeddable":true,"href":"https:\/\/www.sportchaco.com.ar\/index.php?rest_route=\/wp\/v2\/media\/9664"}],"wp:attachment":[{"href":"https:\/\/www.sportchaco.com.ar\/index.php?rest_route=%2Fwp%2Fv2%2Fmedia&parent=9663"}],"wp:term":[{"taxonomy":"category","embeddable":true,"href":"https:\/\/www.sportchaco.com.ar\/index.php?rest_route=%2Fwp%2Fv2%2Fcategories&post=9663"},{"taxonomy":"post_tag","embeddable":true,"href":"https:\/\/www.sportchaco.com.ar\/index.php?rest_route=%2Fwp%2Fv2%2Ftags&post=9663"}],"curies":[{"name":"wp","href":"https:\/\/api.w.org\/{rel}","templated":true}]}}