{"id":9673,"date":"2024-05-20T23:16:16","date_gmt":"2024-05-21T02:16:16","guid":{"rendered":"https:\/\/www.sportchaco.com.ar\/?p=9673"},"modified":"2024-05-20T23:16:16","modified_gmt":"2024-05-21T02:16:16","slug":"la-seleccion-argentina-sub-23-logro-la-cesion-de-alan-varela","status":"publish","type":"post","link":"https:\/\/www.sportchaco.com.ar\/?p=9673","title":{"rendered":"La Selecci\u00f3n Argentina Sub-23 logr\u00f3 la cesi\u00f3n de Alan Varela"},"content":{"rendered":"<h1><\/h1>\n<h6><time datetime=\"2024-05-20T18:19:21-03:00\">20\/05\/2024<\/time><\/h6>\n<h6>\u00a0Ahora va por Enzo Fern\u00e1ndez y pidi\u00f3 a tres mayores para los Juegos Ol\u00edmpicos de Par\u00eds 2024-. El entrenador empieza a definir la lista de convocados, que contar\u00eda con algunos campeones del mundo en Qatar 2022. Siguen las gestiones por Europa.<\/h6>\n<div class=\"article-info\">\n<div class=\"article-info-left\">\n<div class=\"article-autor-info\">\n<div class=\"article-autor-name\"><\/div>\n<\/div>\n<\/div>\n<\/div>\n<figure class=\"rat16x9\"><img decoding=\"async\" title=\"Alan Varela y Enzo Fern\u00e1ndez en la Selecci\u00f3n Argentina\" src=\"https:\/\/media.tycsports.com\/files\/2024\/05\/20\/719844\/alan-varela-y-enzo-fernandez-en-la-seleccion-argentina_416x234.webp?v=1\" srcset=\"https:\/\/media.tycsports.com\/files\/2024\/05\/20\/719844\/alan-varela-y-enzo-fernandez-en-la-seleccion-argentina_416x234.webp?v=1 480w ,https:\/\/media.tycsports.com\/files\/2024\/05\/20\/719844\/alan-varela-y-enzo-fernandez-en-la-seleccion-argentina_862x485.webp?v=1 1080w \" alt=\"Alan Varela y Enzo Fern\u00e1ndez en la Selecci\u00f3n Argentina\" \/><figcaption>Alan Varela y Enzo Fern\u00e1ndez en la Selecci\u00f3n Argentina<\/figcaption><\/figure>\n<p class=\"capital\"><span style=\"color: #000000;\">El entrenador\u00a0Javier Mascherano\u00a0logr\u00f3 la cesi\u00f3n de\u00a0Alan Varela (Porto)\u00a0y ahora va por la de\u00a0Enzo Fern\u00e1ndez (Chelsea)\u00a0de cara a los\u00a0<a style=\"color: #000000;\" href=\"https:\/\/www.tycsports.com\/polideportivo\/panorama-futbol-juegos-olimpicos-paris-2024-clasificados-formato-y-mas-id564019.html\" target=\"_blank\" rel=\"noopener\">Juegos Ol\u00edmpicos de Par\u00eds 2024<\/a>\u00a0con la\u00a0Selecci\u00f3n Argentina Sub-23. La informaci\u00f3n se conoci\u00f3 luego de que\u00a0<a style=\"color: #000000;\" href=\"https:\/\/www.tycsports.com\/seleccion-argentina\/el-plan-de-lionel-scaloni-para-los-amistosos-de-la-seleccion-argentina-y-el-campeon-del-mundo-que-vuelve-id585744.html\" target=\"_blank\" rel=\"noopener\">Lionel Scaloni oficializar\u00e1 la lista de 29, que despu\u00e9s se recortar\u00e1 a 26, de cara a la Copa Am\u00e9rica 2024<\/a>.<\/span><\/p>\n<div class=\"watchto-wrap\">\n<div class=\"watchto\"><span style=\"color: #000000;\"><a class=\"imgwrap\" style=\"color: #000000;\" title=\"El indicio de Scaloni: Equi Fern\u00e1ndez no estar\u00e1 en la gira de la Selecci\u00f3n Argentina y se va directo a los Juegos Ol\u00edmpicos\" href=\"https:\/\/www.tycsports.com\/polideportivo\/el-indicio-de-scaloni-equi-fernandez-no-estara-en-la-gira-de-la-seleccion-argentina-y-se-va-directo-a-los-jjoo-id585750.html\"><picture><source srcset=\"https:\/\/media.tycsports.com\/files\/2024\/05\/20\/719711\/equi-fernandez-seleccion-argentina_267x150.webp?v=1\" media=\"(min-width: 721px)\" \/><source srcset=\"https:\/\/media.tycsports.com\/files\/2024\/05\/20\/719711\/equi-fernandez-seleccion-argentina_267x356.webp?v=1\" media=\"(max-width: 721px)\" \/><img decoding=\"async\" src=\"https:\/\/media.tycsports.com\/files\/2024\/05\/20\/719711\/equi-fernandez-seleccion-argentina_267x150.webp?v=1\" alt=\"Foto: El indicio de Scaloni: Equi Fern\u00e1ndez no estar\u00e1 en la gira de la Selecci\u00f3n Argentina y se va directo a los Juegos Ol\u00edmpicos\" data-src=\"https:\/\/media.tycsports.com\/files\/2024\/05\/20\/719711\/equi-fernandez-seleccion-argentina_267x150.webp?v=1\" \/><\/picture><\/a><\/span><\/p>\n<div class=\"watchto-text\">\n<h2><\/h2>\n<\/div>\n<div class=\"watchto-btn-view\"><\/div>\n<\/div>\n<\/div>\n<p><span style=\"color: #000000;\">Mascherano\u00a0se contact\u00f3 con el club portugu\u00e9s y el ingl\u00e9s, respectivamente, y los resultados fueron satisfactorios. Es m\u00e1s, el DT\u00a0cree a\u00a0Enzo, convocado a la Mayor para la defensa del t\u00edtulo en Estados Unidos, tambi\u00e9n lo dejar\u00edan participar del torneo de f\u00fatbol masculino, que se disputar\u00e1 del 24 de julio al 9 de agosto.<\/span><\/p>\n<p><span style=\"color: #000000;\">A falta de casi dos meses, el DT empieza a definir la\u00a0lista de convocados, que puede contar solo con\u00a0tres futbolistas mayores de 23 a\u00f1os. Con\u00a0<a style=\"color: #000000;\" href=\"https:\/\/www.tycsports.com\/seleccion-argentina\/javier-mascherano-conto-el-motivo-de-la-negativa-de-di-maria-para-estar-en-los-juegos-olimpicos-de-paris-2024-id568814.html\" target=\"_blank\" rel=\"noopener\">\u00c1ngel Di Mar\u00eda ya descartado<\/a>\u00a0y el\u00a0<a style=\"color: #000000;\" href=\"https:\/\/www.tycsports.com\/polideportivo\/mascherano-confirmo-que-hablo-con-messi-por-los-juegos-olimpicos-de-paris-2024-lo-invitamos-pero-no-es-facil-id568802.html\" target=\"_blank\" rel=\"noopener\">sue\u00f1o latente por Lionel Messi<\/a>, los que ganar\u00edan terreno en este aspecto son\u00a0todos campeones el mundo:\u00a0<a style=\"color: #000000;\" href=\"https:\/\/www.tycsports.com\/seleccion-argentina\/los-mayores-que-podrian-ir-a-los-juegos-olimpicos-con-la-seleccion-argentina-y-que-chances-tiene-cada-uno-id585191.html\" target=\"_blank\" rel=\"noopener\">Emiliano Mart\u00ednez, Nicol\u00e1s Otamendi (est\u00e1 casi confirmado)\u00a0<\/a><a style=\"color: #000000;\" href=\"https:\/\/www.tycsports.com\/seleccion-argentina\/los-mayores-que-podrian-ir-a-los-juegos-olimpicos-con-la-seleccion-argentina-y-que-chances-tiene-cada-uno-id585191.html\" target=\"_blank\" rel=\"noopener\">y<\/a><a style=\"color: #000000;\" href=\"https:\/\/www.tycsports.com\/seleccion-argentina\/los-mayores-que-podrian-ir-a-los-juegos-olimpicos-con-la-seleccion-argentina-y-que-chances-tiene-cada-uno-id585191.html\" target=\"_blank\" rel=\"noopener\">\u00a0Juli\u00e1n \u00c1lvarez<\/a>, quien acaba de\u00a0<a style=\"color: #000000;\" href=\"https:\/\/www.tycsports.com\/premier-league\/julian-alvarez-campeon-otra-vez-manchester-city-este-titulo-es-especial-id585655.html\" target=\"_blank\" rel=\"noopener\">conquistar otra Premier League con Manchester City<\/a>.<\/span><\/p>\n<p><span style=\"color: #000000;\">El resto de la n\u00f3mina de la\u00a0Selecci\u00f3n Argentina Sub-23\u00a0se supone que ser\u00e1 la base del plantel que fue parte del proceso en estos \u00faltimos a\u00f1os, con algunos de los famosos \u00abeuropibes\u00bb, siempre y cuando no surjan percances en el medio. Y es que\u00a0los clubes no tienen la obligaci\u00f3n de ceder a sus futbolistas para los Juegos Ol\u00edmpicos.<\/span><\/p>\n<p><span style=\"color: #000000;\">Argentina\u00a0integra el\u00a0<a style=\"color: #000000;\" href=\"https:\/\/www.tycsports.com\/polideportivo\/fixture-seleccion-argentina-futbol-juegos-olimpicos-paris-2024-id572235.html\" target=\"_blank\" rel=\"noopener\">Grupo B<\/a><a style=\"color: #000000;\" href=\"https:\/\/www.tycsports.com\/polideportivo\/fixture-seleccion-argentina-futbol-juegos-olimpicos-paris-2024-id572235.html\" target=\"_blank\" rel=\"noopener\">\u00a0junto con\u00a0<\/a><a style=\"color: #000000;\" href=\"https:\/\/www.tycsports.com\/polideportivo\/fixture-seleccion-argentina-futbol-juegos-olimpicos-paris-2024-id572235.html\" target=\"_blank\" rel=\"noopener\">Marruecos (23\/7)<\/a><a style=\"color: #000000;\" href=\"https:\/\/www.tycsports.com\/polideportivo\/fixture-seleccion-argentina-futbol-juegos-olimpicos-paris-2024-id572235.html\" target=\"_blank\" rel=\"noopener\">,\u00a0<\/a><a style=\"color: #000000;\" href=\"https:\/\/www.tycsports.com\/polideportivo\/fixture-seleccion-argentina-futbol-juegos-olimpicos-paris-2024-id572235.html\" target=\"_blank\" rel=\"noopener\">Irak (27\/7)\u00a0<\/a><a style=\"color: #000000;\" href=\"https:\/\/www.tycsports.com\/polideportivo\/fixture-seleccion-argentina-futbol-juegos-olimpicos-paris-2024-id572235.html\" target=\"_blank\" rel=\"noopener\">y\u00a0<\/a><a style=\"color: #000000;\" href=\"https:\/\/www.tycsports.com\/polideportivo\/fixture-seleccion-argentina-futbol-juegos-olimpicos-paris-2024-id572235.html\" target=\"_blank\" rel=\"noopener\">Ucrania (30\/7)<\/a>. Los dos primeros de cada una de las cuatro zonas acceder\u00e1n a la fase eliminatoria. A continuaci\u00f3n se disputar\u00e1n los cuartos de final, semifinales, el partido por el tercer puesto y la final.<\/span><\/p>\n<p>&nbsp;<\/p>\n<figure class=\"w-100\"><span style=\"color: #000000;\"><img decoding=\"async\" title=\"Cristian Medina y Equi Fern\u00e1ndez jugando para Boca\" src=\"https:\/\/media.tycsports.com\/files\/2024\/05\/20\/719803\/cristian-medina-y-equi-fernandez-jugando-para-boca_w416.webp\" srcset=\"https:\/\/media.tycsports.com\/files\/2024\/05\/20\/719803\/cristian-medina-y-equi-fernandez-jugando-para-boca_w416.webp 480w, https:\/\/media.tycsports.com\/files\/2024\/05\/20\/719803\/cristian-medina-y-equi-fernandez-jugando-para-boca_w862.webp 1080w\" alt=\"Cristian Medina y Equi Fern\u00e1ndez jugando para Boca\" data-src=\"https:\/\/media.tycsports.com\/files\/2024\/05\/20\/719803\/cristian-medina-y-equi-fernandez-jugando-para-boca_w416.webp\" data-srcset=\"https:\/\/media.tycsports.com\/files\/2024\/05\/20\/719803\/cristian-medina-y-equi-fernandez-jugando-para-boca_w416.webp 480w, https:\/\/media.tycsports.com\/files\/2024\/05\/20\/719803\/cristian-medina-y-equi-fernandez-jugando-para-boca_w862.webp 1080w\" \/><\/span><figcaption><span style=\"color: #000000;\">Cristian Medina y Equi Fern\u00e1ndez jugando para Boca (Marcelo Endelli\/Getty Images)<\/span><\/figcaption><\/figure>\n<p><span style=\"color: #000000;\">Ezequiel Equi Fern\u00e1ndez\u00a0<a style=\"color: #000000;\" href=\"https:\/\/www.tycsports.com\/polideportivo\/el-indicio-de-scaloni-equi-fernandez-no-estara-en-la-gira-de-la-seleccion-argentina-y-se-va-directo-a-los-jjoo-id585750.html\" target=\"_blank\" rel=\"noopener\">no est\u00e1 en la gira de la Selecci\u00f3n Argentina por Estados Unidos<\/a>, el \u00faltimo compromiso previo a la\u00a0Copa Am\u00e9rica 2024, y se va directo a los\u00a0Juegos Ol\u00edmpicos de Par\u00eds 2024. El mediocampista, de 21 a\u00f1os, afronta un\u00a0gran presente en Boca\u00a0y anoche,\u00a0en la\u00a0<a style=\"color: #000000;\" href=\"https:\/\/www.tycsports.com\/boca-juniors\/central-cordoba-vs-boca-por-la-liga-profesional-formaciones-hora-y-tv-en-vivo-id585512.html\" target=\"_blank\" rel=\"noopener\">victoria frente a Central C\u00f3rdoba por 4-2 en Santiago del Estero<\/a>, por la fecha 2 de la Liga Profesional 2024, el futbolista\u00a0convirti\u00f3 sus dos primeros goles con la camiseta del Xeneize.<\/span><\/p>\n<p><span style=\"color: #000000;\">Con una asistencia, recuperaciones, pases precisos, duelos ganados y con chances creadas,\u00a0Equi Fern\u00e1ndez\u00a0se convierte en un futbolista completo para el equipo de\u00a0Diego Mart\u00ednez, que ayud\u00f3 en varias ocasiones a la recuperaci\u00f3n del equipo y ser fundamental para, por ejemplo, la remontada ante el Ferroviario.<\/span><\/p>\n<p>&nbsp;<\/p>\n<p><span style=\"color: #000000;\">La preferencia por el surgido en la cantera de\u00a0Boca\u00a0es superior por el lado de\u00a0Javier Mascherano, quien lo integrar\u00e1 al\u00a0once titular en la cita ol\u00edmpica.<\/span><\/p>\n<p><span style=\"color: #000000;\">Por su parte,\u00a0Cristian Medina\u00a0&#8211;<a style=\"color: #000000;\" href=\"https:\/\/www.tycsports.com\/boca-juniors\/cristian-medina-se-retiro-en-camilla-y-fue-trasladado-de-urgencia-al-hospital-id584766.html\" target=\"_blank\" rel=\"noopener\">sufri\u00f3 un golpe en la costilla derecha<\/a>\u00a0que le impide entrenarse con normalidad en el predio de Ezeiza, m\u00e1s all\u00e1 de que los \u00faltimos estudios no evidenciaron una lesi\u00f3n- es el otro futbolista de\u00a0Boca\u00a0que formar\u00eda parte del plan de\u00a0Mascherano, tal como ocurri\u00f3 en el Preol\u00edmpico Sudamericano.<\/span><\/p>\n<p><span style=\"color: #000000;\">El problema es que los\u00a0Juegos Ol\u00edmpicos de Par\u00eds 2024\u00a0coinciden con el regreso de la\u00a0Liga Profesional 2024, por lo que\u00a0Equi Fern\u00e1ndez y Medina se perder\u00edan s\u00ed o s\u00ed un hipot\u00e9tico 16avos. de final de la Copa Sudamericana 2024, en caso de que el equipo de\u00a0Diego Mart\u00ednez\u00a0termine clasificando como segundo de su grupo (jugar\u00eda contra un tercero de la Copa Libertadores 2024). Lo mismo corre para otros posibles convocados, como\u00a0Leandro Brey, Kevin Zen\u00f3n o Luca Langoni.<\/span><\/p>\n<p><span style=\"color: #000000;\">Distinto es el caso de\u00a0Nicol\u00e1s Valentini, quien no recibir\u00eda la autorizaci\u00f3n de Juan Rom\u00e1n Riquelme\u00a0<a style=\"color: #000000;\" href=\"https:\/\/www.tycsports.com\/polideportivo\/cuantas-chances-tiene-valentini-de-ir-a-los-jjoo-si-sigue-colgado-en-boca-id582293.html\" target=\"_blank\" rel=\"noopener\">por un conflicto con la renovaci\u00f3n de su contrato<\/a>. <strong>Fuente TyC Sports<\/strong><\/span><\/p>\n<p>&nbsp;<\/p>\n<p><img loading=\"lazy\" decoding=\"async\" class=\"alignnone size-full wp-image-9671\" src=\"https:\/\/www.sportchaco.com.ar\/wp-content\/uploads\/2024\/05\/Nachec1-200x200-1.gif\" alt=\"\" width=\"200\" height=\"200\" \/><\/p>\n","protected":false},"excerpt":{"rendered":"<p>20\/05\/2024 \u00a0Ahora va por Enzo Fern\u00e1ndez y pidi\u00f3 a tres mayores para los Juegos Ol\u00edmpicos de Par\u00eds 2024-. El entrenador empieza a definir la lista de convocados, que contar\u00eda con algunos campeones del mundo en Qatar 2022. Siguen las gestiones por Europa. Alan Varela y Enzo Fern\u00e1ndez en la Selecci\u00f3n Argentina El entrenador\u00a0Javier Mascherano\u00a0logr\u00f3 la &hellip;<\/p>\n","protected":false},"author":2,"featured_media":9674,"comment_status":"open","ping_status":"open","sticky":false,"template":"","format":"standard","meta":{"footnotes":""},"categories":[6],"tags":[],"class_list":["post-9673","post","type-post","status-publish","format-standard","has-post-thumbnail","hentry","category-internacionales"],"_links":{"self":[{"href":"https:\/\/www.sportchaco.com.ar\/index.php?rest_route=\/wp\/v2\/posts\/9673","targetHints":{"allow":["GET"]}}],"collection":[{"href":"https:\/\/www.sportchaco.com.ar\/index.php?rest_route=\/wp\/v2\/posts"}],"about":[{"href":"https:\/\/www.sportchaco.com.ar\/index.php?rest_route=\/wp\/v2\/types\/post"}],"author":[{"embeddable":true,"href":"https:\/\/www.sportchaco.com.ar\/index.php?rest_route=\/wp\/v2\/users\/2"}],"replies":[{"embeddable":true,"href":"https:\/\/www.sportchaco.com.ar\/index.php?rest_route=%2Fwp%2Fv2%2Fcomments&post=9673"}],"version-history":[{"count":1,"href":"https:\/\/www.sportchaco.com.ar\/index.php?rest_route=\/wp\/v2\/posts\/9673\/revisions"}],"predecessor-version":[{"id":9675,"href":"https:\/\/www.sportchaco.com.ar\/index.php?rest_route=\/wp\/v2\/posts\/9673\/revisions\/9675"}],"wp:featuredmedia":[{"embeddable":true,"href":"https:\/\/www.sportchaco.com.ar\/index.php?rest_route=\/wp\/v2\/media\/9674"}],"wp:attachment":[{"href":"https:\/\/www.sportchaco.com.ar\/index.php?rest_route=%2Fwp%2Fv2%2Fmedia&parent=9673"}],"wp:term":[{"taxonomy":"category","embeddable":true,"href":"https:\/\/www.sportchaco.com.ar\/index.php?rest_route=%2Fwp%2Fv2%2Fcategories&post=9673"},{"taxonomy":"post_tag","embeddable":true,"href":"https:\/\/www.sportchaco.com.ar\/index.php?rest_route=%2Fwp%2Fv2%2Ftags&post=9673"}],"curies":[{"name":"wp","href":"https:\/\/api.w.org\/{rel}","templated":true}]}}