{"id":9707,"date":"2024-05-22T08:52:41","date_gmt":"2024-05-22T11:52:41","guid":{"rendered":"https:\/\/www.sportchaco.com.ar\/?p=9707"},"modified":"2024-05-22T08:52:41","modified_gmt":"2024-05-22T11:52:41","slug":"tres-dias-de-futbol-liguista","status":"publish","type":"post","link":"https:\/\/www.sportchaco.com.ar\/?p=9707","title":{"rendered":"Tres d\u00edas de f\u00fatbol liguista"},"content":{"rendered":"<p><strong>22-05-2024<\/strong><\/p>\n<p><img loading=\"lazy\" decoding=\"async\" class=\" wp-image-9640 aligncenter\" src=\"https:\/\/www.sportchaco.com.ar\/wp-content\/uploads\/2024\/05\/gob-obras-marzo-apaisado-300x29.gif\" alt=\"\" width=\"362\" height=\"35\" srcset=\"https:\/\/www.sportchaco.com.ar\/wp-content\/uploads\/2024\/05\/gob-obras-marzo-apaisado-300x29.gif 300w, https:\/\/www.sportchaco.com.ar\/wp-content\/uploads\/2024\/05\/gob-obras-marzo-apaisado-768x74.gif 768w\" sizes=\"auto, (max-width: 362px) 100vw, 362px\" \/><\/p>\n<p>La Liga Chaque\u00f1a de F\u00fatbol aprob\u00f3 la programaci\u00f3n de la 5\u00aa fecha del campeonato de Primera Divisi\u00f3n que comenzar\u00e1 este viernes con cinco partidos.<\/p>\n<p>Luego continuar\u00e1 el s\u00e1bado con dos m\u00e1s para culminar el d\u00eda domingo con los restantes tres encuentros.<\/p>\n<p>El puntero e invicto, Defensores de Vilelas, jugar\u00e1 el 25 de mayo ante Policiales en la cancha de Chaco Hebr\u00f3n.<\/p>\n<p><b>TODA LA 5\u00aa FECHA<\/b><br \/>\n<b>Viernes 24-05<\/b><br \/>\nA las 15:45, Don Orione &#8211; San Fernando<br \/>\nA las 15:45, Fontana &#8211; Juventud<br \/>\nA las 15:45, Dep. Itat\u00ed &#8211; Sarmiento, en San Fernando<br \/>\nA las 17, Central Ben\u00edtez &#8211; For Ever<br \/>\nA las 18, Estudiantes &#8211; Rcia. Central<\/p>\n<p><b>S\u00e1bado 25-05<\/b><br \/>\nA las 15:45, Dep. Zona Sur &#8211; San Mart\u00edn (MB), en Regional<br \/>\nA las 15:45, Policiales &#8211; Defensores, en Chaco Hebr\u00f3n<\/p>\n<p><b>Domingo 26-05<\/b><br \/>\nA las 10, El Nacional &#8211; Regional, en San Fernando<br \/>\nA las 15:45, Municipal (MB) &#8211; Villa Alvear<br \/>\nA las 15:45, CUNE &#8211; Bancarios, en Fontana<\/p>\n<p><strong>Libre:<\/strong> Central Norte<\/p>\n<p><b>POSICIONES<\/b><br \/>\n01. Defensores 12<br \/>\n02. Sarmiento 10<br \/>\n03. Rcia. Central 9<br \/>\n04. Juventud 7<br \/>\n05. Bancarios 7 (a)<br \/>\n06. Don Orione 7<br \/>\n07. San Fernando 6<br \/>\n08. Regional 6<br \/>\n09. Estudiantes 5 (a)<br \/>\n10. Villa Alvear 5<br \/>\n11. Municipal (MB) 5<br \/>\n12. For Ever 4 (a)<br \/>\n13. Policiales 4<br \/>\n14. Central Norte 4<br \/>\n15. CUNE 4<br \/>\n16. Dep. Itat\u00ed 4<br \/>\n17. Fontana 3 (a)<br \/>\n18. San Mart\u00edn (MB) 3<br \/>\n19. Dep. Zona Sur 3<br \/>\n20. El Nacional 1<br \/>\n21. Central Ben\u00edtez 0<br \/>\n<em>(a) Ya qued\u00f3 libre<\/em><\/p>\n<p><b>PROMEDIOS<\/b><br \/>\n01. Rcia. Central (152\/74) 2.054<br \/>\n02. Fontana (142\/73) 1.945<br \/>\n03. Defensores (131\/74) 1.770<br \/>\n04. Sarmiento (130\/74) 1.756<br \/>\n05. For Ever (125\/73) 1.712<br \/>\n06. Don Orione (118\/74) 1.594<br \/>\n07. Regional (116\/74) 1.567<br \/>\n08. Policiales (68\/46) 1.478<br \/>\n09. Juventud (109\/74) 1.472<br \/>\n10. Estudiantes (107\/73) 1.465<br \/>\n11. Bancarios (102\/73) 1.397<br \/>\n12. Villa Alvear (97\/74) 1.310<br \/>\n13. Central Norte (96\/74) 1.297<br \/>\n14. Municipal (MB) (5\/4) 1.250<br \/>\n15. CUNE (90\/74) 1.216<br \/>\n16. El Nacional (87\/74) 1.175<br \/>\n17. San Mart\u00edn (86\/74) 1.162<br \/>\n18. Central Ben\u00edtez (53\/46) 1.152<br \/>\n19. San Fernando (75\/74) 1.013<br \/>\n20. Dep. Itat\u00ed (4\/4) 1.000<br \/>\n21. Dep. Zona Sur (3\/4) 0.750<br \/>\n<em>Nota: descienden los que terminen en las posiciones 19, 20 y 21.<\/em><\/p>\n<p><img loading=\"lazy\" decoding=\"async\" class=\"size-full wp-image-9591 aligncenter\" src=\"https:\/\/www.sportchaco.com.ar\/wp-content\/uploads\/2024\/05\/gob-salud-marzo-apaisado-2-2.gif\" alt=\"\" width=\"250\" height=\"250\" \/><\/p>\n<p>&nbsp;<\/p>\n","protected":false},"excerpt":{"rendered":"<p>22-05-2024 La Liga Chaque\u00f1a de F\u00fatbol aprob\u00f3 la programaci\u00f3n de la 5\u00aa fecha del campeonato de Primera Divisi\u00f3n que comenzar\u00e1 este viernes con cinco partidos. Luego continuar\u00e1 el s\u00e1bado con dos m\u00e1s para culminar el d\u00eda domingo con los restantes tres encuentros. El puntero e invicto, Defensores de Vilelas, jugar\u00e1 el 25 de mayo ante &hellip;<\/p>\n","protected":false},"author":3,"featured_media":9708,"comment_status":"open","ping_status":"open","sticky":false,"template":"","format":"standard","meta":{"footnotes":""},"categories":[5],"tags":[],"class_list":["post-9707","post","type-post","status-publish","format-standard","has-post-thumbnail","hentry","category-futbol"],"_links":{"self":[{"href":"https:\/\/www.sportchaco.com.ar\/index.php?rest_route=\/wp\/v2\/posts\/9707","targetHints":{"allow":["GET"]}}],"collection":[{"href":"https:\/\/www.sportchaco.com.ar\/index.php?rest_route=\/wp\/v2\/posts"}],"about":[{"href":"https:\/\/www.sportchaco.com.ar\/index.php?rest_route=\/wp\/v2\/types\/post"}],"author":[{"embeddable":true,"href":"https:\/\/www.sportchaco.com.ar\/index.php?rest_route=\/wp\/v2\/users\/3"}],"replies":[{"embeddable":true,"href":"https:\/\/www.sportchaco.com.ar\/index.php?rest_route=%2Fwp%2Fv2%2Fcomments&post=9707"}],"version-history":[{"count":1,"href":"https:\/\/www.sportchaco.com.ar\/index.php?rest_route=\/wp\/v2\/posts\/9707\/revisions"}],"predecessor-version":[{"id":9709,"href":"https:\/\/www.sportchaco.com.ar\/index.php?rest_route=\/wp\/v2\/posts\/9707\/revisions\/9709"}],"wp:featuredmedia":[{"embeddable":true,"href":"https:\/\/www.sportchaco.com.ar\/index.php?rest_route=\/wp\/v2\/media\/9708"}],"wp:attachment":[{"href":"https:\/\/www.sportchaco.com.ar\/index.php?rest_route=%2Fwp%2Fv2%2Fmedia&parent=9707"}],"wp:term":[{"taxonomy":"category","embeddable":true,"href":"https:\/\/www.sportchaco.com.ar\/index.php?rest_route=%2Fwp%2Fv2%2Fcategories&post=9707"},{"taxonomy":"post_tag","embeddable":true,"href":"https:\/\/www.sportchaco.com.ar\/index.php?rest_route=%2Fwp%2Fv2%2Ftags&post=9707"}],"curies":[{"name":"wp","href":"https:\/\/api.w.org\/{rel}","templated":true}]}}