{"id":9715,"date":"2024-05-22T23:00:07","date_gmt":"2024-05-23T02:00:07","guid":{"rendered":"https:\/\/www.sportchaco.com.ar\/?p=9715"},"modified":"2024-05-22T23:34:05","modified_gmt":"2024-05-23T02:34:05","slug":"efemerides-del-23-de-mayo","status":"publish","type":"post","link":"https:\/\/www.sportchaco.com.ar\/?p=9715","title":{"rendered":"Efem\u00e9rides del 23 de mayo"},"content":{"rendered":"<p><strong>3622Esta es la Efem\u00e9rides del Deporte en el Chaco de un 23 de mayo del periodista Luis Dar\u00edo Molodezky.<\/strong><\/p>\n<p><img loading=\"lazy\" decoding=\"async\" class=\"alignnone size-medium wp-image-9598\" src=\"https:\/\/www.sportchaco.com.ar\/wp-content\/uploads\/2024\/05\/Molodezky-Luis-11-05-24-2-300x225.jpg\" alt=\"\" width=\"300\" height=\"225\" srcset=\"https:\/\/www.sportchaco.com.ar\/wp-content\/uploads\/2024\/05\/Molodezky-Luis-11-05-24-2-300x225.jpg 300w, https:\/\/www.sportchaco.com.ar\/wp-content\/uploads\/2024\/05\/Molodezky-Luis-11-05-24-2-1024x768.jpg 1024w, https:\/\/www.sportchaco.com.ar\/wp-content\/uploads\/2024\/05\/Molodezky-Luis-11-05-24-2-768x576.jpg 768w, https:\/\/www.sportchaco.com.ar\/wp-content\/uploads\/2024\/05\/Molodezky-Luis-11-05-24-2-1536x1153.jpg 1536w, https:\/\/www.sportchaco.com.ar\/wp-content\/uploads\/2024\/05\/Molodezky-Luis-11-05-24-2.jpg 1599w\" sizes=\"auto, (max-width: 300px) 100vw, 300px\" \/><\/p>\n<p><strong>1925 \/ <\/strong>Nace en Roberts, Buenos Aires, Edgardo Valdez quien lleg\u00f3 a Barranqueras en 1940. Fue un destacado motociclista de la \u00e9poca de oro de ese deporte en el Chaco, mezcl\u00e1ndose con los mejores de la d\u00e9cada del 50. A fines de los cuarenta debut\u00f3 con una moto Royal Enfield de 350 cc, inglesa. Fue debut y gloria, en el circuito alrededor del Parque Per\u00f3n, hoy Parque 2 de Febrero. Durante cinco a\u00f1os gan\u00f3 m\u00faltiples copas y campeonatos corriendo en Corrientes, Misiones, norte de Santa Fe e interior del Chaco Fue m\u00fasico conformando el grupo de los Hermanos Valdez junto a Coco y Charles. Su m\u00fasica era variada como tangos, milongas, boleros, valses, m\u00fasica internacional, etc. y se pasea ron por los m\u00e1s renombrados clubes o pistas bailables, como et Club Social, el Progreso, la Italiana, la Espa\u00f1ola, Bar Les Bancos, El Prado Asturiano y Club de Regatas. Su otro oficio fue ser piloto de avi\u00f3n de la Ca Tabacalera Panda.<\/p>\n<p><strong>1986 <\/strong>\/ En su permanente crecimiento, Uni\u00f3n Progresista inaugura una moderna confiter\u00eda en su sede, que cumplir\u00e1 con uno de sus objetivos, que es la vida social.<\/p>\n<p><strong>1986 <\/strong>\/ Asume la presidencia de Chaco For Ever el empresario Juan Alberto Garc\u00eda, bajo cuya presidencia se inauguran las tribunas de cemento (18 de octubre de 1986) en el estadio que luego pas\u00f3 a tener su nombre. Lo acompa\u00f1an como vice Oscar Ojeda Farana y Abraham Rabinovich; secretario Ra\u00fal Portillo y tesorero Francisco Vescera.<\/p>\n<p><strong>2007 <\/strong>\/ La jugadora de Hurac\u00e1n Las Bre\u00f1as, M\u00f3nica Fr\u00edas, es convocada para los compromisos internacionales que realizar\u00e1 la Selecci\u00f3n Argentina Juvenil de v\u00f3leibol, entre el 4 al 10 de junio, por la provincia de Santa Fe, enfrentando a su similar de Puerto Rico. Dirige al conjunto nacional el profesor Oscar Romano.<\/p>\n<p><strong>23011 <\/strong>\/ En el marco del Proyecto Centenario, el Club Sarmiento inaugura obras: la tercera cancha de tenis con tribunas e iluminaci\u00f3n. El Gimnasio de Musculaci\u00f3n, Fitness y Spinning, con la presentaci\u00f3n de las modernas maquinarias. Tambi\u00e9n el segundo gimnasio cubierto, aleda\u00f1o al mini estadio Ra\u00fal Alejo Gronda. Tiene en su superficie total piso flotante, apto para la pr\u00e1ctica de b\u00e1squetbol, v\u00f3ley y handball, entre otros deportes. Finalmente se puso en marcha la FM Radio Sarmiento.<\/p>\n<p><strong>Foto portada de Juan Alberto Garc\u00eda<\/strong><\/p>\n<p>&nbsp;<\/p>\n<p><img loading=\"lazy\" decoding=\"async\" class=\"alignnone size-full wp-image-9591\" src=\"https:\/\/www.sportchaco.com.ar\/wp-content\/uploads\/2024\/05\/gob-salud-marzo-apaisado-2-2.gif\" alt=\"\" width=\"250\" height=\"250\" \/><\/p>\n","protected":false},"excerpt":{"rendered":"<p>3622Esta es la Efem\u00e9rides del Deporte en el Chaco de un 23 de mayo del periodista Luis Dar\u00edo Molodezky. 1925 \/ Nace en Roberts, Buenos Aires, Edgardo Valdez quien lleg\u00f3 a Barranqueras en 1940. Fue un destacado motociclista de la \u00e9poca de oro de ese deporte en el Chaco, mezcl\u00e1ndose con los mejores de la &hellip;<\/p>\n","protected":false},"author":2,"featured_media":9716,"comment_status":"open","ping_status":"open","sticky":false,"template":"","format":"standard","meta":{"footnotes":""},"categories":[45,35],"tags":[],"class_list":["post-9715","post","type-post","status-publish","format-standard","has-post-thumbnail","hentry","category-efemerides-dia-por-dia","category-mayo"],"_links":{"self":[{"href":"https:\/\/www.sportchaco.com.ar\/index.php?rest_route=\/wp\/v2\/posts\/9715","targetHints":{"allow":["GET"]}}],"collection":[{"href":"https:\/\/www.sportchaco.com.ar\/index.php?rest_route=\/wp\/v2\/posts"}],"about":[{"href":"https:\/\/www.sportchaco.com.ar\/index.php?rest_route=\/wp\/v2\/types\/post"}],"author":[{"embeddable":true,"href":"https:\/\/www.sportchaco.com.ar\/index.php?rest_route=\/wp\/v2\/users\/2"}],"replies":[{"embeddable":true,"href":"https:\/\/www.sportchaco.com.ar\/index.php?rest_route=%2Fwp%2Fv2%2Fcomments&post=9715"}],"version-history":[{"count":3,"href":"https:\/\/www.sportchaco.com.ar\/index.php?rest_route=\/wp\/v2\/posts\/9715\/revisions"}],"predecessor-version":[{"id":9739,"href":"https:\/\/www.sportchaco.com.ar\/index.php?rest_route=\/wp\/v2\/posts\/9715\/revisions\/9739"}],"wp:featuredmedia":[{"embeddable":true,"href":"https:\/\/www.sportchaco.com.ar\/index.php?rest_route=\/wp\/v2\/media\/9716"}],"wp:attachment":[{"href":"https:\/\/www.sportchaco.com.ar\/index.php?rest_route=%2Fwp%2Fv2%2Fmedia&parent=9715"}],"wp:term":[{"taxonomy":"category","embeddable":true,"href":"https:\/\/www.sportchaco.com.ar\/index.php?rest_route=%2Fwp%2Fv2%2Fcategories&post=9715"},{"taxonomy":"post_tag","embeddable":true,"href":"https:\/\/www.sportchaco.com.ar\/index.php?rest_route=%2Fwp%2Fv2%2Ftags&post=9715"}],"curies":[{"name":"wp","href":"https:\/\/api.w.org\/{rel}","templated":true}]}}