{"id":9725,"date":"2024-05-22T22:41:34","date_gmt":"2024-05-23T01:41:34","guid":{"rendered":"https:\/\/www.sportchaco.com.ar\/?p=9725"},"modified":"2024-05-22T22:41:34","modified_gmt":"2024-05-23T01:41:34","slug":"desocha-llevo-adelante-la-primera-jornada-de-encuentro-recreativo-y-deportivo-adaptado","status":"publish","type":"post","link":"https:\/\/www.sportchaco.com.ar\/?p=9725","title":{"rendered":"Desocha llev\u00f3 adelante la primera jornada de encuentro recreativo y deportivo adaptado"},"content":{"rendered":"<p><strong>22-05-2024<\/strong><\/p>\n<p>La Fundaci\u00f3n Deportiva Social Chaco en conjunto con el Ministerio de Educaci\u00f3n llevaron a cabo la primera jornada del encuentro recreativo y deportivo adaptado destinado a personas con discapacidad escolarizados y no escolarizados.<\/p>\n<p>En esta oportunidad asistieron alrededor de 360 personas con discapacidad que realizaron actividades deportivas, recreativas y culturales de las siguientes localidades Resistencia, Barranqueras, Puerto Vilelas, Fontana, General San Mart\u00edn, S\u00e1enz Pe\u00f1a y Quitilipi.<\/p>\n<p><img loading=\"lazy\" decoding=\"async\" class=\"size-medium wp-image-9726 aligncenter\" src=\"https:\/\/www.sportchaco.com.ar\/wp-content\/uploads\/2024\/05\/IMG_20240522_104744539-300x226.jpg\" alt=\"\" width=\"300\" height=\"226\" srcset=\"https:\/\/www.sportchaco.com.ar\/wp-content\/uploads\/2024\/05\/IMG_20240522_104744539-300x226.jpg 300w, https:\/\/www.sportchaco.com.ar\/wp-content\/uploads\/2024\/05\/IMG_20240522_104744539-768x578.jpg 768w, https:\/\/www.sportchaco.com.ar\/wp-content\/uploads\/2024\/05\/IMG_20240522_104744539.jpg 851w\" sizes=\"auto, (max-width: 300px) 100vw, 300px\" \/><\/p>\n<p>En el encuentro estuvieron presente la secretaria general de Gobierno, Carolina Beatriz Meiri\u00f1o, supervisores de Educaci\u00f3n F\u00edsica en representaci\u00f3n de la Direcci\u00f3n de Educaci\u00f3n F\u00edsica, integrantes del equipo t\u00e9cnico de la Direcci\u00f3n de Educaci\u00f3n Especial, subsecretario de deportes municipal, Fabi\u00e1n Maffei, subsecretar\u00eda de acci\u00f3n comunitaria, Patricia Romero, subsecretar\u00eda de desarrollo social, Yesica Meza de la Direcci\u00f3n de la Municipalidad de Resistencia; tambi\u00e9n estuvo el presidente de la Fundaci\u00f3n Desocha, Marcelo Gonz\u00e1lez, que disfrutaron junto a todos los participantes gratos momentos.<\/p>\n<p>La idea de Desocha y el Ministerio de Educaci\u00f3n de la provincia es realizar dichas actividades una vez al mes para fortalecer los v\u00ednculos del deporte adaptado del Chaco.<\/p>\n<p>Desde la organizaci\u00f3n del evento, queremos agradecer al IESEF y al colegio \u201cEmilio Lamarca\u201d que colaboraron con sus estudiantes para realizar diversas actividades que le sirven de pr\u00e1ctica profesionalizante para sus carreras de estudios. Sigamos rompiendo barreras y apoyando al deporte adaptado.<\/p>\n<p><img loading=\"lazy\" decoding=\"async\" class=\"size-full wp-image-9671 aligncenter\" src=\"https:\/\/www.sportchaco.com.ar\/wp-content\/uploads\/2024\/05\/Nachec1-200x200-1.gif\" alt=\"\" width=\"200\" height=\"200\" \/><\/p>\n","protected":false},"excerpt":{"rendered":"<p>22-05-2024 La Fundaci\u00f3n Deportiva Social Chaco en conjunto con el Ministerio de Educaci\u00f3n llevaron a cabo la primera jornada del encuentro recreativo y deportivo adaptado destinado a personas con discapacidad escolarizados y no escolarizados. En esta oportunidad asistieron alrededor de 360 personas con discapacidad que realizaron actividades deportivas, recreativas y culturales de las siguientes localidades &hellip;<\/p>\n","protected":false},"author":3,"featured_media":9727,"comment_status":"open","ping_status":"open","sticky":false,"template":"","format":"standard","meta":{"footnotes":""},"categories":[8],"tags":[],"class_list":["post-9725","post","type-post","status-publish","format-standard","has-post-thumbnail","hentry","category-sport-nea"],"_links":{"self":[{"href":"https:\/\/www.sportchaco.com.ar\/index.php?rest_route=\/wp\/v2\/posts\/9725","targetHints":{"allow":["GET"]}}],"collection":[{"href":"https:\/\/www.sportchaco.com.ar\/index.php?rest_route=\/wp\/v2\/posts"}],"about":[{"href":"https:\/\/www.sportchaco.com.ar\/index.php?rest_route=\/wp\/v2\/types\/post"}],"author":[{"embeddable":true,"href":"https:\/\/www.sportchaco.com.ar\/index.php?rest_route=\/wp\/v2\/users\/3"}],"replies":[{"embeddable":true,"href":"https:\/\/www.sportchaco.com.ar\/index.php?rest_route=%2Fwp%2Fv2%2Fcomments&post=9725"}],"version-history":[{"count":2,"href":"https:\/\/www.sportchaco.com.ar\/index.php?rest_route=\/wp\/v2\/posts\/9725\/revisions"}],"predecessor-version":[{"id":10226,"href":"https:\/\/www.sportchaco.com.ar\/index.php?rest_route=\/wp\/v2\/posts\/9725\/revisions\/10226"}],"wp:featuredmedia":[{"embeddable":true,"href":"https:\/\/www.sportchaco.com.ar\/index.php?rest_route=\/wp\/v2\/media\/9727"}],"wp:attachment":[{"href":"https:\/\/www.sportchaco.com.ar\/index.php?rest_route=%2Fwp%2Fv2%2Fmedia&parent=9725"}],"wp:term":[{"taxonomy":"category","embeddable":true,"href":"https:\/\/www.sportchaco.com.ar\/index.php?rest_route=%2Fwp%2Fv2%2Fcategories&post=9725"},{"taxonomy":"post_tag","embeddable":true,"href":"https:\/\/www.sportchaco.com.ar\/index.php?rest_route=%2Fwp%2Fv2%2Ftags&post=9725"}],"curies":[{"name":"wp","href":"https:\/\/api.w.org\/{rel}","templated":true}]}}