{"id":9740,"date":"2024-05-22T23:45:01","date_gmt":"2024-05-23T02:45:01","guid":{"rendered":"https:\/\/www.sportchaco.com.ar\/?p=9740"},"modified":"2024-05-22T23:45:01","modified_gmt":"2024-05-23T02:45:01","slug":"doncic-jokic-tatum-giannis-y-gilgeous-alexander-en-el-primer-equipo-all-nba-del-ano","status":"publish","type":"post","link":"https:\/\/www.sportchaco.com.ar\/?p=9740","title":{"rendered":"Doncic, Jokic, Tatum, Giannis y Gilgeous-Alexander, en el primer equipo All-NBA del a\u00f1o"},"content":{"rendered":"<header class=\"caas-header\">\n<div class=\"caas-title-wrapper\">\n<h1 data-test-locator=\"headline\"><\/h1>\n<h6 data-test-locator=\"headline\"><time class=\"\" datetime=\"2024-05-23T01:57:54.000Z\">22-05-2024<\/time><\/h6>\n<h4 id=\"caas-lead-header-66b858f1-450b-3441-9a8a-5a652457e6ed\" data-test-locator=\"headline\">El esloveno Luka Doncic, el serbio Nikola Jokic, el griego Giannis Antetokounmpo, el canadiense Shai Gilgeous Alexander y el estadounidense Jayson Tatum figuran este mi\u00e9rcoles en el primer equipo All-NBA del a\u00f1o.<\/h4>\n<\/div>\n<\/header>\n<div class=\"caas-content-byline-wrapper\">\n<div class=\"caas-attr\">\n<div class=\"caas-attr-meta\">\n<div class=\"caas-attr-item-author\"><\/div>\n<div class=\"caas-attr-time-style\"><\/div>\n<\/div>\n<\/div>\n<div class=\"caas-content-contain-share\"><\/div>\n<\/div>\n<div class=\"caas-body-wrapper\">\n<div class=\"caas-body-inner-wrapper\">\n<div class=\"caas-body-section\">\n<div class=\"caas-content\">\n<div class=\"caas-content-wrapper\">\n<div class=\"caas-body-content\">\n<div class=\"caas-inner-body\">\n<figure class=\"caas-figure caas-cover\">\n<div class=\"caas-figure-with-pb\">\n<div>\n<div class=\"caas-img-container caas-img-lightbox\" data-lightbox-src=\"https:\/\/s.yimg.com\/ny\/api\/res\/1.2\/afM8dnlxueluZg5zYRpSxA--\/YXBwaWQ9aGlnaGxhbmRlcjt3PTI0MDA7aD0xNjAwO2NmPXdlYnA-\/https:\/\/media.zenfs.com\/es\/efe.es\/44ba0c612fa05edb91f56420fe499ba7\"><span class=\"caas-img-wrapper\"><img decoding=\"async\" class=\"caas-img\" src=\"https:\/\/s.yimg.com\/ny\/api\/res\/1.2\/nUI.1Au9.3ujy2jnY06Z0Q--\/YXBwaWQ9aGlnaGxhbmRlcjt3PTEyNDI7aD04Mjg7Y2Y9d2VicA--\/https:\/\/media.zenfs.com\/es\/efe.es\/44ba0c612fa05edb91f56420fe499ba7\" data-src=\"https:\/\/s.yimg.com\/ny\/api\/res\/1.2\/nUI.1Au9.3ujy2jnY06Z0Q--\/YXBwaWQ9aGlnaGxhbmRlcjt3PTEyNDI7aD04Mjg7Y2Y9d2VicA--\/https:\/\/media.zenfs.com\/es\/efe.es\/44ba0c612fa05edb91f56420fe499ba7\" \/><button class=\"link caas-lightbox\" aria-label=\"Ver imagen ampliada\" data-ylk=\"sec:image-lightbox;slk:lightbox-open;elm:expand;itc:1\" data-rapid_p=\"8\" data-v9y=\"0\"><\/button><\/span><\/div>\n<\/div>\n<\/div>\n<\/figure>\n<div class=\"caas-body\">\n<p>&nbsp;<\/p>\n<p>Doncic, de los Dallas Mavericks, y Tatum, de los Boston Celtics, son los \u00fanicos jugadores que todav\u00eda siguen en la pelea por el anillo.<\/p>\n<p>Doncic lidera a los Mavs en las finales de la Conferencia Oeste contra los Minnesota Timberwolves, mientras que Tatum se est\u00e1 jugando las finales del Este con los Celtics contra los Indiana Pacers.<\/p>\n<p>El segundo equipo All-NBA del a\u00f1o est\u00e1 integrado por Jalen Brunson (New York Knicks), Anthony Davis (Los \u00c1ngeles Lakers), Kevin Durant (Phoenix Suns), Anthony Edwards (Minnesota Timberwolves) y Kawhi Leonard (Los \u00c1ngeles Clippers).<\/p>\n<p>El tercer equipo All-NBA del a\u00f1o est\u00e1 formado por Devin Booker (Suns), Steph Curry (Golden State Warriors), Tyrese Haliburton (Indiana Pacers), LeBron James (Lakers) y Domantas Sabonis (Sacramento Kings). Yahoo.com<\/p>\n<\/div>\n<p>Foto portada: Luka Doncic<\/p>\n<p><img loading=\"lazy\" decoding=\"async\" class=\"alignnone size-full wp-image-9571\" src=\"https:\/\/www.sportchaco.com.ar\/wp-content\/uploads\/2024\/05\/gob-salud-marzo-apaisado-2-1.gif\" alt=\"\" width=\"250\" height=\"250\" \/><\/p>\n<p>&nbsp;<\/p>\n<\/div>\n<\/div>\n<\/div>\n<\/div>\n<\/div>\n<\/div>\n<\/div>\n","protected":false},"excerpt":{"rendered":"<p>22-05-2024 El esloveno Luka Doncic, el serbio Nikola Jokic, el griego Giannis Antetokounmpo, el canadiense Shai Gilgeous Alexander y el estadounidense Jayson Tatum figuran este mi\u00e9rcoles en el primer equipo All-NBA del a\u00f1o. &nbsp; Doncic, de los Dallas Mavericks, y Tatum, de los Boston Celtics, son los \u00fanicos jugadores que todav\u00eda siguen en la pelea &hellip;<\/p>\n","protected":false},"author":2,"featured_media":9741,"comment_status":"open","ping_status":"open","sticky":false,"template":"","format":"standard","meta":{"footnotes":""},"categories":[3],"tags":[],"class_list":["post-9740","post","type-post","status-publish","format-standard","has-post-thumbnail","hentry","category-basquetbol"],"_links":{"self":[{"href":"https:\/\/www.sportchaco.com.ar\/index.php?rest_route=\/wp\/v2\/posts\/9740","targetHints":{"allow":["GET"]}}],"collection":[{"href":"https:\/\/www.sportchaco.com.ar\/index.php?rest_route=\/wp\/v2\/posts"}],"about":[{"href":"https:\/\/www.sportchaco.com.ar\/index.php?rest_route=\/wp\/v2\/types\/post"}],"author":[{"embeddable":true,"href":"https:\/\/www.sportchaco.com.ar\/index.php?rest_route=\/wp\/v2\/users\/2"}],"replies":[{"embeddable":true,"href":"https:\/\/www.sportchaco.com.ar\/index.php?rest_route=%2Fwp%2Fv2%2Fcomments&post=9740"}],"version-history":[{"count":1,"href":"https:\/\/www.sportchaco.com.ar\/index.php?rest_route=\/wp\/v2\/posts\/9740\/revisions"}],"predecessor-version":[{"id":9742,"href":"https:\/\/www.sportchaco.com.ar\/index.php?rest_route=\/wp\/v2\/posts\/9740\/revisions\/9742"}],"wp:featuredmedia":[{"embeddable":true,"href":"https:\/\/www.sportchaco.com.ar\/index.php?rest_route=\/wp\/v2\/media\/9741"}],"wp:attachment":[{"href":"https:\/\/www.sportchaco.com.ar\/index.php?rest_route=%2Fwp%2Fv2%2Fmedia&parent=9740"}],"wp:term":[{"taxonomy":"category","embeddable":true,"href":"https:\/\/www.sportchaco.com.ar\/index.php?rest_route=%2Fwp%2Fv2%2Fcategories&post=9740"},{"taxonomy":"post_tag","embeddable":true,"href":"https:\/\/www.sportchaco.com.ar\/index.php?rest_route=%2Fwp%2Fv2%2Ftags&post=9740"}],"curies":[{"name":"wp","href":"https:\/\/api.w.org\/{rel}","templated":true}]}}