{"id":9782,"date":"2024-05-24T10:53:58","date_gmt":"2024-05-24T13:53:58","guid":{"rendered":"https:\/\/www.sportchaco.com.ar\/?p=9782"},"modified":"2024-05-24T10:53:58","modified_gmt":"2024-05-24T13:53:58","slug":"barcelona-despidio-a-xavi-hernandez","status":"publish","type":"post","link":"https:\/\/www.sportchaco.com.ar\/?p=9782","title":{"rendered":"Barcelona despidi\u00f3 a Xavi Hern\u00e1ndez"},"content":{"rendered":"<h1><\/h1>\n<h5><time datetime=\"2024-05-24T10:48:12-03:00\">24\/05\/2024<\/time><\/h5>\n<h4>Barcelona despidi\u00f3 a Xavi Hern\u00e1ndez. Luego de cruce entre el director t\u00e9cnico con el presidente Joan Laporta, el club tom\u00f3 la decisi\u00f3n de terminar su v\u00ednculo. Su reemplazante ser\u00eda Hansi Flick.<\/h4>\n<div class=\"article-info\">\n<div class=\"article-info-left\">\n<div class=\"article-autor-info\">\n<div class=\"article-autor-name\"><\/div>\n<\/div>\n<\/div>\n<\/div>\n<figure class=\"rat16x9\"><img decoding=\"async\" title=\"Xavi Hern\u00e1ndez Barcelona\" src=\"https:\/\/media.tycsports.com\/files\/2024\/05\/24\/721377\/xavi-hernandez-barcelona_416x234.webp?v=1\" srcset=\"https:\/\/media.tycsports.com\/files\/2024\/05\/24\/721377\/xavi-hernandez-barcelona_416x234.webp?v=1 480w ,https:\/\/media.tycsports.com\/files\/2024\/05\/24\/721377\/xavi-hernandez-barcelona_862x485.webp?v=1 1080w \" alt=\"Xavi Hern\u00e1ndez Barcelona\" \/><figcaption>Xavi Hern\u00e1ndez fue despedido como director t\u00e9cnico de Barcelona. (TyC Sports)<\/figcaption><\/figure>\n<p class=\"capital\"><strong>En medio de una temporada turbulenta,\u00a0Xavi Hern\u00e1ndez\u00a0hab\u00eda anunciado que no renovar\u00eda, pero tiempo despu\u00e9s revirti\u00f3 su decisi\u00f3n y<span style=\"color: #000000;\">\u00a0<a style=\"color: #000000;\" href=\"https:\/\/www.tycsports.com\/espana\/la-liga\/xavi-explico-por-que-cambio-de-opinion-y-se-quedara-en-barcelona-id580165.html\" target=\"_blank\" rel=\"noopener\">confirm\u00f3 que seguir\u00eda<\/a>.<\/span> Sin embargo, unas declaraciones que\u00a0hicieron enojar a Joan Laporta\u00a0le pusieron fin a su ciclo y\u00a0este viernes el conjunto Cul\u00e9 anunci\u00f3 oficialmente su despido.\u00a0<\/strong><\/p>\n<div class=\"watchto-wrap\">\n<div class=\"watchto\">\n<div class=\"watchto-text\"><\/div>\n<div class=\"watchto-btn-view\"><\/div>\n<\/div>\n<\/div>\n<p><i>\u00abEl presidente del FC Barcelona, \u200b\u200bJoan Laporta, ha comunicado este mediod\u00eda a Xavi Hern\u00e1ndez que no continuar\u00e1 como entrenador del primer equipo en la temporada 2024-25\u00bb<\/i>, inform\u00f3 el club en un comunicado oficial. El DT estar\u00e1 presente ante\u00a0Sevilla\u00a0y luego se ir\u00e1.\u00a0<i>\u00abEn los pr\u00f3ximos d\u00edas, el FC Barcelona informar\u00e1 de la nueva estructura del primer equipo\u00bb,<\/i>\u00a0completaron. Seg\u00fan informaron medios catalanes,\u00a0su reemplazante ser\u00e1 Hansi Flick, ex-DT de\u00a0Bayern M\u00fanich y la Selecci\u00f3n de Alemania.<\/p>\n<h2>Xavi hab\u00eda sido ratificado en Barcelona hace un mes<\/h2>\n<p>&nbsp;<\/p>\n<p>En medio de la temporada, las cosas no iban bien para\u00a0Barcelona, que ya hab\u00eda quedado lejos de\u00a0Real Madrid\u00a0en La\u00a0Liga\u00a0y eliminado prematuramente de la\u00a0Copa del Rey.\u00a0Es por eso que<a href=\"https:\/\/www.tycsports.com\/espana\/la-liga\/bombazo-xavi-se-ira-del-barcelona-id560898.html\" target=\"_blank\" rel=\"noopener\">\u00a0Xavi Hern\u00e1ndez hab\u00eda anunciado que se ir\u00eda del club a mediados de 2024.<\/a>\u00a0Sin embargo, el buen rendimiento del equipo en la\u00a0Champions League\u00a0y la clara mejor\u00eda en el torneo dom\u00e9stico lo hicieron cambiar de opini\u00f3n y\u00a0el 25 de abril confirm\u00f3 que cumplir\u00eda su contrato hasta junio de 2025.<\/p>\n<p>&nbsp;<\/p>\n<section class=\"fluidMedia\">\n<div id=\"video-genoa-708641\" class=\"player-nota-wrapper genoa-async lazycontainer\" data-contentid=\"1609626\" data-share=\"https:\/\/www.tycsports.com\/espana\/la-liga\/barcelona-despidio-a-xavi-hernandez-id586658.html\">\n<div class=\"player-nota-overlay\">\n<h3><\/h3>\n<\/div>\n<\/div>\n<\/section>\n<p><strong>De todas maneras, en conferencia de prensa previa al choque contra Almer\u00eda del jueves 16 de mayo delcar\u00f3 que<i>\u00a0\u00abser\u00e1 dif\u00edcil competir con el Real Madrid porque la situaci\u00f3n econ\u00f3mica del club hace m\u00e1s complicado reforzar al equipo\u00bb<\/i>\u00a0a diferencia de a\u00f1os anteriores. Estos dichos\u00a0no gustaron nada al Presidente, Joan Laporta, quien finalmente\u00a0tom\u00f3 la decisi\u00f3n de echarlo.<\/strong><\/p>\n<div class=\"watchto-wrap\">\n<div class=\"watchto\"><\/div>\n<\/div>\n<h2>Hansi Flick ser\u00eda el reemplazante de Xavi en Barcelona<\/h2>\n<p>&nbsp;<\/p>\n<p>Mientras terminaban de decidir la salida de\u00a0Xavi Hern\u00e1ndez, los dirigentes de\u00a0Barcelona\u00a0comenzaron a moverse para cerrar r\u00e1pido a un reemplazante y, seg\u00fan informan medios catalantes,\u00a0el sucesor ser\u00e1 Hansi Flick. El alem\u00e1n de 59 a\u00f1os, comenz\u00f3 su carrera como DT en\u00a0Victoria Bammental\u00a0y luego pas\u00f3 al\u00a0Hoffenheim\u00a0hasta que en 2005 fue despedido. A partir de all\u00ed,\u00a0pas\u00f3 a ser ayudante de campo, primero en\u00a0Red Bull Salzburgo de Austria\u00a0y desde 2006 como\u00a0asistente de Joachim L\u00f6w en la Selecci\u00f3n de Alemania\u00a0y fue campe\u00f3n del\u00a0Mundial de Brasil 2014.<\/p>\n<p>&nbsp;<\/p>\n<figure class=\"w-100\"><img decoding=\"async\" title=\"Hansi Flick Bayern M\u00fanich\" src=\"https:\/\/media.tycsports.com\/files\/2024\/05\/24\/721383\/hansi-flick-bayern-munich_w416.webp\" srcset=\"https:\/\/media.tycsports.com\/files\/2024\/05\/24\/721383\/hansi-flick-bayern-munich_w416.webp 480w, https:\/\/media.tycsports.com\/files\/2024\/05\/24\/721383\/hansi-flick-bayern-munich_w862.webp 1080w\" alt=\"Hansi Flick Bayern M\u00fanich\" data-src=\"https:\/\/media.tycsports.com\/files\/2024\/05\/24\/721383\/hansi-flick-bayern-munich_w416.webp\" data-srcset=\"https:\/\/media.tycsports.com\/files\/2024\/05\/24\/721383\/hansi-flick-bayern-munich_w416.webp 480w, https:\/\/media.tycsports.com\/files\/2024\/05\/24\/721383\/hansi-flick-bayern-munich_w862.webp 1080w\" \/><figcaption>Hansi Flick gan\u00f3 siete t\u00edtulos en Bayern M\u00fanich, incluido el sextete en 2020. (Alexander Hassenstein\/Getty Images)<\/figcaption><\/figure>\n<p>Ese mismo a\u00f1o renunci\u00f3 a su puesto para asumir como director deportivo de la<b>\u00a0Federaci\u00f3n Alemana de F\u00fatbol\u00a0<\/b>hasta 2019, cuando termin\u00f3 su contrato y volvi\u00f3 a dirigir, nada m\u00e1s y nada menos que en\u00a0<b>Bayern M\u00fanich<\/b>, donde en 2020 gan\u00f3<b>\u00a0el sextete con la Bundesliga, Copa de Alemania, Supercopa de Alemania, Champions League, Mundial de Clubes y Supercopa de Europa.<\/b>\u00a0Al a\u00f1o siguiente volvi\u00f3 a coronar en liga y luego<b>\u00a0fue llamado por el combinado nacional alem\u00e1n<\/b>. Sin embargo,\u00a0<b>no pas\u00f3 la fase de grupos en el Mundial de Qatar 2022\u00a0<\/b>y, un a\u00f1o m\u00e1s tarde,<b>\u00a0tras caer 4-1 en un amistoso con Jap\u00f3n, lo despidieron y desde entonces est\u00e1 libre.<\/b><\/p>\n<p><img loading=\"lazy\" decoding=\"async\" class=\"alignnone size-medium wp-image-9746\" src=\"https:\/\/www.sportchaco.com.ar\/wp-content\/uploads\/2024\/05\/Mosquitos-aviso-240x300.jpeg\" alt=\"\" width=\"240\" height=\"300\" srcset=\"https:\/\/www.sportchaco.com.ar\/wp-content\/uploads\/2024\/05\/Mosquitos-aviso-240x300.jpeg 240w, https:\/\/www.sportchaco.com.ar\/wp-content\/uploads\/2024\/05\/Mosquitos-aviso-819x1024.jpeg 819w, https:\/\/www.sportchaco.com.ar\/wp-content\/uploads\/2024\/05\/Mosquitos-aviso-768x960.jpeg 768w, https:\/\/www.sportchaco.com.ar\/wp-content\/uploads\/2024\/05\/Mosquitos-aviso.jpeg 1080w\" sizes=\"auto, (max-width: 240px) 100vw, 240px\" \/><\/p>\n","protected":false},"excerpt":{"rendered":"<p>24\/05\/2024 Barcelona despidi\u00f3 a Xavi Hern\u00e1ndez. Luego de cruce entre el director t\u00e9cnico con el presidente Joan Laporta, el club tom\u00f3 la decisi\u00f3n de terminar su v\u00ednculo. Su reemplazante ser\u00eda Hansi Flick. Xavi Hern\u00e1ndez fue despedido como director t\u00e9cnico de Barcelona. (TyC Sports) En medio de una temporada turbulenta,\u00a0Xavi Hern\u00e1ndez\u00a0hab\u00eda anunciado que no renovar\u00eda, pero &hellip;<\/p>\n","protected":false},"author":2,"featured_media":9783,"comment_status":"open","ping_status":"open","sticky":false,"template":"","format":"standard","meta":{"footnotes":""},"categories":[6],"tags":[],"class_list":["post-9782","post","type-post","status-publish","format-standard","has-post-thumbnail","hentry","category-internacionales"],"_links":{"self":[{"href":"https:\/\/www.sportchaco.com.ar\/index.php?rest_route=\/wp\/v2\/posts\/9782","targetHints":{"allow":["GET"]}}],"collection":[{"href":"https:\/\/www.sportchaco.com.ar\/index.php?rest_route=\/wp\/v2\/posts"}],"about":[{"href":"https:\/\/www.sportchaco.com.ar\/index.php?rest_route=\/wp\/v2\/types\/post"}],"author":[{"embeddable":true,"href":"https:\/\/www.sportchaco.com.ar\/index.php?rest_route=\/wp\/v2\/users\/2"}],"replies":[{"embeddable":true,"href":"https:\/\/www.sportchaco.com.ar\/index.php?rest_route=%2Fwp%2Fv2%2Fcomments&post=9782"}],"version-history":[{"count":1,"href":"https:\/\/www.sportchaco.com.ar\/index.php?rest_route=\/wp\/v2\/posts\/9782\/revisions"}],"predecessor-version":[{"id":9784,"href":"https:\/\/www.sportchaco.com.ar\/index.php?rest_route=\/wp\/v2\/posts\/9782\/revisions\/9784"}],"wp:featuredmedia":[{"embeddable":true,"href":"https:\/\/www.sportchaco.com.ar\/index.php?rest_route=\/wp\/v2\/media\/9783"}],"wp:attachment":[{"href":"https:\/\/www.sportchaco.com.ar\/index.php?rest_route=%2Fwp%2Fv2%2Fmedia&parent=9782"}],"wp:term":[{"taxonomy":"category","embeddable":true,"href":"https:\/\/www.sportchaco.com.ar\/index.php?rest_route=%2Fwp%2Fv2%2Fcategories&post=9782"},{"taxonomy":"post_tag","embeddable":true,"href":"https:\/\/www.sportchaco.com.ar\/index.php?rest_route=%2Fwp%2Fv2%2Ftags&post=9782"}],"curies":[{"name":"wp","href":"https:\/\/api.w.org\/{rel}","templated":true}]}}